{"id":644026,"date":"2025-10-16T16:08:46","date_gmt":"2025-10-16T20:08:46","guid":{"rendered":"https:\/\/diariodominicano.com\/?p=644026"},"modified":"2025-10-17T01:54:31","modified_gmt":"2025-10-17T05:54:31","slug":"condena-de-20-anos-de-prision-contra-hombre-que-mato-a-un-oficial-de-la-policia-en-sde","status":"publish","type":"post","link":"https:\/\/diariodominicano.com\/?p=644026","title":{"rendered":"Condenado a 20 a\u00f1os de prisi\u00f3n un hombre que mat\u00f3 a un oficial de la Polic\u00eda en SDE"},"content":{"rendered":"\n<p><strong>SANTO DOMINGO (Rep\u00fablica Dominicana).-<\/strong>&nbsp;Acogiendo la solicitud del Ministerio P\u00fablico, un tribunal de Santo Domingo Este conden\u00f3 a 20 a\u00f1os de prisi\u00f3n a un hombre por el asesinato de un segundo teniente de la Polic\u00eda Nacional, en un hecho ocurrido en el a\u00f1o 2021, en el sector La Esperanza, de Villa Faro, en el municipio Santo Domingo Este.<\/p>\n\n\n\n<p>Los fiscales litigantes Ignacio Rojas y Alexis Casado aportaron las pruebas que demostraron la responsabilidad penal de Alvi Grand B\u00e1ez Guzm\u00e1n (Albin), en el asesinato del segundo teniente policial Anderson Lewis Rosario P\u00e9rez y las heridas causadas a su compa\u00f1ero Rayfel Reyes Ventura.<\/p>\n\n\n\n<p>En el juicio, el Ministerio P\u00fablico demostr\u00f3 que las acciones del procesado constituyen una falta a los art\u00edculos 295 y 304 del C\u00f3digo Penal dominicano, que tipifican y sancionan el homicidio voluntario.<\/p>\n\n\n\n<p>El expediente, instrumentado por la fiscal investigadora Ivette Mateo, revela que el hecho ocurri\u00f3 la noche del 18 de julio del a\u00f1o 2021, alrededor de las 11:45 de la noche, mientras la v\u00edctima compart\u00eda con su amigo Rayfel Reyes Ventura en un centro de diversi\u00f3n ubicado en el indicado sector.<\/p>\n\n\n\n<p>En el lugar se produjo una pelea entre dos clientes durante la cual el ahora condenado sac\u00f3 un arma de fuego y realiz\u00f3 dos disparos al aire, acci\u00f3n ante la cual el oficial intervino, origin\u00e1ndose en ese momento una discusi\u00f3n entre ambos, en medio de la cual el agresor lo atac\u00f3 e hiri\u00f3 de bala, ocasion\u00e1ndole la muerte.<\/p>\n\n\n\n<p>Durante el ataque, el hoy condenado tambi\u00e9n hiri\u00f3 a Reyes Ventura. Su accionar qued\u00f3 registrado en las c\u00e1maras de seguridad del local.<\/p>\n\n\n\n<p>Por decisi\u00f3n del Primer Tribunal Colegiado, integrado por los jueces Elizabeth Esperanza Rodr\u00edguez Espinal, Flor E. Batista Polo y Jos\u00e9 Leonel Asencio Quezada, el procesado deber\u00e1 cumplir la condena en la Penitenciar\u00eda Nacional de La Victoria.<\/p>\n\n\n\n<p><strong>Direcci\u00f3n General de Comunicaci\u00f3n, Prensa y RRPP<\/strong><\/p>\n\n\n\n<p><strong>Ministerio P\u00fablico RD<\/strong><\/p>\n\n\n\n<p>Comunicaciones PGR <a href=\"mailto:comunicaciones@pgr.gob.do\">comunicaciones@pgr.gob.do<\/a><\/p>\n","protected":false},"excerpt":{"rendered":"<p>SANTO DOMINGO (Rep\u00fablica Dominicana).-&nbsp;Acogiendo la solicitud del Ministerio P\u00fablico, un tribunal de Santo Domingo Este conden\u00f3 a 20 a\u00f1os de prisi\u00f3n a un hombre por el asesinato de un segundo teniente de la Polic\u00eda Nacional, en un hecho ocurrido en el a\u00f1o 2021, en el sector La Esperanza, de Villa Faro, en el municipio Santo [&hellip;]<\/p>\n","protected":false},"author":7,"featured_media":610923,"comment_status":"closed","ping_status":"closed","sticky":false,"template":"","format":"standard","meta":{"footnotes":""},"categories":[24,27],"tags":[171],"class_list":["post-644026","post","type-post","status-publish","format-standard","has-post-thumbnail","hentry","category-justicia-y-derecho","category-portada","tag-ministerio-publico"],"_links":{"self":[{"href":"https:\/\/diariodominicano.com\/index.php?rest_route=\/wp\/v2\/posts\/644026","targetHints":{"allow":["GET"]}}],"collection":[{"href":"https:\/\/diariodominicano.com\/index.php?rest_route=\/wp\/v2\/posts"}],"about":[{"href":"https:\/\/diariodominicano.com\/index.php?rest_route=\/wp\/v2\/types\/post"}],"author":[{"embeddable":true,"href":"https:\/\/diariodominicano.com\/index.php?rest_route=\/wp\/v2\/users\/7"}],"replies":[{"embeddable":true,"href":"https:\/\/diariodominicano.com\/index.php?rest_route=%2Fwp%2Fv2%2Fcomments&post=644026"}],"version-history":[{"count":2,"href":"https:\/\/diariodominicano.com\/index.php?rest_route=\/wp\/v2\/posts\/644026\/revisions"}],"predecessor-version":[{"id":644078,"href":"https:\/\/diariodominicano.com\/index.php?rest_route=\/wp\/v2\/posts\/644026\/revisions\/644078"}],"wp:featuredmedia":[{"embeddable":true,"href":"https:\/\/diariodominicano.com\/index.php?rest_route=\/wp\/v2\/media\/610923"}],"wp:attachment":[{"href":"https:\/\/diariodominicano.com\/index.php?rest_route=%2Fwp%2Fv2%2Fmedia&parent=644026"}],"wp:term":[{"taxonomy":"category","embeddable":true,"href":"https:\/\/diariodominicano.com\/index.php?rest_route=%2Fwp%2Fv2%2Fcategories&post=644026"},{"taxonomy":"post_tag","embeddable":true,"href":"https:\/\/diariodominicano.com\/index.php?rest_route=%2Fwp%2Fv2%2Ftags&post=644026"}],"curies":[{"name":"wp","href":"https:\/\/api.w.org\/{rel}","templated":true}]}}