{"id":644025,"date":"2025-10-16T15:31:53","date_gmt":"2025-10-16T19:31:53","guid":{"rendered":"https:\/\/diariodominicano.com\/?p=644025"},"modified":"2025-10-16T15:32:47","modified_gmt":"2025-10-16T19:32:47","slug":"ante-la-hostilidad-del-gobierno-del-presidente-trump-de-los-estados-unidos-america-latina-y-el-caribe-gira-hacia-la-integracion","status":"publish","type":"post","link":"https:\/\/diariodominicano.com\/?p=644025","title":{"rendered":"Ante la hostilidad del gobierno del presidente Trump de los Estados Unidos, Am\u00e9rica Latina y el Caribe gira hacia la integraci\u00f3n"},"content":{"rendered":"\n<p>Por Juan Carlos Espinal. &nbsp;<\/p>\n\n\n\n<p>La izquierda pol\u00edtica latinoamericana vuelve a ganar terreno en la regi\u00f3n caribe\u00f1a. Aunque no deber\u00edamos establecer que existe una identificaci\u00f3n&nbsp; ideol\u00f3gica entre los gobiernos Progresistas-, m\u00e1s all\u00e1 de la sensibilidad social-, s\u00ed que hay retos comunes que toda la comunidad de Estados caribe\u00f1os deben abordar: el fortalecimiento de las instituciones democr\u00e1ticas, los avances en la sociedad del bienestar y la integraci\u00f3n regional.<\/p>\n\n\n\n<p>Sur Am\u00e9rica est\u00e1 gobernado por las izquierdas con las excepciones de Argentina, Ecuador y Per\u00fa.<\/p>\n\n\n\n<p>En los pasillos de la Casa Blanca de Washington se dice, con raz\u00f3n, que subestimar las m\u00faltiples realidades geopol\u00edticas de ese enorme subcontinente pudiese revertir la agenda pol\u00edtica del Comando Sur en el Hemisferio.<\/p>\n\n\n\n<p>Tambi\u00e9n los diplom\u00e1ticos estadounidenses dicen-, y no es menos cierto-, que la izquierda politica latinoamericana no es la misma en cada regi\u00f3n, fundamentando sus argumentos sobre la base de que cada l\u00edder pol\u00edtico es diferente.<\/p>\n\n\n\n<p>De hecho, no conviene olvidar que algunas victorias recientes corresponden a movimientos sociales incorporados a la pol\u00edtica electoral gestados en el contexto de conflictos propios (el Chile de Boric, el M\u00e9xico de L\u00f3pez Obrador, el Per\u00fa de Pedro Castillo o la Colombia de Gustavo Petro), y que casi ninguno de los partidos pol\u00edticos de la democracia popular que dan sustento a esas victorias electorales corresponde a ninguna organizaci\u00f3n internacional reconocida que los aglutine.<\/p>\n\n\n\n<p>No cabe por tanto atribuir a la izquierda&nbsp; gobernante en Am\u00e9rica Latina una convergencia ideol\u00f3gica, excepto, claro est\u00e1, la de corresponder a una misma sensibilidad social o a la misma idea progresista en defensa de los desfavorecidos, representando a lo que llamamos clases populares.<\/p>\n\n\n\n<p>Pero es dif\u00edcil comparar el peronismo argentino con la izquierda peruana surgida de una crisis institucional extraordinaria, por ejemplo.<\/p>\n\n\n\n<p>Cuesta poner en el mismo plano las prioridades de gobierno de Luis Arce en Bolivia y el proyecto de Lula para un Brasil much\u00edsimo m\u00e1s avanzado en su estructura econ\u00f3mica, cient\u00edfica o industrial.<\/p>\n\n\n\n<p>No conviene olvidar que algunas victorias electorales recientes corresponden a movimientos sociales gestados en el contexto de conflictos propios.<\/p>\n\n\n\n<p>Por otra parte, los apoyos parlamentarios tambi\u00e9n son muy diferentes y las dificultades de obtener mayor\u00edas de gobierno s\u00f3lidas y estables acompa\u00f1an a casi todos ellos.<\/p>\n\n\n\n<p>En definitiva, la mayor\u00eda de la clase gobernante latinoamericana y caribe\u00f1a har\u00e1 lo que dentro de la realidad geopol\u00edtica de su pa\u00eds pueda y desarrollar\u00e1 proyectos nacionales o no, en funci\u00f3n de las necesidades propias de cada uno de sus respectivos pa\u00edses.<\/p>\n\n\n\n<p>No obstante, hay retos comunes a toda Am\u00e9rica Latina y el Caribe que condicionan y orientan la acci\u00f3n de los gobiernos de la izquierda pol\u00edtica, cargada de una cierta responsabilidad hist\u00f3rica por las enormes expectativas y esperanzas que generaron sus contundentes victorias electorales.<\/p>\n\n\n\n<p>No olvidemos a este respecto que la mayor\u00eda de ellas fueron victorias contra los gobiernos neoliberales anteriores, recogiendo malestares sociales muy notables y descontentos pol\u00edticos muy serios.<\/p>\n\n\n\n<p>El primero tiene que ver con el fortalecimiento de sus instituciones democr\u00e1ticas. No es un secreto para nadie, ni creemos que ofenda decir que las democracia representativa latinoamericana es-, constitucionalmente hablando-, muy fr\u00e1gil y que los ataques autocr\u00e1ticos que todas las democracias de la regi\u00f3n est\u00e1n sufriendo, son m\u00e1s peligrosos y pueden hacer m\u00e1s da\u00f1o en aquellos pa\u00edses en los que como Rep\u00fablica Dominicana, San Salvador o en Hait\u00ed, las instituciones y la cultura democr\u00e1tica son m\u00e1s vulnerables.<\/p>\n\n\n\n<p>Es extraordinario el avance y la consolidaci\u00f3n de la democracia participativa con gobiernos populares en toda la Am\u00e9rica Latina de finales del siglo XX.<\/p>\n\n\n\n<p>La superaci\u00f3n del golpismo militar, la pacificaci\u00f3n de las insurgencias armadas revolucionarias y la generalizaci\u00f3n de los procesos electorales participativos, como la \u00fanica forma de decisi\u00f3n pol\u00edtica que sus pueblos asentaron.<\/p>\n\n\n\n<p>Los sistemas pol\u00edticos latinoamericanos fortalecieron la democracia y el Estado de Derecho.<\/p>\n\n\n\n<p>En los \u00faltimos a\u00f1os, sin embargo, hay signos muy preocupantes de deterioro en el funcionamiento institucional, en gran parte debido a la reaparici\u00f3n de los problemas sociales de la desigualdad fondomonetarista que atraviesa todo el Hemisferio.<\/p>\n\n\n\n<p>Efectivamente, durante los primeros a\u00f1os del siglo XXI, dos caminos paralelos ayudaron a cerrar el c\u00edrculo virtuoso: las democracias estables y el crecimiento econ\u00f3mico forjaron la transformaci\u00f3n social, pol\u00edtica y econ\u00f3mica m\u00e1s potente en muchos a\u00f1os.<\/p>\n\n\n\n<p>Los incrementos notables de la renta per c\u00e1pita, el crecimiento demogr\u00e1fico y las nuevas tecnolog\u00edas alumbraron nuevas clases medias, un extraordinario aumento de la poblaci\u00f3n universitaria, una nueva econom\u00eda digital, una gran concentraci\u00f3n urbana y otros muchos fen\u00f3menos sociales ligados a los anteriores.<\/p>\n\n\n\n<p>Lo que vino despu\u00e9s, con la ca\u00edda del precio de las materias primas, la recesi\u00f3n econ\u00f3mica de Europa y Estados Unidos (entre 2008 y 2014) y, m\u00e1s tarde, con la pandemia, ya lo sabemos.<\/p>\n\n\n\n<p>Estados demasiado d\u00e9biles no pudieron atender las demandas sociales de una poblaci\u00f3n m\u00e1s exigente que nunca y que paralelamente se fue haciendo descre\u00edda y decepcionada, retirando su confianza a los partidos pol\u00edticos e instituciones.<\/p>\n\n\n\n<p>La democracia participativa result\u00f3 injustamente golpeada por ese desafecto, algo que siempre ocurre cuando a la democracia se le exige resolver los problemas que solo pueden ser abordados por pol\u00edticas p\u00fablicas concretas, no por las reglas mismas de la pol\u00edtica.<\/p>\n\n\n\n<p>Hoy en dia Am\u00e9rica Latina y el Caribe presenta rasgos muy preocupantes respecto a la confianza social en las instituciones.<\/p>\n\n\n\n<p>En Rep\u00fablica Dominicana, los partidos tradicionales(PRD, PRSC y PLD han sido barridos o sustituidos por nuevas fuerzas pol\u00edticas, lo que a su vez ha provocado una fragmentaci\u00f3n social que complica la estabilidad del gobierno del presidente Luis Abinader del PRM.<\/p>\n\n\n\n<p>En esta mega-crisis, surgen nuevos l\u00edderes, demasiadas veces populistas y con evidentes riesgos autocr\u00e1ticos.<\/p>\n\n\n\n<p>En el caso Dominicano, la polarizaci\u00f3n entre la derecha econ\u00f3mica gobernante y la derecha pol\u00edtica opositora sustituye las opciones emergentes m\u00e1s centradas pol\u00edticamente.<\/p>\n\n\n\n<p>Cabe se\u00f1alar que \u00e9ste diagn\u00f3stico sociopol\u00edtico, en mi opini\u00f3n, es la primera urgencia pol\u00edtica del voto indeciso para tratar de reconstruir y fortalecer la cultura pol\u00edtica que da forma y articula la democracia: el constitucionalismo; el Estado de Derecho; el respeto a la separaci\u00f3n de poderes, una justicia independiente y garantista; elecciones libres, transparentes e iguales; partidos pol\u00edticos participativos;&nbsp; sistemas de representaci\u00f3n leg\u00edtima y, por supuesto, respeto por los Derechos Humanos.<\/p>\n\n\n\n<p>Nada de todo esto es nuevo, pero la quiebra institucional qu\u00e9 en la actualidad desemboca en ausentismo necesita de esos par\u00e1metros que a\u00fan cuando no son gestos reales advertimos qu\u00e9 las tentaciones totalitarias abundan por doquier.<\/p>\n\n\n\n<p>La democracia participativa, como fin \u00faltimo de la izquierda pol\u00edtica latinoamericana y caribe\u00f1a debe convertirse en el principal basti\u00f3n del Estado de Derecho.<\/p>\n\n\n\n<p>Debe hacerlo porque siguen demasiado presente el neoliberalismo como forma de gobierno y porque las actuales experiencias de Rep\u00fablica Dominicana, Panam\u00e1, Paraguay, Costa Rica y San Salvador lastran injustamente a otros partidos en otros pa\u00edses.<\/p>\n\n\n\n<p>La democracia representativa no es sino que un medio de las oligarqu\u00edas para hacer luego la contra revoluci\u00f3n, porque la concepci\u00f3n instrumental de la pol\u00edtica hostil del Departamento de Estado de los Estados Unidos en el Caribe oculta la tiran\u00eda y el totalitarismo.<\/p>\n\n\n\n<p>La democracia popular es un fin estrat\u00e9gico, es un marco referencia, porque nada es posible fuera de ella y en ella todo cabe, tambi\u00e9n el socialismo.<\/p>\n\n\n\n<p>Por eso, socialismo es libertad antes que nada, o dicho de otro modo, la construcci\u00f3n de sociedades m\u00e1s justas e iguales no puede hacerse sin libertad econ\u00f3mica.<\/p>\n\n\n\n<p>\u00bfQue implica \u00e9ste giro hacia la izquierda pol\u00edtica?<\/p>\n\n\n\n<p>Para tratar de ser coherente deberiamos aproximarnos a las realidades nacionales.<\/p>\n\n\n\n<p>Rep\u00fablica Dominicana, por ejemplo, necesita reconstruir su sistema constitucional despu\u00e9s del fraude electoral del 2019, la suspensi\u00f3n de las elecciones municipales del 2020 y de la necesidad imperiosa de adoptar el marco constitucional de 2010 que en 2028 supone un nuevo pacto social.<\/p>\n\n\n\n<p>Rep\u00fablica Dominicana tiene que restaurar las grietas de una sociedad dividida y todav\u00eda traumatizada por la profunda desigualdad.<\/p>\n\n\n\n<p>El Congreso Nacional tiene que fortalecer a un Poder Ejecutivo excesivamente sometido al fuego cruzado de un Poder Judicial politizado.<\/p>\n\n\n\n<p>La Constituci\u00f3n Dominicana adolece de una suficiente regulaci\u00f3n del valor de la igualdad.<\/p>\n\n\n\n<p>El marco de su cultura pol\u00edtica corresponde a lo que se ha dado en llamar neo populismo de regulaci\u00f3n de da\u00f1os, donde el Estado-Naci\u00f3n no ha llegado a materializar el principio del Progreso.<\/p>\n\n\n\n<p>En realidad, La democracia representativa 1966-2024 es un fin pol\u00edtico.<\/p>\n\n\n\n<p>Debemos continuar mejorando la reputaci\u00f3n del actual sistema electoral, siguiendo las recomendaciones de las misiones internacionales de observaci\u00f3n.<\/p>\n\n\n\n<p>En materia electoral deber\u00edamos hacer m\u00e1s independiente al Poder Judicial.<\/p>\n\n\n\n<p>Porque el combate a la corrupci\u00f3n es urgente.<\/p>\n\n\n\n<p>Es preciso incorporar la transparencia en la gesti\u00f3n p\u00fablica y fortalecer la independencia de los medios de comunicaci\u00f3n.<\/p>\n\n\n\n<p>Tambi\u00e9n ser\u00e1 necesario dotar de una auditor\u00eda p\u00fablica suficiente al padr\u00f3n electoral de los partidos pol\u00edticos m\u00e1s representativos.<\/p>\n\n\n\n<p>Porque no habr\u00e1 democracia sin seguridad social. Sin seguridad social de calidad la democracia representativa 1966-2024 se ver\u00e1 asimismo afectada, especialmente se ver\u00e1&nbsp; atacada por la devaluaci\u00f3n.<\/p>\n\n\n\n<p>La seguridad social es condici\u00f3n previa a la libertad econ\u00f3mica.<\/p>\n\n\n\n<p>La demanda de seguridad social en Am\u00e9rica Latina y el Caribe es universal porque los \u00edndices de violencia econ\u00f3mica y de ataques pol\u00edticos a la integridad son insoportables.<\/p>\n\n\n\n<p>Por otro lado, la ola de violencia compleja que afecta a la regi\u00f3n concentra el 40% de los homicidios del mundo entero, siendo solo el 9% de la poblaci\u00f3n mundial. De las 50 ciudades m\u00e1s violentas del mundo, 43 son latinoamericanas.<\/p>\n\n\n\n<p>Varios l\u00edderes de la derecha pol\u00edtica Dominicana ganaron elecciones con promesas de lucha \u201csin cuartel\u201d contra la violencia y aunque sus promesas quedaron solo en eso, en promesas, esa postura pol\u00edtica es percibida como la m\u00e1s eficaz en la lucha por la seguridad.<\/p>\n\n\n\n<p>La izquierda pol\u00edtica latinoamericana y caribe\u00f1a no puede perder esta batalla. La pol\u00edtica de seguridad es primordial y su apuesta por el progreso con desarrollo debe ser m\u00e1s eficaz.<\/p>\n\n\n\n<p>Pero, m\u00e1s all\u00e1 de medidas puntuales, en cada caso diferentes, la izquierda pol\u00edtica latinoamericana deber\u00eda liderar un discurso reivindicativo, apreciativo de la democracia y de sus principios constitucionales. Una cultura de la responsabilidad ciudadana como base de virtudes c\u00edvicas que consolide nuevos espacios de participaci\u00f3n hacen m\u00e1s fuertes las sociedades democr\u00e1ticas.<\/p>\n\n\n\n<p>En esa l\u00ednea, reafirmar la laicidad frente a las intromisiones religiosas en algunos discursos pol\u00edticos, es imprescindible.<\/p>\n\n\n\n<p>Es preciso evitar el utilitarismo electoral de las iglesias y reiterar la aconfesionalidad de sus gobiernos, instituciones y de sus pol\u00edticas p\u00fablicas. La laicidad no implica negar el hecho religioso, ni a las iglesias o las religiones, pero exige someter las pol\u00edticas y la moral p\u00fablica a la soberan\u00eda popular y solo a ella.<\/p>\n\n\n\n<p>Por \u00faltimo, las democracias latinoamericanas tienen tareas pendientes muy espec\u00edficas propias de su idiosincrasia autoritaria, especialmente las relacionadas con la diversidad sociocultural.<\/p>\n\n\n\n<p>La moral c\u00edvica y sus leyes adjetivas deben dar un salto en clave de igualdad. Igualdad de sexos, de razas, de personas singulares por su origen.<\/p>\n\n\n\n<p>Igualdad de derechos y pol\u00edticas de fomento y de combate a las m\u00faltiples discriminaciones de muchas sociedades atrasadas en estas materias.<\/p>\n\n\n\n<p>El reto principal consiste en avanzar hacia la sociedad del bienestar.<\/p>\n\n\n\n<p>El dif\u00edcil y a la vez necesario edificio de las prestaciones p\u00fablicas tiene una base incuestionable: la fiscalidad. Universalizar una educaci\u00f3n y una sanidad de calidad con ingresos fiscales inferiores al 20% del PIB no es posible. Tampoco lo es sostener un sistema de pensiones de vejez, enfermedad y desempleo con el 50% de la econom\u00eda sumergida. Ya hemos descrito tres de los pilares del Estado del bienestar, pero si queremos a\u00f1adir un cuarto pilar \u00e9ste lo compondr\u00edan los servicios sociales, la lucha contra la pobreza y la exclusi\u00f3n, y la atenci\u00f3n a la poblaci\u00f3n de mayor dependencia.<\/p>\n\n\n\n<p>Para ello, la oposici\u00f3n pol\u00edtica dominicana deber\u00eda contemplar ingresos fiscales, incluyendo la Seguridad Social, cercanos al 40% del PIB, cifra promedio de sus ingresos fiscales.<\/p>\n\n\n\n<p>La verdadera revoluci\u00f3n social pendiente en Am\u00e9rica Latina es ciudadana.<\/p>\n\n\n\n<p>Es la que hizo Am\u00e9rica Latina y el Caribe en la segunda mitad del siglo XX y que tiene como base una econom\u00eda competitiva capaz de generar pleno empleo y los recursos suficientes (salarios e impuestos) para sostener el Estado social.<\/p>\n\n\n\n<p>Porque para universalizar la educaci\u00f3n y una sanidad p\u00fablica de calidad con ingresos fiscales inferiores al 20% del PIB no es posible.<\/p>\n\n\n\n<p>Por tanto, es preciso contemplar ingresos fiscales cercanos al 40%.<\/p>\n\n\n\n<p>Mirando hacia el futuro de la econom\u00eda popular de Am\u00e9rica Latina y el Caribe con perspectiva temporal, el gran problema es su p\u00e9rdida de productividad. Desde 1970 hasta hoy el crecimiento anual promedio de la productividad ha sido del -0,37%.<\/p>\n\n\n\n<p>Son muchas las razones que explican este estancamiento hist\u00f3rico. Una de ellas es que las estructuras productivas siguen basadas en la explotaci\u00f3n de recursos naturales y pocos pa\u00edses han apostado por la exportaci\u00f3n de bienes y servicios con alto valor agregado, como lo han hecho, por ejemplo, Costa Rica o Panam\u00e1, adem\u00e1s de M\u00e9xico por el Tratado de Libre Comercio de Am\u00e9rica del Norte (TLC) y Brasil por su propio desarrollo econ\u00f3mico.<\/p>\n\n\n\n<p>La izquierda pol\u00edtica deber\u00eda liderar ese gran cambio de modelo productivo y rechazar la tentaci\u00f3n de subestimar los mercados externos y centrar su estrategia de crecimiento \u201chacia dentro\u201d con pol\u00edticas proteccionistas.<\/p>\n\n\n\n<p>Es dif\u00edcil para la derecha pol\u00edtica gobernante del PRM practicar pol\u00edticas econ\u00f3micas dirigidas a fortalecer y modernizar el sector productivo del pa\u00eds mediante inversiones en el capital humano y f\u00edsico del Estado, pero a la postre son las que aseguran la mejora constante de la productividad del pa\u00eds, lo hacen crecer econ\u00f3micamente y aumentan la renta per c\u00e1pita. Esa base econ\u00f3mica es la que permite crecer en el n\u00famero de trabajadores formales, en sus cotizaciones y en su consumo. Esa es la base del ingreso fiscal para que el Ministerio de Hacienda alcance a ser eficiente aumentando progresivamente la recaudaci\u00f3n p\u00fablica que permite luego una redistribuci\u00f3n progresiva hacia los m\u00e1s desfavorecidos.<\/p>\n\n\n\n<p>Incrementar en un punto cada a\u00f1o la recaudaci\u00f3n fiscal podr\u00eda sit\u00faar ese importante objetivo en el margen de lo posible.<\/p>\n\n\n\n<p>Para el gobierno del presidente Abinader no ser\u00e1 f\u00e1cil porque para que una Reforma Fiscal Integral pueda ser realizable la fiscalidad deber\u00eda mejorar la formalidad de la econom\u00eda para mejores resultados en la recaudaci\u00f3n.<\/p>\n\n\n\n<p>La mala costumbre de sacar el dinero del pa\u00eds est\u00e1 demasiado extendida en ciertas \u00e9lites econ\u00f3micas. Por eso, mejorar la cultura de la responsabilidad fiscal tambi\u00e9n es una tarea importante en este camino.<\/p>\n\n\n\n<p>La pol\u00edtica social, la redistribuci\u00f3n de los ingresos fiscales, es el corolario de la recaudaci\u00f3n. En los gobiernos de los ex presidentes Leonel Fern\u00e1ndez y Danilo Medina hubo experiencias de \u00e9xito, al volcar los recursos p\u00fablicos en pol\u00edticas asistenciales que eran justas.<\/p>\n\n\n\n<p>Nos referimos a esas pol\u00edticas p\u00fablicas que redujeron sensiblemente los \u00edndices de pobreza y desigualdad en la primera d\u00e9cada de este siglo. Sin embargo, aunque no cambiaron el sistema productivo ni el patr\u00f3n de crecimiento primario- exportador ni hubo reformas fiscales de calado se redujo la pobreza.<\/p>\n\n\n\n<p>La redistribuci\u00f3n no debe ser el \u00fanico objetivo de la pol\u00edtica. La fijaci\u00f3n de salarios m\u00ednimos dignos y la intervenci\u00f3n en mercados de bienes b\u00e1sicos para la poblaci\u00f3n \u2013transporte, vivienda, energ\u00eda\u2013 es pol\u00edtica pre-distributiva absolutamente necesaria en la mayor\u00eda de los pa\u00edses latinoamericanos.<\/p>\n\n\n\n<p>Desgraciadamente, las legislaturas son muy cortas para abordar objetivos estrat\u00e9gicos, pero lo que determinar\u00e1 el \u00e9xito pol\u00edtico de la democracia participativa en Am\u00e9rica Latina ser\u00e1 el abordaje valiente de los problemas estructurales en su econom\u00eda productiva. Junto a ello, la cultura fiscal, basada en la contraprestaci\u00f3n p\u00fablica de servicios y en la ejemplaridad de los dirigentes, ayudar\u00e1n a combatir el m\u00e1s estructural de sus problemas: la desigualdad.<\/p>\n\n\n\n<p>Volver a la integraci\u00f3n de la oposici\u00f3n pol\u00edtica dominicana, integrar a la izquierda, al voto independiente de clase media, a la sociedad civil organizada comprometida, debe ser parte del abordaje futuro.<\/p>\n\n\n\n<p>La convergencia de los partidos pol\u00edticos opositores no garantiza una coalici\u00f3n electoral exitosa, como lo prueba que en muchas ocasiones las propuestas integradoras han estado cargadas de prejuicios y eso es precisamente lo que hasta ahora las ha frustrado.<\/p>\n\n\n\n<p>Si todo eso es verdad,&nbsp; entonces, \u00bfpor qu\u00e9 atribuimos a este momento hist\u00f3rico concreto y a esta nueva oportunidad, el sentido com\u00fan hist\u00f3rico de hacer lo que no hicieron nuestros antecesores?<\/p>\n\n\n\n<p>Es precisamente la constataci\u00f3n de la desintegraci\u00f3n regional existente lo que nos mueve a pensar que habr\u00e1 movimientos en esa direcci\u00f3n.<\/p>\n\n\n\n<p>Por ejemplo, Leonel Fern\u00e1ndez y Danilo Medina pueden llevar al pa\u00eds a integrarse en la Comunidad de Estados de Am\u00e9rica Latina y el Caribe (CELAC) pensando que en 2028 puede haber en Rep\u00fablica Dominicana una cumbre CELAC.<\/p>\n\n\n\n<p>Es dif\u00edcil imaginar esa cumbre sin Cuba, Nicaragua o Venezuela y ser\u00eda incomprensible para nosotros despreciar esa oportunidad.<\/p>\n\n\n\n<p>Con ese objetivo, bueno ser\u00eda recuperar el DR CAFTA con Estados Unidos aunque sea renegociando sus contenidos.<\/p>\n\n\n\n<p>Porque tambi\u00e9n el giro pol\u00edtico hacia los BRICS es necesario, porque es el proyecto econ\u00f3mico multipolar m\u00e1s grande y m\u00e1s importante de los que en la regi\u00f3n se han firmado hasta el momento.<\/p>\n\n\n\n<p>Cabe pensar en la revitalizaci\u00f3n interna de Rep\u00fablica Dominicana en el marco de esa negociaci\u00f3n. Debemos entendernos con los gobiernos de la Am\u00e9rica Latina y el Caribe progresista porque ese es un mercado interior clave para todos los pa\u00edses. La integraci\u00f3n regional es una condici\u00f3n necesaria para aumentar la \u00ednfima cifra de comercio intrarregional en el Caribe y esas son oportunidades que pierden todos los pa\u00edses de la regi\u00f3n. Am\u00e9rica Latina tiene un comercio intrarregional del 15%, frente a Europa o Asia, donde los indicadores llegan al 60% y al 68%, respectivamente.<\/p>\n\n\n\n<p>De manera que la convergencia politico- ideol\u00f3gica de los gobiernos deber\u00eda garantizar una convergencia regional.<\/p>\n\n\n\n<p>Rep\u00fablica Dominicana y Hait\u00ed deber\u00e1n superar la brecha entre los dos pa\u00edses dando un impulso a la cooperaci\u00f3n regional en sus fronteras, con una importante inmigracion humana que afecta a millones de personas que cruzan a pies los dos pa\u00edses.<\/p>\n\n\n\n<p>La colaboraci\u00f3n haitiana en las futuras negociaciones de paz&nbsp; crear\u00e1 un nuevo clima de colaboraci\u00f3n.<\/p>\n\n\n\n<p>En el mismo plano de la colaboraci\u00f3n entre ambos pa\u00edses se sit\u00faan las grandes inversiones en las infraestructuras f\u00edsicas (carreteras, puertos, aeropuertos, energ\u00eda) y en las tecnol\u00f3gicas (interconectividad, reparto satelital, regulaci\u00f3n digital, fomento de la econom\u00eda digital), sin olvidar el campo de la investigaci\u00f3n y de la formaci\u00f3n universitaria, donde ya se coopera al margen de los impulsos oficiales. Los avances en esas materias son imposibles sin acuerdos supranacionales y sin organizaciones potentes en el \u00e1mbito transfronterizo.<\/p>\n\n\n\n<p>Pero la integraci\u00f3n latinoamericana y caribe\u00f1a solo avanzara si se ponen sobre la mesa los intereses nacionales exentos de viejas mitolog\u00edas pseudo nacionalistas.<\/p>\n\n\n\n<p>No se trata de especular&nbsp; sino de construir una paulatina uni\u00f3n supranacional, empezando por lo m\u00e1s b\u00e1sico: un mercado cada vez m\u00e1s armonizado y una superaci\u00f3n de las viejas fronteras nacionales a los ciudadanos, bienes, mercanc\u00edas y servicios. No se trata de envolverse en la banderas nacionales ya periclitadas ante un mundo cada vez m\u00e1s global, sino de reivindicar la integraci\u00f3n como factor de crecimiento y de progreso.<\/p>\n\n\n\n<p>La izquierda pol\u00edtica latinoamericana y caribe\u00f1a deber\u00eda liderar un discurso valiente e innovador en favor de la integraci\u00f3n que permitiera a sus pa\u00edses ofrecer atractivos mercados para la inversi\u00f3n, por la escala gigantesca que ofrece una Am\u00e9rica Latina integrada.<\/p>\n\n\n\n<p>Lo que se requiere es una oposici\u00f3n pol\u00edtica que construya un mercado com\u00fan, ampl\u00ede acuerdos comerciales y de inversi\u00f3n con el mundo y armonice su legislaci\u00f3n en favor de los ciudadanos para avanzar hacia una idea de progreso en el siglo XXI.<\/p>\n","protected":false},"excerpt":{"rendered":"<p>Por Juan Carlos Espinal. &nbsp; La izquierda pol\u00edtica latinoamericana vuelve a ganar terreno en la regi\u00f3n caribe\u00f1a. Aunque no deber\u00edamos establecer que existe una identificaci\u00f3n&nbsp; ideol\u00f3gica entre los gobiernos Progresistas-, m\u00e1s all\u00e1 de la sensibilidad social-, s\u00ed que hay retos comunes que toda la comunidad de Estados caribe\u00f1os deben abordar: el fortalecimiento de las instituciones [&hellip;]<\/p>\n","protected":false},"author":7,"featured_media":521400,"comment_status":"closed","ping_status":"open","sticky":false,"template":"","format":"standard","meta":{"footnotes":""},"categories":[16],"tags":[366],"class_list":["post-644025","post","type-post","status-publish","format-standard","has-post-thumbnail","hentry","category-opiniones","tag-juan-carlos-espinal"],"_links":{"self":[{"href":"https:\/\/diariodominicano.com\/index.php?rest_route=\/wp\/v2\/posts\/644025","targetHints":{"allow":["GET"]}}],"collection":[{"href":"https:\/\/diariodominicano.com\/index.php?rest_route=\/wp\/v2\/posts"}],"about":[{"href":"https:\/\/diariodominicano.com\/index.php?rest_route=\/wp\/v2\/types\/post"}],"author":[{"embeddable":true,"href":"https:\/\/diariodominicano.com\/index.php?rest_route=\/wp\/v2\/users\/7"}],"replies":[{"embeddable":true,"href":"https:\/\/diariodominicano.com\/index.php?rest_route=%2Fwp%2Fv2%2Fcomments&post=644025"}],"version-history":[{"count":1,"href":"https:\/\/diariodominicano.com\/index.php?rest_route=\/wp\/v2\/posts\/644025\/revisions"}],"predecessor-version":[{"id":644033,"href":"https:\/\/diariodominicano.com\/index.php?rest_route=\/wp\/v2\/posts\/644025\/revisions\/644033"}],"wp:featuredmedia":[{"embeddable":true,"href":"https:\/\/diariodominicano.com\/index.php?rest_route=\/wp\/v2\/media\/521400"}],"wp:attachment":[{"href":"https:\/\/diariodominicano.com\/index.php?rest_route=%2Fwp%2Fv2%2Fmedia&parent=644025"}],"wp:term":[{"taxonomy":"category","embeddable":true,"href":"https:\/\/diariodominicano.com\/index.php?rest_route=%2Fwp%2Fv2%2Fcategories&post=644025"},{"taxonomy":"post_tag","embeddable":true,"href":"https:\/\/diariodominicano.com\/index.php?rest_route=%2Fwp%2Fv2%2Ftags&post=644025"}],"curies":[{"name":"wp","href":"https:\/\/api.w.org\/{rel}","templated":true}]}}