{"id":643895,"date":"2025-10-15T21:51:20","date_gmt":"2025-10-16T01:51:20","guid":{"rendered":"https:\/\/diariodominicano.com\/?p=643895"},"modified":"2025-10-15T21:59:58","modified_gmt":"2025-10-16T01:59:58","slug":"senado-de-la-republica-recibe-del-poder-ejecutivo-via-el-ministro-de-vivienda-anteproyecto-de-modificacion-ley-160-21","status":"publish","type":"post","link":"https:\/\/diariodominicano.com\/?p=643895","title":{"rendered":"Senado de la Rep\u00fablica recibe del Poder Ejecutivo, v\u00eda el ministro de Vivienda, anteproyecto de modificaci\u00f3n Ley 160-21"},"content":{"rendered":"\n<p>Ricardo de Los Santos, tras valorar la iniciativa como important\u00edsima, asegur\u00f3 que ser\u00e1 presentada en los pr\u00f3ximos d\u00edas para darle el curso correspondiente.<\/p>\n\n\n\n<p>Santo Domingo. &#8211;&nbsp; El presidente del Senado de la Rep\u00fablica, Ricardo de los Santos, recibi\u00f3 por parte del Poder Ejecutivo, en una visita que gir\u00f3 el ministro de Vivienda y Edificaciones (MIVED), Carlos Bonilla, el anteproyecto que modifica la Ley 160-21 que crea el Ministerio de Vivienda, H\u00e1bitat y Edificaciones.<\/p>\n\n\n\n<p>Esta reforma busca dotar al MIVED de las herramientas necesarias para supervisar edificaciones, actuar con mayor eficacia y responder de forma m\u00e1s firme a las necesidades sociales, en cuanto a seguridad estructural y protecci\u00f3n de la ciudadan\u00eda.<\/p>\n\n\n\n<figure class=\"wp-block-image size-large\"><img loading=\"lazy\" decoding=\"async\" width=\"1024\" height=\"1024\" src=\"https:\/\/diariodominicano.com\/wp-content\/uploads\/2025\/10\/Senado-de-la-Republica-recibe-del-Poder-Ejecutivo-via-el-ministro-de-Vivienda-anteproyecto-modificacion-Ley-160-21-1024x1024.jpeg\" alt=\"\" class=\"wp-image-643925\" srcset=\"https:\/\/diariodominicano.com\/wp-content\/uploads\/2025\/10\/Senado-de-la-Republica-recibe-del-Poder-Ejecutivo-via-el-ministro-de-Vivienda-anteproyecto-modificacion-Ley-160-21-1024x1024.jpeg 1024w, https:\/\/diariodominicano.com\/wp-content\/uploads\/2025\/10\/Senado-de-la-Republica-recibe-del-Poder-Ejecutivo-via-el-ministro-de-Vivienda-anteproyecto-modificacion-Ley-160-21-300x300.jpeg 300w, https:\/\/diariodominicano.com\/wp-content\/uploads\/2025\/10\/Senado-de-la-Republica-recibe-del-Poder-Ejecutivo-via-el-ministro-de-Vivienda-anteproyecto-modificacion-Ley-160-21-150x150.jpeg 150w, https:\/\/diariodominicano.com\/wp-content\/uploads\/2025\/10\/Senado-de-la-Republica-recibe-del-Poder-Ejecutivo-via-el-ministro-de-Vivienda-anteproyecto-modificacion-Ley-160-21-768x768.jpeg 768w, https:\/\/diariodominicano.com\/wp-content\/uploads\/2025\/10\/Senado-de-la-Republica-recibe-del-Poder-Ejecutivo-via-el-ministro-de-Vivienda-anteproyecto-modificacion-Ley-160-21-1536x1536.jpeg 1536w, https:\/\/diariodominicano.com\/wp-content\/uploads\/2025\/10\/Senado-de-la-Republica-recibe-del-Poder-Ejecutivo-via-el-ministro-de-Vivienda-anteproyecto-modificacion-Ley-160-21-2048x2048.jpeg 2048w, https:\/\/diariodominicano.com\/wp-content\/uploads\/2025\/10\/Senado-de-la-Republica-recibe-del-Poder-Ejecutivo-via-el-ministro-de-Vivienda-anteproyecto-modificacion-Ley-160-21-88x88.jpeg 88w, https:\/\/diariodominicano.com\/wp-content\/uploads\/2025\/10\/Senado-de-la-Republica-recibe-del-Poder-Ejecutivo-via-el-ministro-de-Vivienda-anteproyecto-modificacion-Ley-160-21-816x816.jpeg 816w\" sizes=\"auto, (max-width: 1024px) 100vw, 1024px\" \/><\/figure>\n\n\n\n<p>Ricardo de los Santos, representante de la provincia S\u00e1nchez Ram\u00edrez, valor\u00f3 la trascendencia e importancia de esta iniciativa para el pa\u00eds; asegur\u00f3 que dar\u00e1n el tratamiento oportuno, por lo que ser\u00e1 colocado en la agenda del d\u00eda para ser enviado a comisi\u00f3n para su estudio final y sancionado en el pleno, como es de rigor.<\/p>\n\n\n\n<p>Como un Congreso bicameral, De los Santos record\u00f3 que tambi\u00e9n el pa\u00eds cuenta con una Ley de Ordenamiento Territorial, por lo que salud\u00f3 lo oportuno de esta iniciativa para beneficio de todos los dominicanos.<\/p>\n\n\n\n<p>El presidente de la C\u00e1mara Alta recibi\u00f3 en su despacho el anteproyecto de Ley, junto al vicepresidente del Senado, Pedro Catrain, y los senadores Rafael Bar\u00f3n Duluc de la provincia La Altagracia y Antonio Taveras Guzm\u00e1n, representante de la provincia Santo Domingo; as\u00ed como con el consultor jur\u00eddico del Senado, Alejandro Pe\u00f1a N\u00fa\u00f1ez.<\/p>\n\n\n\n<p>En tanto que, el ministro Carlos Bonilla dijo que \u201ceste proyecto de ley que modifica la ley que crea el MIVED tiene varios elementos que son pertinentes, muy importantes, que la poblaci\u00f3n sepa. N\u00famero uno, es un certificado de habitabilidad, que dependiendo de la cantidad de personas y de la complejidad de la estructura de la edificaci\u00f3n que tenga ese certificado, pues se va a tener que renovar cada cierto tiempo. Entonces, eso va a permitir que en ese momento que se renueve ese certificado, que el ministerio, a trav\u00e9s de diferentes mecanismos, pueda constatar de una manera segura de que esa edificaci\u00f3n no corre peligro\u201d.<\/p>\n\n\n\n<p>El funcionario estuvo acompa\u00f1ado por una delegaci\u00f3n que la integr\u00f3 Ney Rafael Garc\u00eda Rodr\u00edguez, viceministro de H\u00e1bitat del MIVED, y Patricia Tolentino, directora de Comunicaciones de la instituci\u00f3n.<\/p>\n\n\n\n<p>La propuesta de modificaciones que deposit\u00f3 la tarde de este mi\u00e9rcoles el ministro Bonilla, tambi\u00e9n busca optimizar el procedimiento sancionador mediante la ampliaci\u00f3n del cat\u00e1logo de infracciones y sanciones, al tiempo que reorganiza el ejercicio de la potestad reglamentaria, fomentando una colaboraci\u00f3n m\u00e1s efectiva en esta \u00e1rea.<\/p>\n\n\n\n<p>El dep\u00f3sito de la pieza busca que sus modificaciones respondan a los requerimientos de los nuevos tiempos y a las demandas de la sociedad.<\/p>\n\n\n\n<p>Esta propuesta de modificaci\u00f3n, a 4 a\u00f1os de su promulgaci\u00f3n, busca realizar ajustes y complementar su contenido, con el fin de optimizar su eficacia y mejorar el funcionamiento institucional de dicho Ministerio.<\/p>\n\n\n\n<p>Durante este periodo, se han identificado \u00e1reas de oportunidad que requieren atenci\u00f3n, tales como la distribuci\u00f3n de competencias entre los Viceministerios, el replanteamiento de algunas funciones espec\u00edficas, las limitaciones para llevar a cabo inspecciones sobre edificaciones terminadas, la insuficiente capacidad de ordenaci\u00f3n, la falta de instrumentos habilitantes adecuados para una supervisi\u00f3n y regulaci\u00f3n m\u00e1s rigurosa del sector, una potestad sancionadora limitada y una dispersi\u00f3n en la potestad reglamentaria.<\/p>\n\n\n\n<p>Por: Graciela Acevedo<\/p>\n","protected":false},"excerpt":{"rendered":"<p>Ricardo de Los Santos, tras valorar la iniciativa como important\u00edsima, asegur\u00f3 que ser\u00e1 presentada en los pr\u00f3ximos d\u00edas para darle el curso correspondiente. Santo Domingo. &#8211;&nbsp; El presidente del Senado de la Rep\u00fablica, Ricardo de los Santos, recibi\u00f3 por parte del Poder Ejecutivo, en una visita que gir\u00f3 el ministro de Vivienda y Edificaciones (MIVED), [&hellip;]<\/p>\n","protected":false},"author":7,"featured_media":643922,"comment_status":"closed","ping_status":"closed","sticky":false,"template":"","format":"standard","meta":{"footnotes":""},"categories":[24],"tags":[2359],"class_list":["post-643895","post","type-post","status-publish","format-standard","has-post-thumbnail","hentry","category-justicia-y-derecho","tag-senado"],"_links":{"self":[{"href":"https:\/\/diariodominicano.com\/index.php?rest_route=\/wp\/v2\/posts\/643895","targetHints":{"allow":["GET"]}}],"collection":[{"href":"https:\/\/diariodominicano.com\/index.php?rest_route=\/wp\/v2\/posts"}],"about":[{"href":"https:\/\/diariodominicano.com\/index.php?rest_route=\/wp\/v2\/types\/post"}],"author":[{"embeddable":true,"href":"https:\/\/diariodominicano.com\/index.php?rest_route=\/wp\/v2\/users\/7"}],"replies":[{"embeddable":true,"href":"https:\/\/diariodominicano.com\/index.php?rest_route=%2Fwp%2Fv2%2Fcomments&post=643895"}],"version-history":[{"count":2,"href":"https:\/\/diariodominicano.com\/index.php?rest_route=\/wp\/v2\/posts\/643895\/revisions"}],"predecessor-version":[{"id":643926,"href":"https:\/\/diariodominicano.com\/index.php?rest_route=\/wp\/v2\/posts\/643895\/revisions\/643926"}],"wp:featuredmedia":[{"embeddable":true,"href":"https:\/\/diariodominicano.com\/index.php?rest_route=\/wp\/v2\/media\/643922"}],"wp:attachment":[{"href":"https:\/\/diariodominicano.com\/index.php?rest_route=%2Fwp%2Fv2%2Fmedia&parent=643895"}],"wp:term":[{"taxonomy":"category","embeddable":true,"href":"https:\/\/diariodominicano.com\/index.php?rest_route=%2Fwp%2Fv2%2Fcategories&post=643895"},{"taxonomy":"post_tag","embeddable":true,"href":"https:\/\/diariodominicano.com\/index.php?rest_route=%2Fwp%2Fv2%2Ftags&post=643895"}],"curies":[{"name":"wp","href":"https:\/\/api.w.org\/{rel}","templated":true}]}}