{"id":643891,"date":"2025-10-15T15:41:36","date_gmt":"2025-10-15T19:41:36","guid":{"rendered":"https:\/\/diariodominicano.com\/?p=643891"},"modified":"2025-10-15T22:52:13","modified_gmt":"2025-10-16T02:52:13","slug":"fundacion-popular-e-infotep-inauguran-centro-formacion-rio-yuna","status":"publish","type":"post","link":"https:\/\/diariodominicano.com\/?p=643891","title":{"rendered":"Fundaci\u00f3n Popular e INFOTEP inauguran Centro Formaci\u00f3n R\u00edo Yuna"},"content":{"rendered":"\n<p><strong>Infraestructura educativa en Blanco beneficiar\u00e1 a comunidades de Monse\u00f1or Nouel<\/strong><\/p>\n\n\n\n<p>Bonao, Monse\u00f1or Nouel. \u2013&nbsp;La Fundaci\u00f3n Popular y el Instituto Nacional de Formaci\u00f3n T\u00e9cnico Profesional (INFOTEP), en coordinaci\u00f3n con la Federaci\u00f3n de Campesinos hacia el Progreso (FCHP), inauguraron el Centro de Formaci\u00f3n Integral R\u00edo Yuna, ubicado en la comunidad de Blanco, provincia Monse\u00f1or Nouel, el cual ofrecer\u00e1 programas formativos para j\u00f3venes y adultos, con \u00e9nfasis en medios de vida sostenibles, formaci\u00f3n t\u00e9cnica, producci\u00f3n agropecuaria y pr\u00e1cticas agroecol\u00f3gicas.<\/p>\n\n\n\n<p>Esta acci\u00f3n se enmarca en el Proyecto de Desarrollo Integral Inclusivo en Blanco de la Fundaci\u00f3n Popular, una iniciativa impulsada por la Fundaci\u00f3n Popular y la Federaci\u00f3n de Campesinos hacia el Progreso, que est\u00e1 orientada al fortalecimiento de capacidades en comunidades rurales.<\/p>\n\n\n\n<figure class=\"wp-block-gallery has-nested-images columns-default is-cropped wp-block-gallery-1 is-layout-flex wp-block-gallery-is-layout-flex\">\n<figure class=\"wp-block-image size-large\"><img loading=\"lazy\" decoding=\"async\" width=\"986\" height=\"658\" data-id=\"643899\" src=\"https:\/\/diariodominicano.com\/wp-content\/uploads\/2025\/10\/Una-iniciativa-impulsada-por-la-Fundacion-Popular-y-la-Federacion.jpg\" alt=\"\" class=\"wp-image-643899\" srcset=\"https:\/\/diariodominicano.com\/wp-content\/uploads\/2025\/10\/Una-iniciativa-impulsada-por-la-Fundacion-Popular-y-la-Federacion.jpg 986w, https:\/\/diariodominicano.com\/wp-content\/uploads\/2025\/10\/Una-iniciativa-impulsada-por-la-Fundacion-Popular-y-la-Federacion-300x200.jpg 300w, https:\/\/diariodominicano.com\/wp-content\/uploads\/2025\/10\/Una-iniciativa-impulsada-por-la-Fundacion-Popular-y-la-Federacion-768x513.jpg 768w, https:\/\/diariodominicano.com\/wp-content\/uploads\/2025\/10\/Una-iniciativa-impulsada-por-la-Fundacion-Popular-y-la-Federacion-816x545.jpg 816w\" sizes=\"auto, (max-width: 986px) 100vw, 986px\" \/><\/figure>\n<\/figure>\n\n\n\n<p>El centro de formaci\u00f3n est\u00e1 localizado en el Complejo Ecotur\u00edstico R\u00edo Blanco y fue habilitado en instalaciones remozadas con recursos de la Fundaci\u00f3n Popular y la FCHP. Recibi\u00f3 equipamiento t\u00e9cnico por parte de INFOTEP y la Empresa de Generaci\u00f3n Hidroel\u00e9ctrica Dominicana (EGEHID).<\/p>\n\n\n\n<figure class=\"wp-block-gallery has-nested-images columns-default is-cropped wp-block-gallery-2 is-layout-flex wp-block-gallery-is-layout-flex\">\n<figure class=\"wp-block-image size-large\"><img loading=\"lazy\" decoding=\"async\" width=\"1024\" height=\"683\" data-id=\"643898\" src=\"https:\/\/diariodominicano.com\/wp-content\/uploads\/2025\/10\/El-centro-de-formacion-esta-localizado-en-el-Complejo-Ecoturist-1024x683.jpg\" alt=\"\" class=\"wp-image-643898\" srcset=\"https:\/\/diariodominicano.com\/wp-content\/uploads\/2025\/10\/El-centro-de-formacion-esta-localizado-en-el-Complejo-Ecoturist-1024x683.jpg 1024w, https:\/\/diariodominicano.com\/wp-content\/uploads\/2025\/10\/El-centro-de-formacion-esta-localizado-en-el-Complejo-Ecoturist-300x200.jpg 300w, https:\/\/diariodominicano.com\/wp-content\/uploads\/2025\/10\/El-centro-de-formacion-esta-localizado-en-el-Complejo-Ecoturist-768x512.jpg 768w, https:\/\/diariodominicano.com\/wp-content\/uploads\/2025\/10\/El-centro-de-formacion-esta-localizado-en-el-Complejo-Ecoturist-816x544.jpg 816w, https:\/\/diariodominicano.com\/wp-content\/uploads\/2025\/10\/El-centro-de-formacion-esta-localizado-en-el-Complejo-Ecoturist.jpg 1220w\" sizes=\"auto, (max-width: 1024px) 100vw, 1024px\" \/><\/figure>\n<\/figure>\n\n\n\n<p>En el acto de inauguraci\u00f3n se realiz\u00f3 un recorrido por sus instalaciones y se presentaron los espacios destinados a aulas y talleres.<\/p>\n\n\n\n<p><strong>Un centro con prop\u00f3sito de desarrollo rural integral<\/strong><\/p>\n\n\n\n<p>Durante la actividad de apertura formal del centro, los representantes de las instituciones participantes describieron el origen del proyecto y el alcance del acuerdo interinstitucional.&nbsp;<\/p>\n\n\n\n<p>En sus palabras, la se\u00f1ora Mariel Bera, vicepresidenta del \u00c1rea de Relaciones Corporativas y Banca Responsable del Banco Popular Dominicano, indic\u00f3 que \u201cen la Fundaci\u00f3n Popular este proyecto se vincula al pilar de Desarrollo Comunitario. Desde ah\u00ed promovemos intervenciones locales inspiradas en un modelo de comunidades sostenibles. Nos enfocamos en crear infraestructuras resilientes y en apoyar proyectos capaces de generar bienestar real, con resultados medibles y replicables\u201d.<\/p>\n\n\n\n<p>Explic\u00f3, adem\u00e1s, que&nbsp;ven&nbsp;Blanco como \u201cun ejemplo nacional de desarrollo inclusivo y sostenible\u201d, porque integra medioambiente, educaci\u00f3n y econom\u00eda comunitaria con el objetivo de \u201cgenerar un cambio profundo, con rostro humano y compromiso colectivo\u201d.<\/p>\n\n\n\n<p>La presidenta de la Federaci\u00f3n de Campesinos Hacia el Progreso, se\u00f1ora Cristina Cortorreal, agradeci\u00f3 a las instituciones por el apoyo brindado en la creaci\u00f3n del centro de formaci\u00f3n, el cual, subray\u00f3, representa una importante oportunidad de desarrollo para la comunidad, especialmente para mujeres, ni\u00f1os y j\u00f3venes.<\/p>\n\n\n\n<p>El director general del INFOTEP, Rafael Santos Bad\u00eda, enfatiz\u00f3 que el Centro de Formaci\u00f3n R\u00edo Yuna representa un compromiso institucional con la formaci\u00f3n t\u00e9cnico-profesional orientada a la sostenibilidad ambiental y la protecci\u00f3n de los recursos h\u00eddricos.<\/p>\n\n\n\n<p>\u201cEste centro no solo lleva capacitaci\u00f3n t\u00e9cnica de calidad a la poblaci\u00f3n, sino que tambi\u00e9n promueve la conciencia sobre el uso responsable del agua y la preservaci\u00f3n de nuestras fuentes naturales, integrando la educaci\u00f3n con el desarrollo productivo sostenible\u201d, se\u00f1al\u00f3 Santos Bad\u00eda.<\/p>\n\n\n\n<p><strong>Formaci\u00f3n adaptada a las necesidades del entorno<\/strong><\/p>\n\n\n\n<p>El programa educativo del Centro de Formaci\u00f3n Integral R\u00edo Yuna estar\u00e1 dise\u00f1ado para responder a las caracter\u00edsticas productivas y sociales de la regi\u00f3n de Blanco, entre ellas la demanda local y las oportunidades de empleo y emprendimiento.<\/p>\n\n\n\n<p>La oferta inicial contempla siete cursos t\u00e9cnicos prioritarios, impartidos en modalidad presencial, en \u00e1reas como agroecolog\u00eda, agricultura sostenible, ecoturismo, electricidad, ventas, servicio al cliente y habilidades blandas.<\/p>\n\n\n\n<p>En adici\u00f3n, la formaci\u00f3n est\u00e1 dirigida con especial atenci\u00f3n a los grupos tradicionalmente menos representados, como las mujeres y los j\u00f3venes entre 15 y 30 a\u00f1os. Adem\u00e1s de las capacitaciones t\u00e9cnicas, se incluir\u00e1n contenidos sobre emprendimiento, gesti\u00f3n comunitaria y sostenibilidad ambiental, para fortalecer las capacidades individuales y colectivas en la regi\u00f3n.<\/p>\n\n\n\n<p><strong>Vicepresidencia Ejecutiva<br>Comunicaciones Corporativas, Reputaci\u00f3n y Banca Responsable<\/strong><\/p>\n\n\n\n<p>Edimengrid Abreu Abreu <a href=\"mailto:edabreu@bpd.com.do\">edabreu@bpd.com.do<\/a><\/p>\n\n\n\n<p><\/p>\n","protected":false},"excerpt":{"rendered":"<p>Infraestructura educativa en Blanco beneficiar\u00e1 a comunidades de Monse\u00f1or Nouel Bonao, Monse\u00f1or Nouel. \u2013&nbsp;La Fundaci\u00f3n Popular y el Instituto Nacional de Formaci\u00f3n T\u00e9cnico Profesional (INFOTEP), en coordinaci\u00f3n con la Federaci\u00f3n de Campesinos hacia el Progreso (FCHP), inauguraron el Centro de Formaci\u00f3n Integral R\u00edo Yuna, ubicado en la comunidad de Blanco, provincia Monse\u00f1or Nouel, el cual [&hellip;]<\/p>\n","protected":false},"author":7,"featured_media":643900,"comment_status":"closed","ping_status":"closed","sticky":false,"template":"","format":"standard","meta":{"footnotes":""},"categories":[1],"tags":[223,94],"class_list":["post-643891","post","type-post","status-publish","format-standard","has-post-thumbnail","hentry","category-editorial","tag-fundacion-popular","tag-infotep"],"_links":{"self":[{"href":"https:\/\/diariodominicano.com\/index.php?rest_route=\/wp\/v2\/posts\/643891","targetHints":{"allow":["GET"]}}],"collection":[{"href":"https:\/\/diariodominicano.com\/index.php?rest_route=\/wp\/v2\/posts"}],"about":[{"href":"https:\/\/diariodominicano.com\/index.php?rest_route=\/wp\/v2\/types\/post"}],"author":[{"embeddable":true,"href":"https:\/\/diariodominicano.com\/index.php?rest_route=\/wp\/v2\/users\/7"}],"replies":[{"embeddable":true,"href":"https:\/\/diariodominicano.com\/index.php?rest_route=%2Fwp%2Fv2%2Fcomments&post=643891"}],"version-history":[{"count":1,"href":"https:\/\/diariodominicano.com\/index.php?rest_route=\/wp\/v2\/posts\/643891\/revisions"}],"predecessor-version":[{"id":643901,"href":"https:\/\/diariodominicano.com\/index.php?rest_route=\/wp\/v2\/posts\/643891\/revisions\/643901"}],"wp:featuredmedia":[{"embeddable":true,"href":"https:\/\/diariodominicano.com\/index.php?rest_route=\/wp\/v2\/media\/643900"}],"wp:attachment":[{"href":"https:\/\/diariodominicano.com\/index.php?rest_route=%2Fwp%2Fv2%2Fmedia&parent=643891"}],"wp:term":[{"taxonomy":"category","embeddable":true,"href":"https:\/\/diariodominicano.com\/index.php?rest_route=%2Fwp%2Fv2%2Fcategories&post=643891"},{"taxonomy":"post_tag","embeddable":true,"href":"https:\/\/diariodominicano.com\/index.php?rest_route=%2Fwp%2Fv2%2Ftags&post=643891"}],"curies":[{"name":"wp","href":"https:\/\/api.w.org\/{rel}","templated":true}]}}