{"id":643717,"date":"2025-10-14T23:02:55","date_gmt":"2025-10-15T03:02:55","guid":{"rendered":"https:\/\/diariodominicano.com\/?p=643717"},"modified":"2025-10-14T23:02:58","modified_gmt":"2025-10-15T03:02:58","slug":"anpa-pospone-paro-de-labores-en-el-sector-agropecuario-tras-intervencion-del-expresidente-hipolito-mejia-como-mediador","status":"publish","type":"post","link":"https:\/\/diariodominicano.com\/?p=643717","title":{"rendered":"ANPA pospone paro de labores en el sector agropecuario tras intervenci\u00f3n del expresidente Hip\u00f3lito Mej\u00eda como mediador"},"content":{"rendered":"\n<p>Santo Domingo, 14 de octubre de 2025. La Asociaci\u00f3n Nacional de Profesionales Agropecuarios (ANPA) inform\u00f3 hoy que ten\u00eda previsto anunciar un paro nacional de labores por 48 horas en todo el sector agropecuario, sin embargo, el anuncio ha sido pospuesto luego de que el expresidente de la Rep\u00fablica, ingeniero Hip\u00f3lito Mej\u00eda, aceptara la solicitud de la ANPA de servir como mediador ante el presidente Luis Abinader en busca de una soluci\u00f3n definitiva a las demandas del gremio.<\/p>\n\n\n\n<figure class=\"wp-block-image size-large\"><img loading=\"lazy\" decoding=\"async\" width=\"1024\" height=\"682\" src=\"https:\/\/diariodominicano.com\/wp-content\/uploads\/2025\/10\/ANPA-pospone-paro-de-labores-en-el-sector-agropecuario-tras-intervencion-del-expresidente-Hipolito-Mejia-como-mediador-1024x682.jpeg\" alt=\"\" class=\"wp-image-643722\" srcset=\"https:\/\/diariodominicano.com\/wp-content\/uploads\/2025\/10\/ANPA-pospone-paro-de-labores-en-el-sector-agropecuario-tras-intervencion-del-expresidente-Hipolito-Mejia-como-mediador-1024x682.jpeg 1024w, https:\/\/diariodominicano.com\/wp-content\/uploads\/2025\/10\/ANPA-pospone-paro-de-labores-en-el-sector-agropecuario-tras-intervencion-del-expresidente-Hipolito-Mejia-como-mediador-300x200.jpeg 300w, https:\/\/diariodominicano.com\/wp-content\/uploads\/2025\/10\/ANPA-pospone-paro-de-labores-en-el-sector-agropecuario-tras-intervencion-del-expresidente-Hipolito-Mejia-como-mediador-768x512.jpeg 768w, https:\/\/diariodominicano.com\/wp-content\/uploads\/2025\/10\/ANPA-pospone-paro-de-labores-en-el-sector-agropecuario-tras-intervencion-del-expresidente-Hipolito-Mejia-como-mediador-1536x1023.jpeg 1536w, https:\/\/diariodominicano.com\/wp-content\/uploads\/2025\/10\/ANPA-pospone-paro-de-labores-en-el-sector-agropecuario-tras-intervencion-del-expresidente-Hipolito-Mejia-como-mediador-816x544.jpeg 816w, https:\/\/diariodominicano.com\/wp-content\/uploads\/2025\/10\/ANPA-pospone-paro-de-labores-en-el-sector-agropecuario-tras-intervencion-del-expresidente-Hipolito-Mejia-como-mediador.jpeg 1600w\" sizes=\"auto, (max-width: 1024px) 100vw, 1024px\" \/><\/figure>\n\n\n\n<p>El presidente de la ANPA, agr\u00f3nomo V\u00edctor Hugo (Tito) Hern\u00e1ndez, explic\u00f3 que esta decisi\u00f3n se tom\u00f3 en un acto de buena fe y confianza en la gesti\u00f3n del expresidente Mej\u00eda, a quien calific\u00f3 como \u201cun aliado cre\u00edble y confiable del gremio, con una trayectoria de respeto hacia los profesionales agropecuarios\u201d.<\/p>\n\n\n\n<p>&nbsp;\u201cConfiamos plenamente en la mediaci\u00f3n del expresidente Hip\u00f3lito Mej\u00eda y en la respuesta positiva que estamos seguros dar\u00e1 el presidente Luis Abinader. Nunca hemos puesto en duda su voluntad ni su disposici\u00f3n para atender nuestras justas demandas\u201d, expres\u00f3 Hern\u00e1ndez.<\/p>\n\n\n\n<p>La ANPA reiter\u00f3, no obstante, su rechazo en\u00e9rgico a la represi\u00f3n violenta que se produjo durante el paro pac\u00edfico de 24 horas realizado recientemente frente al Ministerio de Agricultura, donde varios de sus miembros fueron agredidos injustamente mientras ejerc\u00edan su derecho constitucional a la protesta.<\/p>\n\n\n\n<p>El gremio reafirm\u00f3 que sus reclamos se mantienen firmes y leg\u00edtimos: pensiones dignas para los profesionales agropecuarios, aumento salarial y reposici\u00f3n de los cancelados, entre otras reivindicaciones pendientes.<\/p>\n\n\n\n<p>Finalmente, la ANPA llam\u00f3 a toda su militancia y a los profesionales del sector a mantenerse en pie de lucha, en estado de alerta permanente y a la espera de los resultados de esta mediaci\u00f3n, que podr\u00eda abrir un camino de di\u00e1logo y soluci\u00f3n definitiva a las justas demandas del gremio agropecuario.<\/p>\n\n\n\n<p>&nbsp;DIRECCION DE PRENSA<\/p>\n","protected":false},"excerpt":{"rendered":"<p>Santo Domingo, 14 de octubre de 2025. La Asociaci\u00f3n Nacional de Profesionales Agropecuarios (ANPA) inform\u00f3 hoy que ten\u00eda previsto anunciar un paro nacional de labores por 48 horas en todo el sector agropecuario, sin embargo, el anuncio ha sido pospuesto luego de que el expresidente de la Rep\u00fablica, ingeniero Hip\u00f3lito Mej\u00eda, aceptara la solicitud de [&hellip;]<\/p>\n","protected":false},"author":7,"featured_media":643723,"comment_status":"closed","ping_status":"closed","sticky":false,"template":"","format":"standard","meta":{"footnotes":""},"categories":[36],"tags":[2659],"class_list":["post-643717","post","type-post","status-publish","format-standard","has-post-thumbnail","hentry","category-hombresmujeresycosas","tag-anpa"],"_links":{"self":[{"href":"https:\/\/diariodominicano.com\/index.php?rest_route=\/wp\/v2\/posts\/643717","targetHints":{"allow":["GET"]}}],"collection":[{"href":"https:\/\/diariodominicano.com\/index.php?rest_route=\/wp\/v2\/posts"}],"about":[{"href":"https:\/\/diariodominicano.com\/index.php?rest_route=\/wp\/v2\/types\/post"}],"author":[{"embeddable":true,"href":"https:\/\/diariodominicano.com\/index.php?rest_route=\/wp\/v2\/users\/7"}],"replies":[{"embeddable":true,"href":"https:\/\/diariodominicano.com\/index.php?rest_route=%2Fwp%2Fv2%2Fcomments&post=643717"}],"version-history":[{"count":1,"href":"https:\/\/diariodominicano.com\/index.php?rest_route=\/wp\/v2\/posts\/643717\/revisions"}],"predecessor-version":[{"id":643724,"href":"https:\/\/diariodominicano.com\/index.php?rest_route=\/wp\/v2\/posts\/643717\/revisions\/643724"}],"wp:featuredmedia":[{"embeddable":true,"href":"https:\/\/diariodominicano.com\/index.php?rest_route=\/wp\/v2\/media\/643723"}],"wp:attachment":[{"href":"https:\/\/diariodominicano.com\/index.php?rest_route=%2Fwp%2Fv2%2Fmedia&parent=643717"}],"wp:term":[{"taxonomy":"category","embeddable":true,"href":"https:\/\/diariodominicano.com\/index.php?rest_route=%2Fwp%2Fv2%2Fcategories&post=643717"},{"taxonomy":"post_tag","embeddable":true,"href":"https:\/\/diariodominicano.com\/index.php?rest_route=%2Fwp%2Fv2%2Ftags&post=643717"}],"curies":[{"name":"wp","href":"https:\/\/api.w.org\/{rel}","templated":true}]}}