{"id":643340,"date":"2025-10-13T01:40:37","date_gmt":"2025-10-13T05:40:37","guid":{"rendered":"https:\/\/diariodominicano.com\/?p=643340"},"modified":"2025-10-13T01:42:43","modified_gmt":"2025-10-13T05:42:43","slug":"palestina-una-tragedia-increible","status":"publish","type":"post","link":"https:\/\/diariodominicano.com\/?p=643340","title":{"rendered":"Palestina: una tragedia incre\u00edble\u00a0"},"content":{"rendered":"\n<p><strong>Han pasado dos a\u00f1os desde el 7 de octubre de 2023, d\u00eda en que comenz\u00f3 esta horrible guerra, que parece estar llegando a su fin gracias al acuerdo entre Israel y Ham\u00e1s. Durante estos dos a\u00f1os, la luz del sol desapareci\u00f3 de esta tr\u00e1gica regi\u00f3n del planeta y todo qued\u00f3 envuelto en la oscuridad. Ya no hab\u00eda sonrisas en los rostros de la gente, ya no hab\u00eda optimismo ni alegr\u00eda, y los corazones se hab\u00edan ennegrecido por un profundo dolor. Los ni\u00f1os que se hab\u00edan salvado de las bombas y las balas que ca\u00edan como granizo estaban muy tristes y melanc\u00f3licos al ver casas destruidas y calles embarradas a su alrededor.<\/strong><\/p>\n\n\n\n<p><strong>Los ni\u00f1os, en particular, sufrieron consecuencias dram\u00e1ticas. Seg\u00fan la ONU, en los \u00faltimos cuatro a\u00f1os ha habido m\u00e1s ni\u00f1os muertos en Gaza que en todo el mundo. La crisis humanitaria se agravaba cada d\u00eda. La hambruna amenazaba de muerte a los supervivientes. El hambre asolaba, especialmente a los ni\u00f1os, que se desmayaban de agotamiento en las calles, ante la mirada de padres desesperados e incapaces de ayudarlos. Seg\u00fan UNICEF, aproximadamente 17.000 menores no estaban acompa\u00f1ados o estaban separados de sus padres desde el inicio de la guerra.<\/strong><\/p>\n\n\n\n<p><strong>Y el n\u00famero total de muertos desde el inicio de la guerra en la Franja de Gaza, que ahora se asemeja a una enorme herida en el coraz\u00f3n de la humanidad, super\u00f3 los 67.000, mientras que hubo m\u00e1s de 150.000 heridos, a menudo de gravedad, muchos con extremidades amputadas, sin acceso a atenci\u00f3n m\u00e9dica, en hospitales bombardeados. Miles m\u00e1s permanecieron enterrados vivos o muertos bajo los escombros, en ciudades y pueblos que quedaron reducidos a escombros en tan solo unas horas.<\/strong><\/p>\n\n\n\n<p><strong>&nbsp;Las fotos de ni\u00f1os emergiendo de los escombros, cubiertos de polvo y sangre de pies a cabeza, son impactantes. Fotos que solo pueden causar angustia y l\u00e1grimas.<\/strong><\/p>\n\n\n\n<p><strong>Pero \u00bfpor qu\u00e9 ocurre esta guerra? \u00bfPor qu\u00e9 se perpet\u00faa este conflicto? Los israel\u00edes tienen derecho a tener su propio Estado, pero los palestinos tambi\u00e9n tienen derecho a tener su propio territorio con categor\u00eda de Estado.<\/strong><\/p>\n\n\n\n<p><strong>Durante 77 a\u00f1os \u2014desde 1948, a\u00f1o de la creaci\u00f3n del Estado de Israel\u2014, ha existido una resoluci\u00f3n de la ONU para crear un Estado palestino independiente, la cual no se ha implementado. En aquel entonces, del \u00e1rea designada como \u00abPalestina Hist\u00f3rica\u00bb, Israel se apropi\u00f3 del 56%, y el 44% restante se utiliz\u00f3 para definir las fronteras del Estado palestino que se establecer\u00eda. Por el contrario, el Estado de Israel \u2014<\/strong> <strong>y el estado son los que gobiernan cada vez \u2014 ataca al pueblo palestino y ha expandido la ocupaci\u00f3n de sus territorios.&nbsp;<\/strong><\/p>\n\n\n\n<p><strong>Y es cierto que la gente de todo el mundo, y por supuesto los palestinos e israel\u00edes, en su abrumadora mayor\u00eda, no quiere la guerra. No quiere matanzas, muertos ni cr\u00edmenes. Quiere vivir en un entorno pac\u00edfico, hermoso y feliz. Quieren y anhelan la paz. Quieren sonre\u00edr cada d\u00eda y so\u00f1ar. Todas las personas en este mundo se fijan metas e intentan alcanzarlas, dando as\u00ed sentido a sus vidas. No quieren que estas metas se interrumpan violentamente, repentina y abruptamente, como sucede cuando un pa\u00eds se sumerge en la vor\u00e1gine de la guerra. No quieren estar inmersos durante meses o incluso a\u00f1os en este horror. Los padres y las madres quieren ver a sus hijos progresar y llenarlos de orgullo. No quieren enviarlos a la guerra y morir de la forma m\u00e1s horrible.<\/strong><\/p>\n\n\n\n<p><strong>El reciente acuerdo firmado en Egipto, en el balneario de Sharm el-Sheij, entre Israel y Ham\u00e1s, con la mediaci\u00f3n del presidente estadounidense Donald Trump, para un alto el fuego y la liberaci\u00f3n de rehenes israel\u00edes y prisioneros palestinos, genera la primera esperanza real de poner fin a la guerra en la Franja de Gaza. Sin embargo, el tiempo dir\u00e1 si este acuerdo significar\u00e1 realmente el ansiado fin permanente de la guerra, dado que tras el primer alto el fuego en noviembre de 2023 y el segundo a principios de 2025, se ha producido un retorno a las operaciones militares y los enfrentamientos.<\/strong><\/p>\n\n\n\n<p><strong>Para concluir, quisiera enfatizar que esta incre\u00edble tragedia que ha marcado a la humanidad no puede dejar indiferente a ninguna persona con sensibilidad, compasi\u00f3n y humanidad. Todo lo que ha estado sucediendo all\u00ed durante a\u00f1os es una mancha negra en la civilizaci\u00f3n humana. Especialmente los escritores, poetas y artistas, quienes tienen la enorme responsabilidad de generar emociones, deben gritar con todas sus fuerzas: \u00ab\u00a1Nunca hagan la guerra!\u00bb. \u00ab\u00a1Detengan el asesinato de civiles y ni\u00f1os inocentes para siempre!\u00bb.<\/strong><\/p>\n\n\n\n<p><strong>*Isidoros Karderinis, periodista acreditado por el Ministerio de Asuntos Exteriores, miembro titular de la Asociaci\u00f3n de Corresponsales de Prensa Extranjera de Grecia, novelista, poeta y letrista. Facebook: Karderinis Isidoros&nbsp;<\/strong><\/p>\n\n\n\n<p><strong>Isidoros Karderinis <\/strong><a href=\"mailto:skarderinis@hotmail.gr\"><strong>skarderinis@hotmail.gr<\/strong><\/a><strong>&nbsp;<\/strong><\/p>\n","protected":false},"excerpt":{"rendered":"<p>Han pasado dos a\u00f1os desde el 7 de octubre de 2023, d\u00eda en que comenz\u00f3 esta horrible guerra, que parece estar llegando a su fin gracias al acuerdo entre Israel y Ham\u00e1s. Durante estos dos a\u00f1os, la luz del sol desapareci\u00f3 de esta tr\u00e1gica regi\u00f3n del planeta y todo qued\u00f3 envuelto en la oscuridad. Ya [&hellip;]<\/p>\n","protected":false},"author":7,"featured_media":588238,"comment_status":"closed","ping_status":"closed","sticky":false,"template":"","format":"standard","meta":{"footnotes":""},"categories":[16],"tags":[1389],"class_list":["post-643340","post","type-post","status-publish","format-standard","has-post-thumbnail","hentry","category-opiniones","tag-isidoros-karderinis"],"_links":{"self":[{"href":"https:\/\/diariodominicano.com\/index.php?rest_route=\/wp\/v2\/posts\/643340","targetHints":{"allow":["GET"]}}],"collection":[{"href":"https:\/\/diariodominicano.com\/index.php?rest_route=\/wp\/v2\/posts"}],"about":[{"href":"https:\/\/diariodominicano.com\/index.php?rest_route=\/wp\/v2\/types\/post"}],"author":[{"embeddable":true,"href":"https:\/\/diariodominicano.com\/index.php?rest_route=\/wp\/v2\/users\/7"}],"replies":[{"embeddable":true,"href":"https:\/\/diariodominicano.com\/index.php?rest_route=%2Fwp%2Fv2%2Fcomments&post=643340"}],"version-history":[{"count":1,"href":"https:\/\/diariodominicano.com\/index.php?rest_route=\/wp\/v2\/posts\/643340\/revisions"}],"predecessor-version":[{"id":643345,"href":"https:\/\/diariodominicano.com\/index.php?rest_route=\/wp\/v2\/posts\/643340\/revisions\/643345"}],"wp:featuredmedia":[{"embeddable":true,"href":"https:\/\/diariodominicano.com\/index.php?rest_route=\/wp\/v2\/media\/588238"}],"wp:attachment":[{"href":"https:\/\/diariodominicano.com\/index.php?rest_route=%2Fwp%2Fv2%2Fmedia&parent=643340"}],"wp:term":[{"taxonomy":"category","embeddable":true,"href":"https:\/\/diariodominicano.com\/index.php?rest_route=%2Fwp%2Fv2%2Fcategories&post=643340"},{"taxonomy":"post_tag","embeddable":true,"href":"https:\/\/diariodominicano.com\/index.php?rest_route=%2Fwp%2Fv2%2Ftags&post=643340"}],"curies":[{"name":"wp","href":"https:\/\/api.w.org\/{rel}","templated":true}]}}