{"id":643307,"date":"2025-10-13T01:03:27","date_gmt":"2025-10-13T05:03:27","guid":{"rendered":"https:\/\/diariodominicano.com\/?p=643307"},"modified":"2025-10-13T01:06:50","modified_gmt":"2025-10-13T05:06:50","slug":"ministerio-publico-inicia-formacion-de-100-abogados-que-seran-representantes-de-victimas","status":"publish","type":"post","link":"https:\/\/diariodominicano.com\/?p=643307","title":{"rendered":"Ministerio P\u00fablico inicia formaci\u00f3n de 100 abogados que ser\u00e1n representantes de v\u00edctimas"},"content":{"rendered":"\n<p><em><u>Yeni Berenice Reynoso exhort\u00f3 a los profesionales del Derecho a tener siempre como centro de actuaci\u00f3n valores como la honestidad y la integridad<\/u><\/em><\/p>\n\n\n\n<p><strong>SANTO DOMINGO (Rep\u00fablica Dominicana).-<\/strong>&nbsp;Como parte de su visi\u00f3n de un Ministerio P\u00fablico centrado en las personas, la procuradora general de la Rep\u00fablica, Yeni Berenice Reynoso, encabez\u00f3 el acto de bienvenida a los 100 abogados seleccionados mediante concurso de oposici\u00f3n para desempe\u00f1ar el rol de representantes de v\u00edctimas en diferentes jurisdicciones.<\/p>\n\n\n\n<p>Los abogados cursar\u00e1n un programa especializado en derechos de las v\u00edctimas en el<\/p>\n\n\n\n<p>Instituto de Educaci\u00f3n Superior Escuela Nacional del Ministerio P\u00fablico (IES-ENMP) con una formaci\u00f3n integral orientada a los derechos humanos, al derecho penal y a las normativas procesales, con especial atenci\u00f3n a las v\u00edctimas de delitos como violencia de g\u00e9nero, tr\u00e1fico de personas, abuso infantil y otros que afectan a colectivos vulnerables.<\/p>\n\n\n\n<p>\u201cHoy es un d\u00eda hist\u00f3rico, y eso pudiese parecer una frase ret\u00f3rica, trillada; pero, cr\u00e9anme que lo digo desde lo m\u00e1s profundo de mi coraz\u00f3n. Una de las razones que me impuls\u00f3 a ser Ministerio P\u00fablico, es proteger a las personas\u201d, expres\u00f3 la procuradora Reynoso al pronunciar el discurso central del acto celebrado en el sal\u00f3n de Convenciones del Ministerio de Relaciones Exteriores (Mirex).<\/p>\n\n\n\n<p>Reynoso reiter\u00f3 su aspiraci\u00f3n de fortalecer un Estado de derecho en el que la v\u00edctima y su protecci\u00f3n no sean una mera formalidad legal. \u201cUna sociedad se mide hoy por su Estado de derecho, y una parte esencial del Estado de derecho es que todos y todas tengamos igualdad, en este caso, ante el proceso y ante la ley\u201d, proclam\u00f3.<\/p>\n\n\n\n<p>En el acto estuvieron presentes los miembros del Consejo Superior del Ministerio P\u00fablico y del Consejo Acad\u00e9mico del IES-ENMP, as\u00ed como su rectora, Marien Montero Beard, quien, al pronunciar las palabras de bienvenida, resalt\u00f3 que el concurso seleccion\u00f3 a los mejores perfiles de abogados que postularon.<\/p>\n\n\n\n<p>Tambi\u00e9n, estuvieron Mar\u00eda Rosalba D\u00edaz Henr\u00edquez, directora del Servicio Nacional de Representaci\u00f3n Legal de los Derechos de la V\u00edctima (Relevic), y el procurador adjunto Wilson Camacho, director general de Persecuci\u00f3n del Ministerio P\u00fablico.<\/p>\n\n\n\n<p>La procuradora Reynoso resalt\u00f3 en su discurso, la importancia de proteger a las personas. \u201cLas v\u00edctimas tienen el derecho a un acceso oportuno a justicia, tienen acceso a la verdad, no solo a la verdad forense y a la consecuencia de los hechos, sino, tienen, tambi\u00e9n, derecho a que esa verdad pueda conocerse en plazos razonables y con la asistencia t\u00e9cnica oportuna\u201d, dijo.<\/p>\n\n\n\n<p>Expuso que la justicia no solo debe ser punitiva para el infractor, sino, que tiene que ser restaurativa, transformadora para las v\u00edctimas. \u201cEsto significa garantizar su participaci\u00f3n efectiva y segura en el proceso; que se sienta un sujeto de derecho y no solo un objeto, una prueba, un instrumento, un n\u00famero, un expediente\u201d.<\/p>\n\n\n\n<p>Afirm\u00f3 que la verdadera justicia debe buscar y garantizar la reconstrucci\u00f3n de un proyecto de vida que fue truncado, resaltando que eso incluye la rehabilitaci\u00f3n, la atenci\u00f3n integral, f\u00edsica, psicol\u00f3gica y social, y la restauraci\u00f3n.<\/p>\n\n\n\n<p>Destac\u00f3 que esta primera promoci\u00f3n est\u00e1 ingresando con las mismas condiciones que ingresan los fiscales, quienes dijo que tambi\u00e9n van a tener ingreso a Carrera y podr\u00e1n participar en capacitaciones nacionales e internacionales.<\/p>\n\n\n\n<p>\u201cLa propuesta que hemos hecho es que en el anteproyecto de ley que hemos trabajado en conjunto con el Poder Ejecutivo se incluya la Carrera de los Abogados Representantes de V\u00edctimas, quienes subir\u00e1n a audiencia, ya aprobado por el Consejo Superior, con su toga, con un color que lo va a identificar; tendr\u00e1n su bandera, tendr\u00e1n su pin, en fin, un verdadero cuerpo a la altura de lo que se merecen\u201d, adelant\u00f3 la procuradora.<\/p>\n\n\n\n<p>\u201cMi exhortaci\u00f3n principal es que le vamos a dar mucho, pero les vamos a exigir mucho. Esperamos mucho nosotros, pero la sociedad tambi\u00e9n espera mucho\u201d, manifest\u00f3 a los abogados, a quienes tambi\u00e9n aconsej\u00f3 actuar \u201ccon honestidad, integridad y que hagan siempre lo correcto\u201d.<\/p>\n\n\n\n<p>Confi\u00f3 en que, para este a\u00f1o, los 35 distritos judiciales en los que va a funcionar el servicio de representaci\u00f3n legal de v\u00edctimas tengan sus oficinas dignas, con las condiciones que se requieren para hacer su trabajo.<\/p>\n\n\n\n<p><strong>Direcci\u00f3n General de Comunicaci\u00f3n, Prensa y RRPP<\/strong><\/p>\n\n\n\n<p><strong>Ministerio P\u00fablico RD<\/strong><\/p>\n\n\n\n<p>Comunicaciones PGR <a href=\"mailto:comunicaciones@pgr.gob.do\">comunicaciones@pgr.gob.do<\/a><\/p>\n\n\n\n<p><\/p>\n","protected":false},"excerpt":{"rendered":"<p>Yeni Berenice Reynoso exhort\u00f3 a los profesionales del Derecho a tener siempre como centro de actuaci\u00f3n valores como la honestidad y la integridad SANTO DOMINGO (Rep\u00fablica Dominicana).-&nbsp;Como parte de su visi\u00f3n de un Ministerio P\u00fablico centrado en las personas, la procuradora general de la Rep\u00fablica, Yeni Berenice Reynoso, encabez\u00f3 el acto de bienvenida a los [&hellip;]<\/p>\n","protected":false},"author":7,"featured_media":456880,"comment_status":"closed","ping_status":"closed","sticky":false,"template":"","format":"standard","meta":{"footnotes":""},"categories":[16],"tags":[171],"class_list":["post-643307","post","type-post","status-publish","format-standard","has-post-thumbnail","hentry","category-opiniones","tag-ministerio-publico"],"_links":{"self":[{"href":"https:\/\/diariodominicano.com\/index.php?rest_route=\/wp\/v2\/posts\/643307","targetHints":{"allow":["GET"]}}],"collection":[{"href":"https:\/\/diariodominicano.com\/index.php?rest_route=\/wp\/v2\/posts"}],"about":[{"href":"https:\/\/diariodominicano.com\/index.php?rest_route=\/wp\/v2\/types\/post"}],"author":[{"embeddable":true,"href":"https:\/\/diariodominicano.com\/index.php?rest_route=\/wp\/v2\/users\/7"}],"replies":[{"embeddable":true,"href":"https:\/\/diariodominicano.com\/index.php?rest_route=%2Fwp%2Fv2%2Fcomments&post=643307"}],"version-history":[{"count":2,"href":"https:\/\/diariodominicano.com\/index.php?rest_route=\/wp\/v2\/posts\/643307\/revisions"}],"predecessor-version":[{"id":643327,"href":"https:\/\/diariodominicano.com\/index.php?rest_route=\/wp\/v2\/posts\/643307\/revisions\/643327"}],"wp:featuredmedia":[{"embeddable":true,"href":"https:\/\/diariodominicano.com\/index.php?rest_route=\/wp\/v2\/media\/456880"}],"wp:attachment":[{"href":"https:\/\/diariodominicano.com\/index.php?rest_route=%2Fwp%2Fv2%2Fmedia&parent=643307"}],"wp:term":[{"taxonomy":"category","embeddable":true,"href":"https:\/\/diariodominicano.com\/index.php?rest_route=%2Fwp%2Fv2%2Fcategories&post=643307"},{"taxonomy":"post_tag","embeddable":true,"href":"https:\/\/diariodominicano.com\/index.php?rest_route=%2Fwp%2Fv2%2Ftags&post=643307"}],"curies":[{"name":"wp","href":"https:\/\/api.w.org\/{rel}","templated":true}]}}