{"id":643303,"date":"2025-10-13T00:13:32","date_gmt":"2025-10-13T04:13:32","guid":{"rendered":"https:\/\/diariodominicano.com\/?p=643303"},"modified":"2025-10-13T00:13:52","modified_gmt":"2025-10-13T04:13:52","slug":"ministerio-publico-solicita-prision-preventiva-contra-hombre-imputado-del-asesinato-de-su-pareja-en-san-cristobal","status":"publish","type":"post","link":"https:\/\/diariodominicano.com\/?p=643303","title":{"rendered":"Ministerio P\u00fablico solicita prisi\u00f3n preventiva contra hombre imputado del asesinato de su pareja en San Crist\u00f3bal"},"content":{"rendered":"\n<p><em><u>El Juzgado de Atenci\u00f3n Permanente de esa provincia aplaz\u00f3 la audiencia para el pr\u00f3ximo 16 de octubre<\/u><\/em><\/p>\n\n\n\n<p><strong>SANTO DOMINGO (Rep\u00fablica Dominicana).-<\/strong>&nbsp;El Ministerio P\u00fablico de San Crist\u00f3bal solicit\u00f3 la imposici\u00f3n de prisi\u00f3n preventiva, como medida de coerci\u00f3n, contra un hombre imputado del asesinato de su pareja, quien hab\u00eda sido reportada como desaparecida por sus familiares el pasado 7 de octubre.<\/p>\n\n\n\n<p>Rodolfo Antonio Ram\u00edrez Ram\u00edrez (el Barbero) fue apresado y sometido a la justicia por su vinculaci\u00f3n con la muerte de Lisset Melenciano Tejada, luego de que fueran encontrados restos del cuerpo de una persona en un solar ubicado detr\u00e1s de la residencia del imputado.<\/p>\n\n\n\n<p>A Ram\u00edrez se le atribuye haber asesinado, mutilado e incendiado y ocultado el cad\u00e1ver de su pareja despu\u00e9s de que este contactara a la v\u00edctima v\u00eda telef\u00f3nica mientras ella se encontraba en la residencia de su madre.<\/p>\n\n\n\n<p>La Oficina Judicial de Servicios de Atenci\u00f3n Permanente de San Crist\u00f3bal aplaz\u00f3 la audiencia para el pr\u00f3ximo 16 octubre de 2025, a partir de las 9:00 de la ma\u00f1ana, a fin de dar tiempo al imputado de buscar un abogado defensor.<\/p>\n\n\n\n<p>Seg\u00fan se ha establecido durante la investigaci\u00f3n, alrededor de las 9:00 de la ma\u00f1ana del d\u00eda 5 de octubre del 2025, Lisset Melenciano Tejada hab\u00eda salido de la residencia de su madre en direcci\u00f3n a la vivienda que compart\u00eda con su pareja en la comunidad Canastica, de San Crist\u00f3bal, sin que, a la fecha de la interposici\u00f3n de la denuncia, el pasado 7 de octubre de 2025, se conociera de su paradero.<\/p>\n\n\n\n<p>La solicitud de medida de coerci\u00f3n detalla que porciones del cuerpo de una persona, fragmentos \u00f3seos, porciones de la pelvis, columna, dorso lumbar, tercio superior de ambos muslos, fragmentos del cr\u00e1neo y parte de huesos largos, fueron encontrados quemados en el citado solar con un tiempo aproximado de la muerte de 3 a 5 d\u00edas.<\/p>\n\n\n\n<p>En la casa del imputado fue ejecutada una orden de allanamiento, siendo encontrado en el patio de la residencia una coa de hierro y un arma blanca (machete), de aproximadamente 14 pulgadas de largo, de color blanco.<\/p>\n\n\n\n<p>El Ministerio P\u00fablico requiri\u00f3 al Departamento de Serolog\u00eda Forense del Instituto Nacional de Ciencias Forenses (Inacif), la realizaci\u00f3n de prueba de ADN forense de los restos mutilados y carbonizados encontrados, para compararlo con el de la madre de la v\u00edctima, a los fines de constatar si son gen\u00e9ticamente coincidentes, as\u00ed como tambi\u00e9n las muestras de manchas, presumiblemente, sangre, que fueron colectadas mediante reactivo de luminol en la residencia del imputado para realizarle la experticia de serolog\u00eda.<\/p>\n\n\n\n<p>Patricia Danilda Dur\u00e1n Valerio y Laura Cecilia Segura Cordero, fiscales investigadoras, solicitaron la imposici\u00f3n de la medida, otorgando al caso la calificaci\u00f3n jur\u00eddica de violaci\u00f3n a los art\u00edculos 295, 296, 297, 298, 302, 304 y 359 del C\u00f3digo Penal dominicano.<\/p>\n\n\n\n<p>La fiscal litigante Diandra Olavarr\u00eda represent\u00f3 al Ministerio P\u00fablico en la audiencia donde el juez Jos\u00e9 Carlos Nina Arias dispuso su aplazamiento para el pr\u00f3ximo jueves.<\/p>\n\n\n\n<p>El Ministerio P\u00fablico indic\u00f3 que el imputado Rodolfo Antonio Ram\u00edrez Ram\u00edrez tiene conducta reiterada en la comisi\u00f3n de il\u00edcitos penales, en virtud de que el citado tribunal en fecha 5 de agosto del 2025, le impuso medida de coerci\u00f3n, consistente en garant\u00eda econ\u00f3mica y presentaci\u00f3n peri\u00f3dica por violar los art\u00edculos 309-2 del C\u00f3digo Penal y 396, literales A y B, del C\u00f3digo para la Protecci\u00f3n y los Derechos Fundamentales de los Ni\u00f1os, Ni\u00f1as y Adolescentes&nbsp; (Ley 136-03), cometido en perjuicio de una expareja y un menor de edad, para quienes se emiti\u00f3 una orden de protecci\u00f3n.<\/p>\n\n\n\n<p>El Ministerio P\u00fablico cuenta con suficientes evidencias que vinculan a Ram\u00edrez con el lamentable hecho, por lo que considera que debe imponerse la prisi\u00f3n preventiva como medida de coerci\u00f3n para garantizar su presencia en todos los actos del proceso.<\/p>\n\n\n\n<p><strong>Direcci\u00f3n General de Comunicaci\u00f3n, Prensa y RRPP<\/strong><\/p>\n\n\n\n<p><strong>Ministerio P\u00fablico RD<\/strong><\/p>\n\n\n\n<p>Comunicaciones PGR <a href=\"mailto:comunicaciones@pgr.gob.do\">comunicaciones@pgr.gob.do<\/a><\/p>\n","protected":false},"excerpt":{"rendered":"<p>El Juzgado de Atenci\u00f3n Permanente de esa provincia aplaz\u00f3 la audiencia para el pr\u00f3ximo 16 de octubre SANTO DOMINGO (Rep\u00fablica Dominicana).-&nbsp;El Ministerio P\u00fablico de San Crist\u00f3bal solicit\u00f3 la imposici\u00f3n de prisi\u00f3n preventiva, como medida de coerci\u00f3n, contra un hombre imputado del asesinato de su pareja, quien hab\u00eda sido reportada como desaparecida por sus familiares el [&hellip;]<\/p>\n","protected":false},"author":7,"featured_media":456880,"comment_status":"closed","ping_status":"closed","sticky":false,"template":"","format":"standard","meta":{"footnotes":""},"categories":[24],"tags":[171],"class_list":["post-643303","post","type-post","status-publish","format-standard","has-post-thumbnail","hentry","category-justicia-y-derecho","tag-ministerio-publico"],"_links":{"self":[{"href":"https:\/\/diariodominicano.com\/index.php?rest_route=\/wp\/v2\/posts\/643303","targetHints":{"allow":["GET"]}}],"collection":[{"href":"https:\/\/diariodominicano.com\/index.php?rest_route=\/wp\/v2\/posts"}],"about":[{"href":"https:\/\/diariodominicano.com\/index.php?rest_route=\/wp\/v2\/types\/post"}],"author":[{"embeddable":true,"href":"https:\/\/diariodominicano.com\/index.php?rest_route=\/wp\/v2\/users\/7"}],"replies":[{"embeddable":true,"href":"https:\/\/diariodominicano.com\/index.php?rest_route=%2Fwp%2Fv2%2Fcomments&post=643303"}],"version-history":[{"count":1,"href":"https:\/\/diariodominicano.com\/index.php?rest_route=\/wp\/v2\/posts\/643303\/revisions"}],"predecessor-version":[{"id":643309,"href":"https:\/\/diariodominicano.com\/index.php?rest_route=\/wp\/v2\/posts\/643303\/revisions\/643309"}],"wp:featuredmedia":[{"embeddable":true,"href":"https:\/\/diariodominicano.com\/index.php?rest_route=\/wp\/v2\/media\/456880"}],"wp:attachment":[{"href":"https:\/\/diariodominicano.com\/index.php?rest_route=%2Fwp%2Fv2%2Fmedia&parent=643303"}],"wp:term":[{"taxonomy":"category","embeddable":true,"href":"https:\/\/diariodominicano.com\/index.php?rest_route=%2Fwp%2Fv2%2Fcategories&post=643303"},{"taxonomy":"post_tag","embeddable":true,"href":"https:\/\/diariodominicano.com\/index.php?rest_route=%2Fwp%2Fv2%2Ftags&post=643303"}],"curies":[{"name":"wp","href":"https:\/\/api.w.org\/{rel}","templated":true}]}}