{"id":643244,"date":"2025-10-12T10:25:20","date_gmt":"2025-10-12T14:25:20","guid":{"rendered":"https:\/\/diariodominicano.com\/?p=643244"},"modified":"2025-10-14T01:43:13","modified_gmt":"2025-10-14T05:43:13","slug":"presidente-abinader-sale-a-mexico-para-cumplir-compromisos-familiares","status":"publish","type":"post","link":"https:\/\/diariodominicano.com\/?p=643244","title":{"rendered":"Presidente Abinader sale a M\u00e9xico para cumplir compromisos familiares"},"content":{"rendered":"\n<h3 class=\"wp-block-heading\">El jefe del Estado parti\u00f3 acompa\u00f1ado de la primera dama, Raquel Arbaje, y sus hijas.<\/h3>\n\n\n\n<p>10 de Octubre 2025 |<\/p>\n\n\n\n<figure class=\"wp-block-image\"><img decoding=\"async\" src=\"https:\/\/platform-cdn.sharethis.com\/img\/facebook.svg\" alt=\"facebook sharing button\"\/><\/figure>\n\n\n\n<figure class=\"wp-block-image\"><img decoding=\"async\" src=\"https:\/\/platform-cdn.sharethis.com\/img\/sharethis.svg\" alt=\"sharethis sharing button\"\/><\/figure>\n\n\n\n<p>Santo Domingo.\u2013\u00a0<strong>El presidente Luis Abinader<\/strong>\u00a0viaj\u00f3 el viernes a\u00a0<strong>M\u00e9xico<\/strong>\u00a0para cumplir\u00a0<strong>compromisos de car\u00e1cter familiar.<\/strong><\/p>\n\n\n\n<p>El jefe del Estado parti\u00f3 acompa\u00f1ado de la primera dama,&nbsp;<strong>Raquel Arbaje<\/strong>, y sus hijas.<\/p>\n\n\n\n<p>El presidente Abinader retornar\u00e1 al pa\u00eds este domingo\u00a0<strong>12 de octubre<\/strong>\u00a0y, de inmediato, encabezar\u00e1 un\u00a0<strong>acto en Santo Domingo Este<\/strong>, donde dejar\u00e1 inaugurados y entregar\u00e1\u00a0<strong>nuevos apartamentos<\/strong>\u00a0en el proyecto\u00a0<strong>Ciudad Real Ecol\u00f3gica<\/strong>, a las 4:00 de la tarde.<\/p>\n\n\n\n<p>Informaci\u00f3n de la Presidencia de la Rep\u00fablica Dominicana.<\/p>\n","protected":false},"excerpt":{"rendered":"<p>El jefe del Estado parti\u00f3 acompa\u00f1ado de la primera dama, Raquel Arbaje, y sus hijas. 10 de Octubre 2025 | Santo Domingo.\u2013\u00a0El presidente Luis Abinader\u00a0viaj\u00f3 el viernes a\u00a0M\u00e9xico\u00a0para cumplir\u00a0compromisos de car\u00e1cter familiar. El jefe del Estado parti\u00f3 acompa\u00f1ado de la primera dama,&nbsp;Raquel Arbaje, y sus hijas. El presidente Abinader retornar\u00e1 al pa\u00eds este domingo\u00a012 de [&hellip;]<\/p>\n","protected":false},"author":2,"featured_media":643245,"comment_status":"closed","ping_status":"closed","sticky":false,"template":"","format":"standard","meta":{"footnotes":""},"categories":[20],"tags":[],"class_list":["post-643244","post","type-post","status-publish","format-standard","has-post-thumbnail","hentry","category-dominicana-hoy"],"_links":{"self":[{"href":"https:\/\/diariodominicano.com\/index.php?rest_route=\/wp\/v2\/posts\/643244","targetHints":{"allow":["GET"]}}],"collection":[{"href":"https:\/\/diariodominicano.com\/index.php?rest_route=\/wp\/v2\/posts"}],"about":[{"href":"https:\/\/diariodominicano.com\/index.php?rest_route=\/wp\/v2\/types\/post"}],"author":[{"embeddable":true,"href":"https:\/\/diariodominicano.com\/index.php?rest_route=\/wp\/v2\/users\/2"}],"replies":[{"embeddable":true,"href":"https:\/\/diariodominicano.com\/index.php?rest_route=%2Fwp%2Fv2%2Fcomments&post=643244"}],"version-history":[{"count":2,"href":"https:\/\/diariodominicano.com\/index.php?rest_route=\/wp\/v2\/posts\/643244\/revisions"}],"predecessor-version":[{"id":643248,"href":"https:\/\/diariodominicano.com\/index.php?rest_route=\/wp\/v2\/posts\/643244\/revisions\/643248"}],"wp:featuredmedia":[{"embeddable":true,"href":"https:\/\/diariodominicano.com\/index.php?rest_route=\/wp\/v2\/media\/643245"}],"wp:attachment":[{"href":"https:\/\/diariodominicano.com\/index.php?rest_route=%2Fwp%2Fv2%2Fmedia&parent=643244"}],"wp:term":[{"taxonomy":"category","embeddable":true,"href":"https:\/\/diariodominicano.com\/index.php?rest_route=%2Fwp%2Fv2%2Fcategories&post=643244"},{"taxonomy":"post_tag","embeddable":true,"href":"https:\/\/diariodominicano.com\/index.php?rest_route=%2Fwp%2Fv2%2Ftags&post=643244"}],"curies":[{"name":"wp","href":"https:\/\/api.w.org\/{rel}","templated":true}]}}