{"id":643094,"date":"2025-10-10T21:17:06","date_gmt":"2025-10-11T01:17:06","guid":{"rendered":"https:\/\/diariodominicano.com\/?p=643094"},"modified":"2025-10-11T00:39:46","modified_gmt":"2025-10-11T04:39:46","slug":"anpa-realiza-paro-nacional-agropecuario-exito-total-en-todo-el-pais","status":"publish","type":"post","link":"https:\/\/diariodominicano.com\/?p=643094","title":{"rendered":"ANPA califica de \u00e9xito  apoyo dado a su convocatoria a paro Nacional Agropecuario"},"content":{"rendered":"\n<p>Santo Domingo, Rep\u00fablica Dominicana. La Asociaci\u00f3n Nacional de Profesionales Agropecuarios (ANPA) inform\u00f3 que el paro nacional de labores por 24 horas, convocado por el gremio, este viernes en todo el sector agropecuario ha sido calificado como un \u00e9xito total, con una paralizaci\u00f3n casi absoluta de las labores en todas las instituciones vinculadas a la producci\u00f3n y los servicios agropecuarios.<\/p>\n\n\n\n<p>En un comunicado de prensa report\u00f3 que el  paro afect\u00f3 los servicios de exportaci\u00f3n e importaci\u00f3n de alimentos en los principales puertos y aeropuertos del pa\u00eds, as\u00ed como las labores de extensi\u00f3n agr\u00edcola, reforma agraria, cr\u00e9dito y pr\u00e9stamos bancarios del sector, y otras \u00e1reas vitales del sistema productivo nacional.<\/p>\n\n\n\n<p>El presidente y vocero de la asociaci\u00f3n, V\u00edctor Hugo (Tito) Hern\u00e1ndez, declar\u00f3 que \u201cLa ANPA siempre ha apostado al di\u00e1logo como mecanismo civilizado y democr\u00e1tico para lograr nuestras demandas, pero las autoridades no han hecho nada. Han permanecido sordas, mudas y ciegas ante nuestros reclamos, y no nos han dejado otro camino que el de la lucha y la movilizaci\u00f3n, que es lo que la ANPA sabe hacer muy bien\u201d.<\/p>\n\n\n\n<p>La entidad responsabiliz\u00f3 a las autoridades del sector agropecuario por la situaci\u00f3n que ha llevado a esta protesta, destacando que el abandono y la indiferencia hacia los profesionales agropecuarios se suman a las precarias condiciones que afectan los servicios agr\u00edcolas y rurales del pa\u00eds.<\/p>\n\n\n\n<p>\u201cNo nos van a doblegar. Vamos a hacer lo que haya que hacer para lograr nuestras justas reivindicaciones aumento salarial, pensiones dignas y reposici\u00f3n de los cancelados. Nuestra lucha es por la dignidad del profesional agropecuario y por la seguridad alimentaria del pueblo dominicano\u201d, afirm\u00f3 Hern\u00e1ndez.<\/p>\n\n\n\n<p>Advirti\u00f3 que este paro marca el inicio de una nueva etapa de lucha nacional y que, ante la falta de respuesta de las autoridades, el gremio continuar\u00e1 y profundizar\u00e1 su plan de movilizaci\u00f3n en todo el territorio nacional hasta alcanzar sus objetivos.<\/p>\n\n\n\n<p>DIRECCION DE PRENSA.<\/p>\n\n\n\n<p>#ANPA<\/p>\n","protected":false},"excerpt":{"rendered":"<p>Santo Domingo, Rep\u00fablica Dominicana. La Asociaci\u00f3n Nacional de Profesionales Agropecuarios (ANPA) inform\u00f3 que el paro nacional de labores por 24 horas, convocado por el gremio, este viernes en todo el sector agropecuario ha sido calificado como un \u00e9xito total, con una paralizaci\u00f3n casi absoluta de las labores en todas las instituciones vinculadas a la producci\u00f3n [&hellip;]<\/p>\n","protected":false},"author":7,"featured_media":643101,"comment_status":"closed","ping_status":"closed","sticky":false,"template":"","format":"standard","meta":{"footnotes":""},"categories":[20,27],"tags":[2659],"class_list":["post-643094","post","type-post","status-publish","format-standard","has-post-thumbnail","hentry","category-dominicana-hoy","category-portada","tag-anpa"],"_links":{"self":[{"href":"https:\/\/diariodominicano.com\/index.php?rest_route=\/wp\/v2\/posts\/643094","targetHints":{"allow":["GET"]}}],"collection":[{"href":"https:\/\/diariodominicano.com\/index.php?rest_route=\/wp\/v2\/posts"}],"about":[{"href":"https:\/\/diariodominicano.com\/index.php?rest_route=\/wp\/v2\/types\/post"}],"author":[{"embeddable":true,"href":"https:\/\/diariodominicano.com\/index.php?rest_route=\/wp\/v2\/users\/7"}],"replies":[{"embeddable":true,"href":"https:\/\/diariodominicano.com\/index.php?rest_route=%2Fwp%2Fv2%2Fcomments&post=643094"}],"version-history":[{"count":3,"href":"https:\/\/diariodominicano.com\/index.php?rest_route=\/wp\/v2\/posts\/643094\/revisions"}],"predecessor-version":[{"id":643110,"href":"https:\/\/diariodominicano.com\/index.php?rest_route=\/wp\/v2\/posts\/643094\/revisions\/643110"}],"wp:featuredmedia":[{"embeddable":true,"href":"https:\/\/diariodominicano.com\/index.php?rest_route=\/wp\/v2\/media\/643101"}],"wp:attachment":[{"href":"https:\/\/diariodominicano.com\/index.php?rest_route=%2Fwp%2Fv2%2Fmedia&parent=643094"}],"wp:term":[{"taxonomy":"category","embeddable":true,"href":"https:\/\/diariodominicano.com\/index.php?rest_route=%2Fwp%2Fv2%2Fcategories&post=643094"},{"taxonomy":"post_tag","embeddable":true,"href":"https:\/\/diariodominicano.com\/index.php?rest_route=%2Fwp%2Fv2%2Ftags&post=643094"}],"curies":[{"name":"wp","href":"https:\/\/api.w.org\/{rel}","templated":true}]}}