{"id":643093,"date":"2025-10-10T20:46:55","date_gmt":"2025-10-11T00:46:55","guid":{"rendered":"https:\/\/diariodominicano.com\/?p=643093"},"modified":"2025-10-10T20:48:06","modified_gmt":"2025-10-11T00:48:06","slug":"ratifican-prision-preventiva-de-18-meses-a-imputados-de-operacion-guepardo","status":"publish","type":"post","link":"https:\/\/diariodominicano.com\/?p=643093","title":{"rendered":"Ratifican prisi\u00f3n preventiva de 18 meses a imputados de Operaci\u00f3n Guepardo"},"content":{"rendered":"\n<p><em><u>En el proceso unas 478 v\u00edctimas han presentado querellas contra los involucrados en el caso de estafa electr\u00f3nica y lavado de activos<\/u><\/em><\/p>\n\n\n\n<p><strong>SANTO DOMINGO (Rep\u00fablica Dominicana).-<\/strong>&nbsp;En atenci\u00f3n al pedimento del Ministerio P\u00fablico, una jueza de la Instrucci\u00f3n de La Romana confirm\u00f3 la prisi\u00f3n preventiva de 18 meses impuesta a tres de los integrantes de la red de estafa electr\u00f3nica y lavado de activos que fue desmantelada con la Operaci\u00f3n Guepardo.<\/p>\n\n\n\n<p>La medida de coerci\u00f3n le fue ratificada a los procesados Yves Alexandre Giroux, uno de los cabecillas de la red, as\u00ed como a Marisol Nova Nolasco y a Roc\u00edo del Alba Rodr\u00edguez de Moya, quienes fueron los primeros en ser arrestados y sometidos a la justicia tras la puesta en marcha de la operaci\u00f3n contra la red criminal el pasado mes de febrero y en cuyo proceso han presentado querellas unas 478 v\u00edctimas.<\/p>\n\n\n\n<p>Los fiscales Claudio Cordero y Mayerling Rond\u00f3n, de la Procuradur\u00eda Especializada Antilavado de Activos y Financiamiento del Terrorismo y la Fiscal\u00eda de La Romana, quienes est\u00e1n a cargo del caso, solicitaron que se mantenga la medida restrictiva de libertad para garantizar la presencia de los imputados en el proceso judicial.<\/p>\n\n\n\n<p>El pedimento de los fiscales de que se mantenga la medida de privaci\u00f3n de libertad impuesta el pasado mes de febrero, fue acogido por la jueza Vicky Chalas, del Segundo Juzgado de la Instrucci\u00f3n del Distrito Judicial de La Romana.<\/p>\n\n\n\n<p>La estructura criminal se dedicaba a promocionar proyectos inmobiliarios, atrayendo compradores de Rep\u00fablica Dominicana, Puerto Rico, Estados Unidos y Europa, a trav\u00e9s de la promoci\u00f3n de RE\/MAX, una empresa internacional reconocida en el mercado.<\/p>\n\n\n\n<p>En el transcurso de la investigaci\u00f3n se ha establecido que los miembros de la organizaci\u00f3n delictiva recibieron la suma de US$18,851,583.12.<\/p>\n\n\n\n<p>Durante las pesquisas han sido incautados bienes inmuebles en Santo Domingo Este, Distrito Nacional, La Romana y La Altagracia, donde se secuestraron veh\u00edculos de alta gama, aparatos electr\u00f3nicos y documentaci\u00f3n relevante.<\/p>\n\n\n\n<p>El Ministerio P\u00fablico ha indicado que el accionar de estos malhechores constituye una violaci\u00f3n a los art\u00edculos 405, 265 y 266 del C\u00f3digo Penal Dominicano, 15 de la Ley 53-07 sobre Cr\u00edmenes y Delitos de Alta Tecnolog\u00eda y a la Ley 155-17, sobre Lavado de Activos y Financiamiento del Terrorismo.<\/p>\n\n\n\n<p>A Giroux, quien cumple la prisi\u00f3n preventiva en el Centro de Correcci\u00f3n y Rehabilitaci\u00f3n (CCR) de San Pedro de Macor\u00eds, del Modelo Penitenciario, el tribunal le rechaz\u00f3 una solicitud de traslado a la Fortaleza General Pedro Santana, en la provincia El Seibo, la cual forma parte del sistema tradicional de prisiones.<\/p>\n\n\n\n<p>Nova Nolasco y Rodr\u00edguez de Moya cumplen prisi\u00f3n preventiva en el CCR Najayo Mujeres, en la provincia San Crist\u00f3bal.<\/p>\n\n\n\n<p>En cuanto a Loany Ortiz, la principal cabecilla de la estructura junto a Yves Alexandre Giroux, se inform\u00f3 que se encuentra a\u00fan detenida en Bogot\u00e1, Colombia, enfrentando el proceso de extradici\u00f3n requerido por el Ministerio P\u00fablico dominicano y se espera que sea enviada lo antes posible al pa\u00eds, para que responda por sus hechos.<\/p>\n\n\n\n<p><strong>Otros involucrados<\/strong><\/p>\n\n\n\n<p>En la continuaci\u00f3n de las investigaciones fueron apresados Loana Paola Guerrero Mili\u00e1n, quien fung\u00eda como contable de Novasco Real Estate, SRL, y Javier Gustavo Ulloa Bueno, abogado de la empresa, quien utilizaba el terror para enfrentar a las v\u00edctimas que reclamaban la devoluci\u00f3n de su dinero, as\u00ed como las masters brokers de los proyectos simulados Astrid Inmaculada Rydelis Bello y Samayra del Rosario Barreto, quienes formaban parte de la red.<\/p>\n\n\n\n<p>Contra estos \u00faltimos imputados, quienes fueron arrestados la pasada semana en la continuaci\u00f3n de la investigaci\u00f3n, el Ministerio P\u00fablico tambi\u00e9n solicit\u00f3 la imposici\u00f3n de 18 meses de prisi\u00f3n preventiva, siendo aplazada la audiencia este viernes por el Juzgado de Atenci\u00f3n Permanente de La Romana para el pr\u00f3ximo 17 de octubre de 2025, a partir de las 10:00 de la ma\u00f1ana, con el fin de citar a las v\u00edctimas y testigos.<\/p>\n\n\n\n<p><strong>Direcci\u00f3n General de Comunicaci\u00f3n, Prensa y RRPP<\/strong><\/p>\n\n\n\n<p><strong>Ministerio P\u00fablico RD<\/strong><\/p>\n\n\n\n<p>Comunicaciones PGR <a href=\"mailto:comunicaciones@pgr.gob.do\">comunicaciones@pgr.gob.do<\/a><\/p>\n","protected":false},"excerpt":{"rendered":"<p>En el proceso unas 478 v\u00edctimas han presentado querellas contra los involucrados en el caso de estafa electr\u00f3nica y lavado de activos SANTO DOMINGO (Rep\u00fablica Dominicana).-&nbsp;En atenci\u00f3n al pedimento del Ministerio P\u00fablico, una jueza de la Instrucci\u00f3n de La Romana confirm\u00f3 la prisi\u00f3n preventiva de 18 meses impuesta a tres de los integrantes de la [&hellip;]<\/p>\n","protected":false},"author":7,"featured_media":456880,"comment_status":"closed","ping_status":"closed","sticky":false,"template":"","format":"standard","meta":{"footnotes":""},"categories":[24],"tags":[171],"class_list":["post-643093","post","type-post","status-publish","format-standard","has-post-thumbnail","hentry","category-justicia-y-derecho","tag-ministerio-publico"],"_links":{"self":[{"href":"https:\/\/diariodominicano.com\/index.php?rest_route=\/wp\/v2\/posts\/643093","targetHints":{"allow":["GET"]}}],"collection":[{"href":"https:\/\/diariodominicano.com\/index.php?rest_route=\/wp\/v2\/posts"}],"about":[{"href":"https:\/\/diariodominicano.com\/index.php?rest_route=\/wp\/v2\/types\/post"}],"author":[{"embeddable":true,"href":"https:\/\/diariodominicano.com\/index.php?rest_route=\/wp\/v2\/users\/7"}],"replies":[{"embeddable":true,"href":"https:\/\/diariodominicano.com\/index.php?rest_route=%2Fwp%2Fv2%2Fcomments&post=643093"}],"version-history":[{"count":1,"href":"https:\/\/diariodominicano.com\/index.php?rest_route=\/wp\/v2\/posts\/643093\/revisions"}],"predecessor-version":[{"id":643099,"href":"https:\/\/diariodominicano.com\/index.php?rest_route=\/wp\/v2\/posts\/643093\/revisions\/643099"}],"wp:featuredmedia":[{"embeddable":true,"href":"https:\/\/diariodominicano.com\/index.php?rest_route=\/wp\/v2\/media\/456880"}],"wp:attachment":[{"href":"https:\/\/diariodominicano.com\/index.php?rest_route=%2Fwp%2Fv2%2Fmedia&parent=643093"}],"wp:term":[{"taxonomy":"category","embeddable":true,"href":"https:\/\/diariodominicano.com\/index.php?rest_route=%2Fwp%2Fv2%2Fcategories&post=643093"},{"taxonomy":"post_tag","embeddable":true,"href":"https:\/\/diariodominicano.com\/index.php?rest_route=%2Fwp%2Fv2%2Ftags&post=643093"}],"curies":[{"name":"wp","href":"https:\/\/api.w.org\/{rel}","templated":true}]}}