{"id":643001,"date":"2025-10-10T01:54:50","date_gmt":"2025-10-10T05:54:50","guid":{"rendered":"https:\/\/diariodominicano.com\/?p=643001"},"modified":"2025-10-10T02:00:53","modified_gmt":"2025-10-10T06:00:53","slug":"presidente-ejecutivo-del-grupo-popular-llama-a-construir-un-pais-mas-competitivo-sostenible-y-con-vision-de-futuro","status":"publish","type":"post","link":"https:\/\/diariodominicano.com\/?p=643001","title":{"rendered":"Presidente ejecutivo del Grupo Popular llama a construir un pa\u00eds m\u00e1s competitivo, sostenible y con visi\u00f3n de futuro"},"content":{"rendered":"\n<p>En  su ponencia, Ren\u00e9 Grull\u00f3n Finet reflexion\u00f3 sobre los retos y oportunidades que enfrenta la Rep\u00fablica Dominicana ante los cambios acelerados de la econom\u00eda global.\u2002<\/p>\n\n\n\n<figure class=\"wp-block-table\"><table><tbody><tr><td><\/td><\/tr><\/tbody><\/table><\/figure>\n\n\n\n<figure class=\"wp-block-table\"><table><tbody><tr><td>Diario Dominicano<br>La C\u00e1mara Americana de Comercio de la Rep\u00fablica Dominicana (AMCHAMDR) celebr\u00f3 su almuerzo correspondiente al mes de octubre, que tuvo como orador invitado y hu\u00e9sped de honor al se\u00f1or Ren\u00e9 Grull\u00f3n Finet, presidente ejecutivo del Grupo Popular, quien ofreci\u00f3 la conferencia titulada\u00a0<em>\u201cVelocidad, disciplina y visi\u00f3n: el futuro no espera\u201d<\/em>.<br><br>Durante su ponencia, Grull\u00f3n reflexion\u00f3 sobre los retos y oportunidades que enfrenta la Rep\u00fablica Dominicana ante los cambios acelerados de la econom\u00eda global. Se\u00f1al\u00f3 que el pa\u00eds atraviesa un momento decisivo que requiere liderazgo, colaboraci\u00f3n y visi\u00f3n estrat\u00e9gica.<br><br>\u201cLa historia de los pa\u00edses se define en momentos decisivos: quedarse en lo conocido o dar un gran salto hacia adelante. Hoy, la Rep\u00fablica Dominicana vive uno de esos puntos de inflexi\u00f3n, en un mundo donde la velocidad es la nueva moneda de los negocios y las generaciones m\u00e1s j\u00f3venes nos interpelan, record\u00e1ndonos que el futuro exige sostenibilidad, inclusi\u00f3n, transparencia y nuevas maneras de organizar el trabajo\u201d, afirm\u00f3 Grull\u00f3n.<br><br>El presidente ejecutivo del Grupo Popular destac\u00f3 que los grandes desaf\u00edos globales \u2014como los conflictos internacionales, las crisis sanitarias, el cambio clim\u00e1tico y la transformaci\u00f3n tecnol\u00f3gica\u2014 exigen a los pa\u00edses desarrollar resiliencia, innovaci\u00f3n y humildad para adaptarse. Se\u00f1al\u00f3 que la incertidumbre es una constante de la era moderna, y que los l\u00edderes deben concentrarse no en eliminarla, sino en gestionarla con inteligencia.<br><br>\u201cVivimos en un mundo de riesgos globales (&#8230;). El reto no es eliminar la incertidumbre, porque eso es imposible. El reto es reconocerla, adaptarnos y construir resiliencia. La humildad para admitir lo que ignoramos puede ser nuestro mayor activo en tiempos de cambio\u201d, subray\u00f3.<br><br>Grull\u00f3n hizo un llamado a fortalecer la colaboraci\u00f3n entre el Estado, el sector privado y la sociedad civil, asegurando que el desarrollo nacional solo ser\u00e1 sostenible si se construye sobre la base de la confianza, la educaci\u00f3n y la institucionalidad. Enfatiz\u00f3 que la Rep\u00fablica Dominicana tiene los recursos, el talento y la estabilidad para convertirse en un modelo regional de crecimiento inclusivo, siempre que se adopte una visi\u00f3n compartida de pa\u00eds.<br><br>\u201cHoy, m\u00e1s que nunca, la historia nos llama a unirnos con altura de miras\u201d, expres\u00f3 el l\u00edder empresarial, al se\u00f1alar que los grandes saltos de las naciones no se logran en solitario, sino a trav\u00e9s de la cooperaci\u00f3n y el compromiso. A su juicio, el futuro de la Rep\u00fablica Dominicana depende de la capacidad de tomar decisiones que trasciendan lo inmediato y construyan bienestar para las pr\u00f3ximas generaciones.<br><br>En este sentido, enfatiz\u00f3 que para los dominicanos el reto no es resistir los cambios tecnol\u00f3gicos y generacionales, sino \u201cliderar con visi\u00f3n, disciplina y sentido humano.\u201d<br><br>Asimismo, reiter\u00f3 que la alianza entre los sectores p\u00fablico y privado, junto al liderazgo de instituciones como AMCHAMDR y la s\u00f3lida relaci\u00f3n con los Estados Unidos, son piezas fundamentales para alcanzar ese prop\u00f3sito com\u00fan.<br><br>\u201cLa resiliencia de nuestro pueblo y la fortaleza de nuestras instituciones, junto al liderazgo de AMCHAMDR y nuestra alianza con Estados Unidos, solo alcanzar\u00e1n su verdadero esplendor si las convertimos en acci\u00f3n: en un compromiso colectivo para construir el desarrollo pleno que todos merecemos. Rep\u00fablica Dominicana se lo merece. Se lo merece nuestra juventud, nuestros emprendedores y nuestras familias, que aspiran a vivir con mayor seguridad y prosperidad\u201d, sostuvo Grull\u00f3n.<br><br>El presidente ejecutivo del Grupo Popular concluy\u00f3 su intervenci\u00f3n exhortando a todos los sectores a asumir un rol permanente en la transformaci\u00f3n del pa\u00eds. \u201cConstruyamos juntos una Rep\u00fablica Dominicana m\u00e1s desarrollada, sostenible y competitiva, fruto de decisiones valientes, de alianzas genuinas y de una visi\u00f3n que trascienda lo inmediato. Hoy, aqu\u00ed, podemos comenzar a escribir esa historia\u201d, afirm\u00f3.<br><br><strong><u>Francesca Rainieri<\/u><\/strong><br><br>Por otra parte, al felicitar a Leah Campos, la reci\u00e9n confirmada Embajadora de los Estados Unidos en la Rep\u00fablica Dominicana, Francesca Rainieri, presidenta de AMCHAMDR, destac\u00f3 la importancia de continuar fortaleciendo los lazos con el principal socio comercial del pa\u00eds y reconoci\u00f3 la labor conjunta del sector p\u00fablico y privado durante la exitosa 33.\u00aa edici\u00f3n de Semana Dominicana en los Estados Unidos.<br><br>\u201cDurante esta semana, promovimos a nuestro pa\u00eds como un socio regional confiable, seguro y competitivo, capaz de generar oportunidades de inversi\u00f3n, innovaci\u00f3n y comercio en un entorno global cada vez m\u00e1s desafiante. Sostuvimos encuentros con instituciones del gobierno estadounidense, organismos multilaterales y representantes del sector empresarial, reafirmando que la Rep\u00fablica Dominicana ofrece estabilidad, crecimiento, visi\u00f3n de largo plazo y capacidad de ejecuci\u00f3n\u201d, expres\u00f3 Rainieri.<br><br>El almuerzo cont\u00f3 con el patrocinio de las empresas del C\u00edrculo \u00c9lite de AMCHAMDR: Citi, Grupo Rica, Squire Patton Boggs, Barrick Pueblo Viejo, Inicia, AES Dominicana, Grupo Humano, HIT Puerto R\u00edo Haina, Grupo SID, Grupo Puntacana, Altice, Grupo Estrella, Grupo Viamar, DP World, Claro y Banco Santa Cruz.<\/td><\/tr><\/tbody><\/table><\/figure>\n\n\n\n<figure class=\"wp-block-table\"><table><tbody><tr><td><img decoding=\"async\" alt=\"\" src=\"https:\/\/ci3.googleusercontent.com\/meips\/ADKq_NYR1MOpmY3CLrHtT5RE4NDoYsQKE5J6k4Ov3Ao7UnQUv76uYH1dVVr8ew7OaFQ75y_m8awuQdCBfFcZ4Dllru7a-v42jYxYf7xp8Ouh7iCpsd4MqqJGBHv7wFJoZvBNZhe0tXeOsHAcYEUdNwPgHGcrg4qThUh_EbYtQxbCDOs=s0-d-e1-ft#https:\/\/mcusercontent.com\/c0b5c2e18b788edd25737cb92\/_compresseds\/36f05590-1b8f-148e-4649-49d6f13466e2.jpg\" width=\"564\"><\/td><\/tr><tr><td><img decoding=\"async\" alt=\"\" src=\"https:\/\/ci3.googleusercontent.com\/meips\/ADKq_NYrzD9izMERePjsR4ccokUXzZwi5tsA_SOz1w8pdhUBRsZJoIZSSJGzr3TaFRn9CCQ__EZ1p5yZmI2Xz34hmZWy9gAwXy68EB1CDvYJM1jg4zARCb76Z72xMy71VkkXCQbMjHbCA7-VeXBIrO7nmV5QxyvIC3EVZcilO5IjxyA=s0-d-e1-ft#https:\/\/mcusercontent.com\/c0b5c2e18b788edd25737cb92\/_compresseds\/ddc0ad72-14a5-8ae3-5165-855794d90f1c.jpg\" width=\"264\"><img decoding=\"async\" alt=\"\" src=\"https:\/\/ci3.googleusercontent.com\/meips\/ADKq_NZiD0IjXFFQ_dZ27lp4U5Bmr9JHbt0TJDuwRVsxtGJ0nqExVhfK3JN56zZV2ZkT6VveSTbt6QGGEICfmm7kNAsr0jTPmYdQJ9B5-P_I1531gHhwCvsRZPZ2ipX8VXTcjXTqvrY16bBr3Rsk6aTnZpsG5jrMIIIBK-yfzXEUayI=s0-d-e1-ft#https:\/\/mcusercontent.com\/c0b5c2e18b788edd25737cb92\/_compresseds\/e194562c-ecf9-7630-a444-6c75d1e7ad24.jpg\" width=\"264\"><\/td><\/tr><tr><td><img decoding=\"async\" alt=\"\" src=\"https:\/\/ci3.googleusercontent.com\/meips\/ADKq_NYJbNTmmh34i3Vnpzx61MmGcnpehJmdDtZh72m-v3AyiWKgHF_sqLSlHJFi0w5-FaFOULx1fT_rw8GytnGI0SLRnoQefbxzplKrG21jdFDQy4BEcIO3SCX6BJ4zXbD6_-pMUicVCfJByJAa4NZ5BXt4xBw5-v74ubV24puB6nc=s0-d-e1-ft#https:\/\/mcusercontent.com\/c0b5c2e18b788edd25737cb92\/_compresseds\/e6c9504b-212d-b35b-66e7-312d538679b4.jpg\" width=\"264\"><img decoding=\"async\" alt=\"\" src=\"https:\/\/ci3.googleusercontent.com\/meips\/ADKq_NbjNg1z5WYc8-qd9PAUYvPU-GOOB6mgzkxwBp50pGEEvZ5Fr9WZOlOtAHpoUZEDLsctx9TO6CorSLYmFH-P8fMnRIDrOuN-b7_yhc72ecgM57YeSQ1OUvPrqp80EttJhGrRqtNpBXJONx9mrR2ExYs0n92jr9u9MnKgvX__PxA=s0-d-e1-ft#https:\/\/mcusercontent.com\/c0b5c2e18b788edd25737cb92\/_compresseds\/bda852b2-43af-a355-e6f2-62afc1331abf.jpg\" width=\"264\"><\/td><\/tr><\/tbody><\/table><\/figure>\n\n\n\n<figure class=\"wp-block-table\"><table><tbody><tr><td><img decoding=\"async\" alt=\"\" src=\"https:\/\/ci3.googleusercontent.com\/meips\/ADKq_Na8MeB1ICi0sioLDLFyFLN7FQ_qSZWTGwm2DBXwm5Sexh4BEvCYSrUNhz6_Rbe8Yvqs4kW1R4C0MZ44QT04dtTqoTnvd9cesRgJn-toCg6GKHDKG5DVqGPZvFtbwkw0YSDQp5Ijhs4QiwZ3-uTz6q1dcBpYOvZ9F37xVQdvzgo=s0-d-e1-ft#https:\/\/mcusercontent.com\/c0b5c2e18b788edd25737cb92\/_compresseds\/3db4c1ea-95a7-603c-2105-1e13454c6a19.jpg\" width=\"564\"><\/td><\/tr><tr><td><img decoding=\"async\" alt=\"\" src=\"https:\/\/ci3.googleusercontent.com\/meips\/ADKq_NZzN9fzb8nfWnTUYISP5uItvOrS74_dwn6CFdQqBG8nft-9HNZH__GLuFIZe1R5Dnf3hcaW-nIUgMIXEB362dpyXpRaKAsJo6dcxGzLFzoZOUwgaefXr1yJxAyNHw6KBPEC55x0H2wj6TJ6uZqlxTOEt61TAHN9eEdr5lt8Kbs=s0-d-e1-ft#https:\/\/mcusercontent.com\/c0b5c2e18b788edd25737cb92\/_compresseds\/b2f5ea6c-3503-b5ec-e10a-2a5f87b05c93.jpg\" width=\"264\"><img decoding=\"async\" alt=\"\" src=\"https:\/\/ci3.googleusercontent.com\/meips\/ADKq_NZxy1xVqmhtmzVbYiOy_UNL6gb1DSPKAt175YB6_SLTUwe0idllO9RYai6oocpuTdpB6mELl2DLjIHo1NgQcOFSwfLUS53ekbYyZaIwVRmtLeo180INDzMG-_SXvQwYL0U9VrpTwlnjqYhTDlgEy7PdC3esIrTBfLXzNgAhYRI=s0-d-e1-ft#https:\/\/mcusercontent.com\/c0b5c2e18b788edd25737cb92\/_compresseds\/281bcb21-90c6-7c57-0a0d-39ed39588c03.jpg\" width=\"264\"><\/td><\/tr><tr><td><img decoding=\"async\" alt=\"\" src=\"https:\/\/ci3.googleusercontent.com\/meips\/ADKq_Na0ff2cm8wTQoBX-l7WrOZFoRxOexfcb6QxS3tEf8Blak-OqbO5eHBxnOeAoMWBZoaSB6mbhuIZnOh0z-2opUDgjjoSMShZpsYZ5kr9trlmt0ovMuZ2qlzzfPAG9FhH7aL_1AbD07QhLXVScQE7PF1kPA-RjisMIw5-T7d3YdU=s0-d-e1-ft#https:\/\/mcusercontent.com\/c0b5c2e18b788edd25737cb92\/_compresseds\/337c8d81-a9d0-f2d0-930c-0573ed3b62a8.jpg\" width=\"264\"><img decoding=\"async\" alt=\"\" src=\"https:\/\/ci3.googleusercontent.com\/meips\/ADKq_NbfWtwXN9nhDK3rcVc9DRPyzxgktYtAy005I2ralEGQmama61OpVM16_-a5Bi2jTeOSXZkwtQ9qr976ybgPswlW6D12PWYq4bAxWwjwMVPTjHHurh8luY9RKm5XpT6_BEmrzgl2K8XprXftlhUDPzx2ttcipKbJe5-TXL1OVlo=s0-d-e1-ft#https:\/\/mcusercontent.com\/c0b5c2e18b788edd25737cb92\/_compresseds\/033c9747-4905-9396-0f32-bef95873fc48.jpg\" width=\"264\"><\/td><\/tr><\/tbody><\/table><\/figure>\n\n\n\n<figure class=\"wp-block-table\"><table><tbody><tr><td><a href=\"https:\/\/amcham.us7.list-manage.com\/track\/click?u=c0b5c2e18b788edd25737cb92&amp;id=e9a45ce9ba&amp;e=97b5332a40\" target=\"_blank\" rel=\"noreferrer noopener\"><\/a><a href=\"https:\/\/amcham.us7.list-manage.com\/track\/click?u=c0b5c2e18b788edd25737cb92&amp;id=62d1f55070&amp;e=97b5332a40\" target=\"_blank\" rel=\"noreferrer noopener\"><\/a><a href=\"https:\/\/amcham.us7.list-manage.com\/track\/click?u=c0b5c2e18b788edd25737cb92&amp;id=19f9039b9f&amp;e=97b5332a40\" target=\"_blank\" rel=\"noreferrer noopener\"><\/a><a href=\"https:\/\/amcham.us7.list-manage.com\/track\/click?u=c0b5c2e18b788edd25737cb92&amp;id=3bf18a1dc6&amp;e=97b5332a40\" target=\"_blank\" rel=\"noreferrer noopener\"><\/a><a href=\"https:\/\/amcham.us7.list-manage.com\/track\/click?u=c0b5c2e18b788edd25737cb92&amp;id=ca465ec87a&amp;e=97b5332a40\" target=\"_blank\" rel=\"noreferrer noopener\"><\/a><a href=\"https:\/\/amcham.us7.list-manage.com\/track\/click?u=c0b5c2e18b788edd25737cb92&amp;id=adfe995188&amp;e=97b5332a40\" target=\"_blank\" rel=\"noreferrer noopener\"><\/a><\/td><\/tr><\/tbody><\/table><figcaption class=\"wp-element-caption\">Comunicaciones AMCHAMDR<br><a href=\"mailto:comunicaciones@amcham.org.do\" target=\"_blank\" rel=\"noreferrer noopener\">comunicaciones@amcham.org.do<\/a><br><br><br><br><\/figcaption><\/figure>\n","protected":false},"excerpt":{"rendered":"<p>En su ponencia, Ren\u00e9 Grull\u00f3n Finet reflexion\u00f3 sobre los retos y oportunidades que enfrenta la Rep\u00fablica Dominicana ante los cambios acelerados de la econom\u00eda global.\u2002 Diario DominicanoLa C\u00e1mara Americana de Comercio de la Rep\u00fablica Dominicana (AMCHAMDR) celebr\u00f3 su almuerzo correspondiente al mes de octubre, que tuvo como orador invitado y hu\u00e9sped de honor al se\u00f1or [&hellip;]<\/p>\n","protected":false},"author":2,"featured_media":643002,"comment_status":"closed","ping_status":"closed","sticky":false,"template":"","format":"standard","meta":{"footnotes":""},"categories":[20,18,27],"tags":[],"class_list":["post-643001","post","type-post","status-publish","format-standard","has-post-thumbnail","hentry","category-dominicana-hoy","category-economia","category-portada"],"_links":{"self":[{"href":"https:\/\/diariodominicano.com\/index.php?rest_route=\/wp\/v2\/posts\/643001","targetHints":{"allow":["GET"]}}],"collection":[{"href":"https:\/\/diariodominicano.com\/index.php?rest_route=\/wp\/v2\/posts"}],"about":[{"href":"https:\/\/diariodominicano.com\/index.php?rest_route=\/wp\/v2\/types\/post"}],"author":[{"embeddable":true,"href":"https:\/\/diariodominicano.com\/index.php?rest_route=\/wp\/v2\/users\/2"}],"replies":[{"embeddable":true,"href":"https:\/\/diariodominicano.com\/index.php?rest_route=%2Fwp%2Fv2%2Fcomments&post=643001"}],"version-history":[{"count":3,"href":"https:\/\/diariodominicano.com\/index.php?rest_route=\/wp\/v2\/posts\/643001\/revisions"}],"predecessor-version":[{"id":643006,"href":"https:\/\/diariodominicano.com\/index.php?rest_route=\/wp\/v2\/posts\/643001\/revisions\/643006"}],"wp:featuredmedia":[{"embeddable":true,"href":"https:\/\/diariodominicano.com\/index.php?rest_route=\/wp\/v2\/media\/643002"}],"wp:attachment":[{"href":"https:\/\/diariodominicano.com\/index.php?rest_route=%2Fwp%2Fv2%2Fmedia&parent=643001"}],"wp:term":[{"taxonomy":"category","embeddable":true,"href":"https:\/\/diariodominicano.com\/index.php?rest_route=%2Fwp%2Fv2%2Fcategories&post=643001"},{"taxonomy":"post_tag","embeddable":true,"href":"https:\/\/diariodominicano.com\/index.php?rest_route=%2Fwp%2Fv2%2Ftags&post=643001"}],"curies":[{"name":"wp","href":"https:\/\/api.w.org\/{rel}","templated":true}]}}