{"id":642889,"date":"2025-10-09T22:04:43","date_gmt":"2025-10-10T02:04:43","guid":{"rendered":"https:\/\/diariodominicano.com\/?p=642889"},"modified":"2025-10-09T23:42:49","modified_gmt":"2025-10-10T03:42:49","slug":"presidente-abinader-entrega-95-nuevas-viviendas-en-pedro-brand-y-continua-ampliando-el-acceso-a-un-hogar-digno-para-las-familias-dominicanas","status":"publish","type":"post","link":"https:\/\/diariodominicano.com\/?p=642889","title":{"rendered":"Presidente Abinader entrega 95 nuevas viviendas en Pedro Brand"},"content":{"rendered":"\n<p>Destacan Gobierno\u2002contin\u00faa ampliando el acceso a un hogar digno para las familias dominicanas. Estos nuevos apartamentos, se suman a las m\u00e1s de 18 mil viviendas entregadas durante la gesti\u00f3n de gobierno del presidente Luis Abinader.<\/p>\n\n\n\n<p>Santo Domingo, RD. \u2013 El presidente Luis Abinader encabez\u00f3 el  jueves la entrega de 95 nuevos apartamentos en el Residencial Pablo Mella Morales II, en Pedro Brand, una acci\u00f3n que beneficia de manera directa a m\u00e1s de 380 personas y contribuye a mejorar la calidad de vida de estas familias que ahora cuentan con un hogar digno y seguro.<\/p>\n\n\n\n<figure class=\"wp-block-image size-large\"><img loading=\"lazy\" decoding=\"async\" width=\"1024\" height=\"682\" src=\"https:\/\/diariodominicano.com\/wp-content\/uploads\/2025\/10\/Presidente-Abinader-entrega-95-nuevas-viviendas-en-Pedro-Brand-y-continua-ampliando-el-acceso-a-un-hogar-digno-para-las-familias-1024x682.jpeg\" alt=\"\" class=\"wp-image-642908\" srcset=\"https:\/\/diariodominicano.com\/wp-content\/uploads\/2025\/10\/Presidente-Abinader-entrega-95-nuevas-viviendas-en-Pedro-Brand-y-continua-ampliando-el-acceso-a-un-hogar-digno-para-las-familias-1024x682.jpeg 1024w, https:\/\/diariodominicano.com\/wp-content\/uploads\/2025\/10\/Presidente-Abinader-entrega-95-nuevas-viviendas-en-Pedro-Brand-y-continua-ampliando-el-acceso-a-un-hogar-digno-para-las-familias-300x200.jpeg 300w, https:\/\/diariodominicano.com\/wp-content\/uploads\/2025\/10\/Presidente-Abinader-entrega-95-nuevas-viviendas-en-Pedro-Brand-y-continua-ampliando-el-acceso-a-un-hogar-digno-para-las-familias-768x512.jpeg 768w, https:\/\/diariodominicano.com\/wp-content\/uploads\/2025\/10\/Presidente-Abinader-entrega-95-nuevas-viviendas-en-Pedro-Brand-y-continua-ampliando-el-acceso-a-un-hogar-digno-para-las-familias-1536x1023.jpeg 1536w, https:\/\/diariodominicano.com\/wp-content\/uploads\/2025\/10\/Presidente-Abinader-entrega-95-nuevas-viviendas-en-Pedro-Brand-y-continua-ampliando-el-acceso-a-un-hogar-digno-para-las-familias-816x544.jpeg 816w, https:\/\/diariodominicano.com\/wp-content\/uploads\/2025\/10\/Presidente-Abinader-entrega-95-nuevas-viviendas-en-Pedro-Brand-y-continua-ampliando-el-acceso-a-un-hogar-digno-para-las-familias.jpeg 1600w\" sizes=\"auto, (max-width: 1024px) 100vw, 1024px\" \/><\/figure>\n\n\n\n<p>Estos nuevos apartamentos se integran a las m\u00e1s de 18 mil viviendas que el gobierno del presidente Luis Abinader ha entregado a familias dominicanas durante su gesti\u00f3n.<\/p>\n\n\n\n<p>Durante el acto, el ministro Bonilla expres\u00f3 que con este proyecto como Pablo Mella Morales II, se contin\u00faa reafirmando el compromiso del Gobierno del presidente Abinader de llevar oportunidades reales a quienes m\u00e1s las necesitan, de promover el acceso justo a la vivienda, y de construir un pa\u00eds donde el progreso llegue a todos los hogares.<\/p>\n\n\n\n<figure class=\"wp-block-image size-large\"><img loading=\"lazy\" decoding=\"async\" width=\"1024\" height=\"819\" src=\"https:\/\/diariodominicano.com\/wp-content\/uploads\/2025\/10\/Presidente-Abinader-entrega-95-nuevas-viviendas-en-Pedro-Brand-y-continua-ampliando-el-acceso-a-un-hogar-digno-para-las-familias-dominicanas-1024x819.jpeg\" alt=\"\" class=\"wp-image-642911\" srcset=\"https:\/\/diariodominicano.com\/wp-content\/uploads\/2025\/10\/Presidente-Abinader-entrega-95-nuevas-viviendas-en-Pedro-Brand-y-continua-ampliando-el-acceso-a-un-hogar-digno-para-las-familias-dominicanas-1024x819.jpeg 1024w, https:\/\/diariodominicano.com\/wp-content\/uploads\/2025\/10\/Presidente-Abinader-entrega-95-nuevas-viviendas-en-Pedro-Brand-y-continua-ampliando-el-acceso-a-un-hogar-digno-para-las-familias-dominicanas-300x240.jpeg 300w, https:\/\/diariodominicano.com\/wp-content\/uploads\/2025\/10\/Presidente-Abinader-entrega-95-nuevas-viviendas-en-Pedro-Brand-y-continua-ampliando-el-acceso-a-un-hogar-digno-para-las-familias-dominicanas-768x614.jpeg 768w, https:\/\/diariodominicano.com\/wp-content\/uploads\/2025\/10\/Presidente-Abinader-entrega-95-nuevas-viviendas-en-Pedro-Brand-y-continua-ampliando-el-acceso-a-un-hogar-digno-para-las-familias-dominicanas-1536x1229.jpeg 1536w, https:\/\/diariodominicano.com\/wp-content\/uploads\/2025\/10\/Presidente-Abinader-entrega-95-nuevas-viviendas-en-Pedro-Brand-y-continua-ampliando-el-acceso-a-un-hogar-digno-para-las-familias-dominicanas-816x653.jpeg 816w, https:\/\/diariodominicano.com\/wp-content\/uploads\/2025\/10\/Presidente-Abinader-entrega-95-nuevas-viviendas-en-Pedro-Brand-y-continua-ampliando-el-acceso-a-un-hogar-digno-para-las-familias-dominicanas.jpeg 1600w\" sizes=\"auto, (max-width: 1024px) 100vw, 1024px\" \/><\/figure>\n\n\n\n<p>\u201cNuestro objetivo no es solo entregar viviendas, sino entregar bienestar, dignidad y esperanza, para as\u00ed juntos seguir construyendo un mejor futuro para nuestro pa\u00eds\u201d, afirm\u00f3 el funcionario.<\/p>\n\n\n\n<p>En tanto, el presidente ejecutivo del Banco de Reservas, Leonardo Aguilera, calific\u00f3 como un \u201cantes y un despu\u00e9s\u201d en la vida de las familias beneficiadas la entrega de los nuevos apartamentos en el proyecto Pablo Mella Morales II. Destac\u00f3 adem\u00e1s, que este d\u00eda representa un logro significativo para las 95 de las m\u00e1s de 400 familias que el Banco de Reservas est\u00e1 financiando dentro de este proyecto, siguiendo las instrucciones del presidente Abinader de respaldar el acceso de m\u00e1s dominicanos a una vivienda digna.<\/p>\n\n\n\n<p>\u201cEste acto es mucho m\u00e1s que un simple evento, significa la celebraci\u00f3n de la esperanza, del esfuerzo y de la uni\u00f3n de voluntades que han hecho posible que hoy estemos aqu\u00ed cumpliendo metas\u201d, expres\u00f3.<\/p>\n\n\n\n<p>Tambi\u00e9n, el gerente de proyectos de la Constructora Bison\u00f3, Rafael Emilio Bison\u00f3 Pacheco, destac\u00f3 que concluyen el proyecto con la satisfacci\u00f3n del deber cumplido y el reconocimiento de la pol\u00edtica de vivienda implementadas en el gobierno del presidente Abinader para propiciar el acceso a un techo digno y favorecer a familias de bajos recursos.<\/p>\n\n\n\n<p>El complejo habitacional, que abarca una superficie de 33,800 metros cuadrados, contempla 160 apartamentos en total, con tres habitaciones, un ba\u00f1o, sala, comedor, cocina, balc\u00f3n y \u00e1rea de lavado. Adem\u00e1s, cuenta con un parqueo y acceso a espacios comunes que incluyen un gazebo, \u00e1reas verdes y \u00e1reas de juegos para ni\u00f1os.<\/p>\n\n\n\n<p>La inversi\u00f3n total del proyecto urban\u00edstico asciende a RD$399 millones, de los cuales RD$277 millones corresponden al aporte del sector privado y RD$82 millones al aporte subsidiado por el Gobierno.<\/p>\n\n\n\n<p>Entre las facilidades cercanas al residencial inaugurado este jueves se destacan centros educativos, carreteras principales y un Centro de Diagn\u00f3stico y Atenci\u00f3n Primaria, lo que garantiza condiciones \u00f3ptimas para el bienestar de las familias beneficiarias.<\/p>\n\n\n\n<p>Asistieron al acto la gobernadora de la provincia Santo Domingo, Lucrecia Leyba; el alcalde del municipio de Pedro Brand, Ram\u00f3n Pascual G\u00f3mez; la directora del Distrito Municipal de la Guayiga, Mirtha Elena P\u00e9rez; los directores, de Desarrollo de la Comunidad, Modesto Guzm\u00e1n; del Fondo Nacional de la Vivienda (Fonvivienda), John Anderson.<\/p>\n\n\n\n<p>Con informaci\u00f3n de la Direcci\u00f3n de Prensa del Presidente de la Rep\u00fablica.<\/p>\n","protected":false},"excerpt":{"rendered":"<p>Destacan Gobierno\u2002contin\u00faa ampliando el acceso a un hogar digno para las familias dominicanas. Estos nuevos apartamentos, se suman a las m\u00e1s de 18 mil viviendas entregadas durante la gesti\u00f3n de gobierno del presidente Luis Abinader. Santo Domingo, RD. \u2013 El presidente Luis Abinader encabez\u00f3 el jueves la entrega de 95 nuevos apartamentos en el Residencial [&hellip;]<\/p>\n","protected":false},"author":7,"featured_media":642909,"comment_status":"closed","ping_status":"closed","sticky":false,"template":"","format":"standard","meta":{"footnotes":""},"categories":[20,27],"tags":[1854],"class_list":["post-642889","post","type-post","status-publish","format-standard","has-post-thumbnail","hentry","category-dominicana-hoy","category-portada","tag-presidente-abinader"],"_links":{"self":[{"href":"https:\/\/diariodominicano.com\/index.php?rest_route=\/wp\/v2\/posts\/642889","targetHints":{"allow":["GET"]}}],"collection":[{"href":"https:\/\/diariodominicano.com\/index.php?rest_route=\/wp\/v2\/posts"}],"about":[{"href":"https:\/\/diariodominicano.com\/index.php?rest_route=\/wp\/v2\/types\/post"}],"author":[{"embeddable":true,"href":"https:\/\/diariodominicano.com\/index.php?rest_route=\/wp\/v2\/users\/7"}],"replies":[{"embeddable":true,"href":"https:\/\/diariodominicano.com\/index.php?rest_route=%2Fwp%2Fv2%2Fcomments&post=642889"}],"version-history":[{"count":3,"href":"https:\/\/diariodominicano.com\/index.php?rest_route=\/wp\/v2\/posts\/642889\/revisions"}],"predecessor-version":[{"id":642918,"href":"https:\/\/diariodominicano.com\/index.php?rest_route=\/wp\/v2\/posts\/642889\/revisions\/642918"}],"wp:featuredmedia":[{"embeddable":true,"href":"https:\/\/diariodominicano.com\/index.php?rest_route=\/wp\/v2\/media\/642909"}],"wp:attachment":[{"href":"https:\/\/diariodominicano.com\/index.php?rest_route=%2Fwp%2Fv2%2Fmedia&parent=642889"}],"wp:term":[{"taxonomy":"category","embeddable":true,"href":"https:\/\/diariodominicano.com\/index.php?rest_route=%2Fwp%2Fv2%2Fcategories&post=642889"},{"taxonomy":"post_tag","embeddable":true,"href":"https:\/\/diariodominicano.com\/index.php?rest_route=%2Fwp%2Fv2%2Ftags&post=642889"}],"curies":[{"name":"wp","href":"https:\/\/api.w.org\/{rel}","templated":true}]}}