{"id":642803,"date":"2025-10-09T00:37:47","date_gmt":"2025-10-09T04:37:47","guid":{"rendered":"https:\/\/diariodominicano.com\/?p=642803"},"modified":"2025-10-09T00:39:48","modified_gmt":"2025-10-09T04:39:48","slug":"perez-y-guerrero-a-cuartos-de-final-en-copa-mangu-j60","status":"publish","type":"post","link":"https:\/\/diariodominicano.com\/?p=642803","title":{"rendered":"P\u00e9rez y Guerrero a cuartos de final en Copa Mang\u00fa J60"},"content":{"rendered":"\n<p>Los tenistas dominicanos \u00c1lvaro P\u00e9rez e Isaac Guerrero.\u00a0<\/p>\n\n\n\n<p>Diario Dominicano<\/p>\n\n\n\n<p>SANTO DOMINGO, RD.-\u00a0Los tenistas dominicanos \u00c1lvaro P\u00e9rez e Isaac Guerrero avanzaron a los cuartos de final de sencillos de la Copa Mang\u00fa J60 Santo Domingo, que se celebra esta semana en el Centro Nacional de Tenis del Parque del Este con 90 jugadores de 19 pa\u00edses. \u00a0<\/p>\n\n\n\n<p>P\u00e9rez, ocho del torneo, dio cuentas del estadounidense Vincent Weaver viniendo de atr\u00e1s y en tres sets por 3-6 6-3 y 6-2.<\/p>\n\n\n\n<p>Mientras que Guerrero, cuarto favorito del torneo, venci\u00f3 al canadiense y n\u00famero 13, Marc-Edouard Lallier, con sets de 7-5 y 6-3.<\/p>\n\n\n\n<p>Los partidos de los cuartos de final de sencillos se jugar\u00e1n desde las 10 de la ma\u00f1ana de este jueves totalmente gratis para el p\u00fablico. En dobles, no antes de las 12 del mediod\u00eda.<\/p>\n\n\n\n<p>El torneo est\u00e1 bajo la supervisi\u00f3n de Wilson Joya, de por parte de la ITF, asistido por Yamil Jim\u00e9nez. Sergio Tobal, vicepresidente de Fedotenis, est\u00e1 al frente de la direcci\u00f3n general.&nbsp;&nbsp;&nbsp;<\/p>\n\n\n\n<p>El evento otorga 60 puntos para los campeones en sencillos, 36 para los finalistas y 45 para los triunfadores de los dobles.<\/p>\n\n\n\n<p>Los eventos organizados por Fedotenis son gracias al Ministerio de Turismo, Banco de Reservas, Junta de Aviaci\u00f3n Civil (JAC), Banco Central, Ekatex, Creso, El Nuevo Diario y Wilson.<\/p>\n\n\n\n<p>Federacion Dominicana de Tenis Fedotenis<\/p>\n\n\n\n<p><a href=\"mailto:prensafedotenis@gmail.com\" target=\"_blank\" rel=\"noreferrer noopener\">prensafedotenis@gmail.com<\/a><\/p>\n\n\n\n<p>#Mangu\u2003\u2003\u2003\u2003#Fedotenis\u2003 <\/p>\n","protected":false},"excerpt":{"rendered":"<p>Los tenistas dominicanos \u00c1lvaro P\u00e9rez e Isaac Guerrero.\u00a0 Diario Dominicano SANTO DOMINGO, RD.-\u00a0Los tenistas dominicanos \u00c1lvaro P\u00e9rez e Isaac Guerrero avanzaron a los cuartos de final de sencillos de la Copa Mang\u00fa J60 Santo Domingo, que se celebra esta semana en el Centro Nacional de Tenis del Parque del Este con 90 jugadores de 19 [&hellip;]<\/p>\n","protected":false},"author":2,"featured_media":642804,"comment_status":"closed","ping_status":"closed","sticky":false,"template":"","format":"standard","meta":{"footnotes":""},"categories":[17,27],"tags":[],"class_list":["post-642803","post","type-post","status-publish","format-standard","has-post-thumbnail","hentry","category-deportes","category-portada"],"_links":{"self":[{"href":"https:\/\/diariodominicano.com\/index.php?rest_route=\/wp\/v2\/posts\/642803","targetHints":{"allow":["GET"]}}],"collection":[{"href":"https:\/\/diariodominicano.com\/index.php?rest_route=\/wp\/v2\/posts"}],"about":[{"href":"https:\/\/diariodominicano.com\/index.php?rest_route=\/wp\/v2\/types\/post"}],"author":[{"embeddable":true,"href":"https:\/\/diariodominicano.com\/index.php?rest_route=\/wp\/v2\/users\/2"}],"replies":[{"embeddable":true,"href":"https:\/\/diariodominicano.com\/index.php?rest_route=%2Fwp%2Fv2%2Fcomments&post=642803"}],"version-history":[{"count":2,"href":"https:\/\/diariodominicano.com\/index.php?rest_route=\/wp\/v2\/posts\/642803\/revisions"}],"predecessor-version":[{"id":642807,"href":"https:\/\/diariodominicano.com\/index.php?rest_route=\/wp\/v2\/posts\/642803\/revisions\/642807"}],"wp:featuredmedia":[{"embeddable":true,"href":"https:\/\/diariodominicano.com\/index.php?rest_route=\/wp\/v2\/media\/642804"}],"wp:attachment":[{"href":"https:\/\/diariodominicano.com\/index.php?rest_route=%2Fwp%2Fv2%2Fmedia&parent=642803"}],"wp:term":[{"taxonomy":"category","embeddable":true,"href":"https:\/\/diariodominicano.com\/index.php?rest_route=%2Fwp%2Fv2%2Fcategories&post=642803"},{"taxonomy":"post_tag","embeddable":true,"href":"https:\/\/diariodominicano.com\/index.php?rest_route=%2Fwp%2Fv2%2Ftags&post=642803"}],"curies":[{"name":"wp","href":"https:\/\/api.w.org\/{rel}","templated":true}]}}