{"id":642669,"date":"2025-10-08T04:15:49","date_gmt":"2025-10-08T08:15:49","guid":{"rendered":"https:\/\/diariodominicano.com\/?p=642669"},"modified":"2025-10-08T04:19:50","modified_gmt":"2025-10-08T08:19:50","slug":"ministro-paliza-presenta-al-senado-estrategia-meta-rd-2036","status":"publish","type":"post","link":"https:\/\/diariodominicano.com\/?p=642669","title":{"rendered":"Ministro de la Presidencia presenta al Senado estrategia Meta RD 2036"},"content":{"rendered":"\n<h3 class=\"wp-block-heading\">Plantean los 10 objetivos prioritarios del Gobierno para el cuatrenio 2024-2028 como el primer paso hacia la meta.<\/h3>\n\n\n\n<p>7 de Octubre 2025 | <\/p>\n\n\n\n<figure class=\"wp-block-image\"><img decoding=\"async\" src=\"https:\/\/platform-cdn.sharethis.com\/img\/facebook.svg\" alt=\"facebook sharing button\"\/><\/figure>\n\n\n\n<figure class=\"wp-block-image\"><img decoding=\"async\" src=\"https:\/\/platform-cdn.sharethis.com\/img\/sharethis.svg\" alt=\"sharethis sharing button\"\/><\/figure>\n\n\n\n<p>Santo Domingo, RD.\u2013 El ministro de la Presidencia,\u00a0<strong>Jos\u00e9 Ignacio Paliza<\/strong>,\u00a0 y director general de Consejo Nacional de Competitividad,\u00a0<strong>Peter\u00a0 Prazmowski<\/strong>, presentaron el  martes a los legisladores del Senado el\u00a0<strong>plan Meta RD 2036<\/strong>, que busca\u00a0<strong>duplicar el PIB para la pr\u00f3xima d\u00e9cada<\/strong>.\u00a0<\/p>\n\n\n\n<p>Paliza explic\u00f3 que los diez objetivos priorizados del Gobierno para el&nbsp;<strong>cuatrenio 2024-2028<\/strong>, conforman el primer paso para alcanzar la&nbsp;<strong>visi\u00f3n-pa\u00eds establecida en dicha estrategia.<\/strong>&nbsp;Estos objetivos son: aumentar la&nbsp;<strong>esperanza de vida<\/strong>&nbsp;al nacer, reducir la tasa de&nbsp;<strong>homicidios<\/strong>, mejorar el \u00edndice de&nbsp;<strong>infraestructura de calidad<\/strong>, elevar el peso de la&nbsp;<strong>clase media<\/strong>en la poblaci\u00f3n, incrementar el&nbsp;<strong>PIB per c\u00e1pita<\/strong>, aumentar la tasa de&nbsp;<strong>formalidad en el empleo<\/strong>, mejorar el promedio de&nbsp;<strong>a\u00f1os efectivos de aprendizaje<\/strong>, reducir la tasa de&nbsp;<strong>pobreza multidimensional<\/strong>&nbsp;en&nbsp;<strong>zonas rurales<\/strong>, disminuir el porcentaje de&nbsp;<strong>hogares con alta vulnerabilidad<\/strong>&nbsp;ante choques clim\u00e1ticos&nbsp;<strong>(IVACC)<\/strong>&nbsp;y elevar el \u00edndice de&nbsp;<strong>efectividad del Gobierno.<\/strong><\/p>\n\n\n\n<p>Adem\u00e1s explic\u00f3 que para asegurar una ejecuci\u00f3n efectiva del proyecto, se ha puesto en marcha una&nbsp;<strong>arquitectura de gobernanza y seguimiento<\/strong>&nbsp;que incluye gabinetes interinstitucionales, consejo de ministros trimestrales, el programa \u201cGobierno en las Provincias\u201d, unidades de cumplimiento en cada instituci\u00f3n y un nuevo sistema de evaluaci\u00f3n de desempe\u00f1o institucional.<\/p>\n\n\n\n<p>Paliza puntualiz\u00f3 que alcanzar estas metas requiere un&nbsp;<strong>compromiso articulado entre el Estado, el sector privado y la sociedad civil<\/strong>. El enfoque de este es sentar las bases para un&nbsp;<strong>desarrollo sostenible e inclusivo,<\/strong>&nbsp;centrado en la&nbsp;<strong>calidad de vida<\/strong>&nbsp;de las personas y con un&nbsp;<strong>enfoque territorial<\/strong>.&nbsp;<\/p>\n\n\n\n<p><em>\u201cMeta RD 2036 debe consolidarse como una verdadera pol\u00edtica de Estado, m\u00e1s all\u00e1 de los ciclos electorales. No importa qui\u00e9n gobierne despu\u00e9s de este per\u00edodo; lo fundamental es que los resultados alcanzados se conviertan en compromisos nacionales\u201d,<\/em>&nbsp;a\u00f1adi\u00f3.&nbsp;<\/p>\n\n\n\n<figure class=\"wp-block-image\"><img decoding=\"async\" src=\"https:\/\/www.presidencia.gob.do\/sites\/default\/files\/inline-images\/WhatsApp%20Image%202025-10-07%20at%2015.49.33.jpeg\" alt=\"\"\/><\/figure>\n\n\n\n<p>De su lado, el director ejecutivo del Consejo Nacional de Competitividad, Peter Prazmowski, destac\u00f3 que Meta RD 2036 busca duplicar el ingreso per c\u00e1pita, pasando&nbsp;<strong>de USD 11,000 en 2024 a m\u00e1s de USD 22,000 en 2036<\/strong>, lo que implica mantener un&nbsp;<strong>crecimiento econ\u00f3mico sostenido del 6 % anual.&nbsp;<\/strong><\/p>\n\n\n\n<p>Para lograrlo, afirm\u00f3, ser\u00e1 necesario impulsar una nueva generaci\u00f3n de&nbsp;<strong>reformas centradas en la educaci\u00f3n, la innovaci\u00f3n, la institucionalidad y la equidad territorial<\/strong>, bajo un enfoque adaptativo, colectivo y transformador. Al respecto mencion\u00f3 que se han conformado&nbsp;<strong>equipos multisectoriales<\/strong>&nbsp;para dar seguimiento a los&nbsp;<strong>avances<\/strong>.&nbsp;<\/p>\n\n\n\n<p><em>\u201cMeta RD 2036 es una iniciativa impulsada por el presidente Luis Abinader mediante el Decreto 337-24, con el prop\u00f3sito de consolidar una Rep\u00fablica Dominicana m\u00e1s pr\u00f3spera, resiliente y equitativa\u201d,<\/em>&nbsp;refiri\u00f3.&nbsp;<\/p>\n\n\n\n<p>El presidente del Senado,&nbsp;<strong>Ricardo de los Santos<\/strong>, expres\u00f3 su respaldo a la iniciativa, destacando que no solo se trata de una&nbsp;<strong>propuesta que trasciende los intereses partidarios y protagonismo pol\u00edtico<\/strong>, sino que responde directamente al bienestar de la poblaci\u00f3n.&nbsp;<\/p>\n\n\n\n<p><strong>Sobre Meta RD 2036<\/strong><\/p>\n\n\n\n<figure class=\"wp-block-image\"><img decoding=\"async\" src=\"https:\/\/www.presidencia.gob.do\/sites\/default\/files\/inline-images\/WhatsApp%20Image%202025-10-07%20at%2015.49.34_0.jpeg\" alt=\"\"\/><\/figure>\n\n\n\n<p>Es una iniciativa estrat\u00e9gica impulsada por el presidente, Luis Abinader, que busca definir el&nbsp;<strong>rumbo del pa\u00eds durante los pr\u00f3ximos a\u00f1os<\/strong>.&nbsp;<\/p>\n\n\n\n<p>El ambicioso proyecto, creado mediante el\u00a0<strong>Decreto 337-24<\/strong>, tiene como objetivo\u00a0<strong>duplicar el Producto Interno Bruto (PIB) real en los pr\u00f3ximos 12 a\u00f1os<\/strong>, pasando de un ingreso per c\u00e1pita de USD 11,000 en 2024 a m\u00e1s de USD 22,000 en 2036. Para lograrlo, se proyecta un crecimiento econ\u00f3mico sostenido de 6 % anual.<\/p>\n\n\n\n<p>Con informaci\u00f3n de la Presidencia de la Rep\u00fablica Dominicana. <\/p>\n","protected":false},"excerpt":{"rendered":"<p>Plantean los 10 objetivos prioritarios del Gobierno para el cuatrenio 2024-2028 como el primer paso hacia la meta. 7 de Octubre 2025 | Santo Domingo, RD.\u2013 El ministro de la Presidencia,\u00a0Jos\u00e9 Ignacio Paliza,\u00a0 y director general de Consejo Nacional de Competitividad,\u00a0Peter\u00a0 Prazmowski, presentaron el martes a los legisladores del Senado el\u00a0plan Meta RD 2036, que [&hellip;]<\/p>\n","protected":false},"author":2,"featured_media":642670,"comment_status":"closed","ping_status":"closed","sticky":false,"template":"","format":"standard","meta":{"footnotes":""},"categories":[20,27],"tags":[],"class_list":["post-642669","post","type-post","status-publish","format-standard","has-post-thumbnail","hentry","category-dominicana-hoy","category-portada"],"_links":{"self":[{"href":"https:\/\/diariodominicano.com\/index.php?rest_route=\/wp\/v2\/posts\/642669","targetHints":{"allow":["GET"]}}],"collection":[{"href":"https:\/\/diariodominicano.com\/index.php?rest_route=\/wp\/v2\/posts"}],"about":[{"href":"https:\/\/diariodominicano.com\/index.php?rest_route=\/wp\/v2\/types\/post"}],"author":[{"embeddable":true,"href":"https:\/\/diariodominicano.com\/index.php?rest_route=\/wp\/v2\/users\/2"}],"replies":[{"embeddable":true,"href":"https:\/\/diariodominicano.com\/index.php?rest_route=%2Fwp%2Fv2%2Fcomments&post=642669"}],"version-history":[{"count":4,"href":"https:\/\/diariodominicano.com\/index.php?rest_route=\/wp\/v2\/posts\/642669\/revisions"}],"predecessor-version":[{"id":642676,"href":"https:\/\/diariodominicano.com\/index.php?rest_route=\/wp\/v2\/posts\/642669\/revisions\/642676"}],"wp:featuredmedia":[{"embeddable":true,"href":"https:\/\/diariodominicano.com\/index.php?rest_route=\/wp\/v2\/media\/642670"}],"wp:attachment":[{"href":"https:\/\/diariodominicano.com\/index.php?rest_route=%2Fwp%2Fv2%2Fmedia&parent=642669"}],"wp:term":[{"taxonomy":"category","embeddable":true,"href":"https:\/\/diariodominicano.com\/index.php?rest_route=%2Fwp%2Fv2%2Fcategories&post=642669"},{"taxonomy":"post_tag","embeddable":true,"href":"https:\/\/diariodominicano.com\/index.php?rest_route=%2Fwp%2Fv2%2Ftags&post=642669"}],"curies":[{"name":"wp","href":"https:\/\/api.w.org\/{rel}","templated":true}]}}