{"id":642643,"date":"2025-10-08T03:42:48","date_gmt":"2025-10-08T07:42:48","guid":{"rendered":"https:\/\/diariodominicano.com\/?p=642643"},"modified":"2025-10-08T03:43:17","modified_gmt":"2025-10-08T07:43:17","slug":"cabral-perez-y-guerrero-a-los-octavos-de-final-copa-mangu","status":"publish","type":"post","link":"https:\/\/diariodominicano.com\/?p=642643","title":{"rendered":"Cabral, P\u00e9rez y Guerrero a los octavos de final Copa Mang\u00fa"},"content":{"rendered":"\n<p>La tenista dominicana Paz Cabral. \u00a0<\/p>\n\n\n\n<p>Diario Dominicano <\/p>\n\n\n\n<p>SANTO DOMINGO, RD.-\u00a0Los tenistas dominicanos Paz Cabral, \u00c1lvaro P\u00e9rez e Isaac Guerrero avanzaron a los octavos de final de sencillos de la Copa Mang\u00fa J60 Santo Domingo, que se celebra esta semana en el Centro Nacional de Tenis del Parque del Este con 90 jugadores de 19 pa\u00edses. \u00a0\u00a0<\/p>\n\n\n\n<p>Este martes, Cabral dio cuentas de la ecuatoriana Luciana Caputi Intriago, por tres sets de 4-6 6-4 y 6-3, viniendo de atr\u00e1s. &nbsp;<\/p>\n\n\n\n<p>Mientras que P\u00e9rez, ocho del torneo, con sets de 6-2 y 6-0 avanz\u00f3 tras dejar en el camino al canadiense Nasko Dobrev. &nbsp;<\/p>\n\n\n\n<p>Por su parte Guerrero, cuarto favorito del torneo, venci\u00f3 al canadiense Ethan Huller, por 6-3 y 6-1. &nbsp;<\/p>\n\n\n\n<p>En dobles, Cabral y la argentina Milagros Bel\u00e9n se fueron a los cuartos de final tras vencer a las tambi\u00e9n criollas Anika Klee y Amelia De Le\u00f3n Aquino, con sets de 6-4 6-2.<\/p>\n\n\n\n<p>Los partidos de este mi\u00e9rcoles ser\u00e1n celebrados desde las 9 de la ma\u00f1ana, gratis para el p\u00fablico.<\/p>\n\n\n\n<p>El torneo est\u00e1 bajo la supervisi\u00f3n de&nbsp;Wilson Joya, de&nbsp;por parte de la ITF, asistido por Yamil&nbsp;Jim\u00e9nez. Sergio Tobal, vicepresidente de Fedotenis, est\u00e1 al frente de la direcci\u00f3n general. &nbsp; &nbsp;<\/p>\n\n\n\n<p>El evento otorga 60 puntos para los campeones en sencillos, 36 para los finalistas y 45 para los triunfadores de los dobles.<\/p>\n\n\n\n<p>Los eventos organizados por&nbsp;Fedotenis&nbsp;son gracias al Ministerio de Turismo, Banco de Reservas, Junta de Aviaci\u00f3n Civil (JAC),&nbsp;Banco Central,&nbsp;Ekatex, Creso, El Nuevo Diario y Wilson.<\/p>\n\n\n\n<p>Federacion Dominicana de Tenis Fedotenis<\/p>\n\n\n\n<p><a href=\"mailto:prensafedotenis@gmail.com\" target=\"_blank\" rel=\"noreferrer noopener\">prensafedotenis@gmail.com<\/a><\/p>\n\n\n\n<p>#Fedotenis\u2003\u2003\u2003\u2003 #Copa Magu<\/p>\n","protected":false},"excerpt":{"rendered":"<p>La tenista dominicana Paz Cabral. \u00a0 Diario Dominicano SANTO DOMINGO, RD.-\u00a0Los tenistas dominicanos Paz Cabral, \u00c1lvaro P\u00e9rez e Isaac Guerrero avanzaron a los octavos de final de sencillos de la Copa Mang\u00fa J60 Santo Domingo, que se celebra esta semana en el Centro Nacional de Tenis del Parque del Este con 90 jugadores de 19 [&hellip;]<\/p>\n","protected":false},"author":2,"featured_media":642644,"comment_status":"closed","ping_status":"closed","sticky":false,"template":"","format":"standard","meta":{"footnotes":""},"categories":[17,27],"tags":[],"class_list":["post-642643","post","type-post","status-publish","format-standard","has-post-thumbnail","hentry","category-deportes","category-portada"],"_links":{"self":[{"href":"https:\/\/diariodominicano.com\/index.php?rest_route=\/wp\/v2\/posts\/642643","targetHints":{"allow":["GET"]}}],"collection":[{"href":"https:\/\/diariodominicano.com\/index.php?rest_route=\/wp\/v2\/posts"}],"about":[{"href":"https:\/\/diariodominicano.com\/index.php?rest_route=\/wp\/v2\/types\/post"}],"author":[{"embeddable":true,"href":"https:\/\/diariodominicano.com\/index.php?rest_route=\/wp\/v2\/users\/2"}],"replies":[{"embeddable":true,"href":"https:\/\/diariodominicano.com\/index.php?rest_route=%2Fwp%2Fv2%2Fcomments&post=642643"}],"version-history":[{"count":2,"href":"https:\/\/diariodominicano.com\/index.php?rest_route=\/wp\/v2\/posts\/642643\/revisions"}],"predecessor-version":[{"id":642647,"href":"https:\/\/diariodominicano.com\/index.php?rest_route=\/wp\/v2\/posts\/642643\/revisions\/642647"}],"wp:featuredmedia":[{"embeddable":true,"href":"https:\/\/diariodominicano.com\/index.php?rest_route=\/wp\/v2\/media\/642644"}],"wp:attachment":[{"href":"https:\/\/diariodominicano.com\/index.php?rest_route=%2Fwp%2Fv2%2Fmedia&parent=642643"}],"wp:term":[{"taxonomy":"category","embeddable":true,"href":"https:\/\/diariodominicano.com\/index.php?rest_route=%2Fwp%2Fv2%2Fcategories&post=642643"},{"taxonomy":"post_tag","embeddable":true,"href":"https:\/\/diariodominicano.com\/index.php?rest_route=%2Fwp%2Fv2%2Ftags&post=642643"}],"curies":[{"name":"wp","href":"https:\/\/api.w.org\/{rel}","templated":true}]}}