{"id":642598,"date":"2025-10-07T21:11:50","date_gmt":"2025-10-08T01:11:50","guid":{"rendered":"https:\/\/diariodominicano.com\/?p=642598"},"modified":"2025-10-07T21:12:55","modified_gmt":"2025-10-08T01:12:55","slug":"senasa-y-el-sns-acuerdan-fortalecer-los-hospitales-de-la-red-publica-y-las-unidades-de-atencion-primaria","status":"publish","type":"post","link":"https:\/\/diariodominicano.com\/?p=642598","title":{"rendered":"SeNaSa y el SNS acuerdan fortalecer los hospitales de la red p\u00fablica y las unidades de atenci\u00f3n primaria\u00a0"},"content":{"rendered":"\n<p>Santo Domingo. \u2013&nbsp;El Seguro Nacional de Salud (SeNaSa) y el Servicio Nacional de Salud (SNS) trabajan de manera conjunta para fortalecer la red de hospitales p\u00fablicos del pa\u00eds, as\u00ed como garantizar la atenci\u00f3n primaria a los afiliados al R\u00e9gimen Subsidiado.<\/p>\n\n\n\n<p>En el marco de un segundo encuentro entre ambas instituciones, encabezado por los doctores Mario Lama y Edward Guzm\u00e1n, directores del SNS y SeNaSa respectivamente, esta vez junto a directores de diversos centros de salud, se abordaron temas de inter\u00e9s nacional en el \u00e1mbito de la salud y se empezaron a establecer acciones estrat\u00e9gicas para asegurar una respuesta m\u00e1s eficiente a las necesidades de los afiliados del R\u00e9gimen Subsidiado de SeNaSa.<\/p>\n\n\n\n<figure class=\"wp-block-image size-large\"><img loading=\"lazy\" decoding=\"async\" width=\"1024\" height=\"683\" src=\"https:\/\/diariodominicano.com\/wp-content\/uploads\/2025\/10\/SeNaSa-y-el-SNS-acuerdan-fortalecer-los-hospitales-de-la-red-publica-y-las-unidades-de-atencion-primaria-1024x683.jpg\" alt=\"\" class=\"wp-image-642603\" srcset=\"https:\/\/diariodominicano.com\/wp-content\/uploads\/2025\/10\/SeNaSa-y-el-SNS-acuerdan-fortalecer-los-hospitales-de-la-red-publica-y-las-unidades-de-atencion-primaria-1024x683.jpg 1024w, https:\/\/diariodominicano.com\/wp-content\/uploads\/2025\/10\/SeNaSa-y-el-SNS-acuerdan-fortalecer-los-hospitales-de-la-red-publica-y-las-unidades-de-atencion-primaria-300x200.jpg 300w, https:\/\/diariodominicano.com\/wp-content\/uploads\/2025\/10\/SeNaSa-y-el-SNS-acuerdan-fortalecer-los-hospitales-de-la-red-publica-y-las-unidades-de-atencion-primaria-768x512.jpg 768w, https:\/\/diariodominicano.com\/wp-content\/uploads\/2025\/10\/SeNaSa-y-el-SNS-acuerdan-fortalecer-los-hospitales-de-la-red-publica-y-las-unidades-de-atencion-primaria-816x544.jpg 816w, https:\/\/diariodominicano.com\/wp-content\/uploads\/2025\/10\/SeNaSa-y-el-SNS-acuerdan-fortalecer-los-hospitales-de-la-red-publica-y-las-unidades-de-atencion-primaria.jpg 1032w\" sizes=\"auto, (max-width: 1024px) 100vw, 1024px\" \/><\/figure>\n\n\n\n<p>Ambos incumbentes fueron enf\u00e1ticos al hablar de la importancia del trabajo en conjunto de las instituciones, \u201cEl SNS y SeNaSa deben trabajar con una coordinaci\u00f3n permanente, porque el \u00e9xito de uno impacta directamente en la eficiencia del otro\u201d, dijo Edward Guzm\u00e1n, titular de SeNaSa. Adem\u00e1s agreg\u00f3 que \u201cestamos seguros de que nuestra instituci\u00f3n se fortalecer\u00e1 en la medida en que fortalecemos el SNS\u201d.<\/p>\n\n\n\n<p>Por su parte, el doctor Mario Lama indic\u00f3 que \u201cesta reuni\u00f3n de coordinaci\u00f3n tiene como finalidad fortalecer la red p\u00fablica y la institucionalidad en beneficio de la poblaci\u00f3n m\u00e1s vulnerable. \u201cHay un compromiso con SeNaSa y con el gobierno dominicano. Nosotros, somos los responsables garantizar los servicios\u201d, agreg\u00f3 el doctor Lama.<\/p>\n\n\n\n<p>Estos encuentros se han realizado la semana en que vence el plazo otorgado a los centros privados cuyos contratos en modalidad de pago capitado fueron suspendidos, con el fin de asegurar que los afiliados del r\u00e9gimen subsidiado de SeNaSa no resulten afectados.<\/p>\n\n\n\n<p>Entre las medidas adoptadas se abord\u00f3 la elaboraci\u00f3n de un plan de mejora de tarifas orientado al fortalecimiento del sistema hospitalario; el reforzamiento de servicios esenciales como hemodinamia, oftalmolog\u00eda, emergencias, laboratorios e im\u00e1genes, traumatol\u00f3gicos, entre otros; as\u00ed como la contrataci\u00f3n de nuevos servicios para todos los reg\u00edmenes.<\/p>\n\n\n\n<p>Tomando en cuenta que cerca del 80 % de la facturaci\u00f3n de los hospitales p\u00fablicos corresponde a SeNaSa, el director ejecutivo de la ARS asegur\u00f3 tener las puertas de la instituci\u00f3n abiertas para continuar con nuevos encuentros de trabajo con los directores de la red p\u00fablica de hospitales.<\/p>\n\n\n\n<p>Estas medidas, adem\u00e1s de fortalecer la red p\u00fablica, aseguran el uso correcto de los recursos del Estado y promueven una gesti\u00f3n m\u00e1s transparente y eficiente. Con estas acciones, SeNaSa y el SNS reafirman su compromiso de trabajar de manera articulada para garantizar que cada dominicano reciba una atenci\u00f3n digna, oportuna y de calidad en la red p\u00fablica de servicios de salud.<\/p>\n\n\n\n<p>Otro de los puntos m\u00e1s relevantes fue el seguimiento y fiscalizaci\u00f3n a los centros y m\u00e9dicos independientes que priorizan el lucro, reforzando el sistema de auditor\u00edas con el fin de detectar posibles irregularidades o situaciones que afecten el buen funcionamiento del sistema de salud y, por supuesto, a los afiliados.<\/p>\n\n\n\n<p>En cuanto a las unidades de atenci\u00f3n primaria, el SNS se comprometi\u00f3 a fortalecer estos servicios, con el objetivo de descongestionar los hospitales y garantizar una atenci\u00f3n oportuna a la poblaci\u00f3n.<\/p>\n\n\n\n<p>Prensa ARS SeNaSa&nbsp;<a href=\"mailto:prensa@arssenasa.gob.do\">prensa@arssenasa.gob.do<\/a><\/p>\n","protected":false},"excerpt":{"rendered":"<p>Santo Domingo. \u2013&nbsp;El Seguro Nacional de Salud (SeNaSa) y el Servicio Nacional de Salud (SNS) trabajan de manera conjunta para fortalecer la red de hospitales p\u00fablicos del pa\u00eds, as\u00ed como garantizar la atenci\u00f3n primaria a los afiliados al R\u00e9gimen Subsidiado. En el marco de un segundo encuentro entre ambas instituciones, encabezado por los doctores Mario [&hellip;]<\/p>\n","protected":false},"author":7,"featured_media":642604,"comment_status":"closed","ping_status":"closed","sticky":false,"template":"","format":"standard","meta":{"footnotes":""},"categories":[17],"tags":[413,835],"class_list":["post-642598","post","type-post","status-publish","format-standard","has-post-thumbnail","hentry","category-deportes","tag-senasa","tag-sns"],"_links":{"self":[{"href":"https:\/\/diariodominicano.com\/index.php?rest_route=\/wp\/v2\/posts\/642598","targetHints":{"allow":["GET"]}}],"collection":[{"href":"https:\/\/diariodominicano.com\/index.php?rest_route=\/wp\/v2\/posts"}],"about":[{"href":"https:\/\/diariodominicano.com\/index.php?rest_route=\/wp\/v2\/types\/post"}],"author":[{"embeddable":true,"href":"https:\/\/diariodominicano.com\/index.php?rest_route=\/wp\/v2\/users\/7"}],"replies":[{"embeddable":true,"href":"https:\/\/diariodominicano.com\/index.php?rest_route=%2Fwp%2Fv2%2Fcomments&post=642598"}],"version-history":[{"count":1,"href":"https:\/\/diariodominicano.com\/index.php?rest_route=\/wp\/v2\/posts\/642598\/revisions"}],"predecessor-version":[{"id":642605,"href":"https:\/\/diariodominicano.com\/index.php?rest_route=\/wp\/v2\/posts\/642598\/revisions\/642605"}],"wp:featuredmedia":[{"embeddable":true,"href":"https:\/\/diariodominicano.com\/index.php?rest_route=\/wp\/v2\/media\/642604"}],"wp:attachment":[{"href":"https:\/\/diariodominicano.com\/index.php?rest_route=%2Fwp%2Fv2%2Fmedia&parent=642598"}],"wp:term":[{"taxonomy":"category","embeddable":true,"href":"https:\/\/diariodominicano.com\/index.php?rest_route=%2Fwp%2Fv2%2Fcategories&post=642598"},{"taxonomy":"post_tag","embeddable":true,"href":"https:\/\/diariodominicano.com\/index.php?rest_route=%2Fwp%2Fv2%2Ftags&post=642598"}],"curies":[{"name":"wp","href":"https:\/\/api.w.org\/{rel}","templated":true}]}}