{"id":642566,"date":"2025-10-07T19:13:12","date_gmt":"2025-10-07T23:13:12","guid":{"rendered":"https:\/\/diariodominicano.com\/?p=642566"},"modified":"2025-10-07T19:13:14","modified_gmt":"2025-10-07T23:13:14","slug":"anpa-convoca-a-huelga-nacional-de-los-profesionales-agropecuarios","status":"publish","type":"post","link":"https:\/\/diariodominicano.com\/?p=642566","title":{"rendered":"ANPA convoca a huelga nacional de los profesionales agropecuarios"},"content":{"rendered":"\n<p>La Asociaci\u00f3n Nacional de Profesionales Agropecuarios (ANPA), encabezada por su presidente Agr\u00f3n. V\u00edctor Hugo Tito Hern\u00e1ndez (Tito), anunci\u00f3 este martes un plan de lucha nacional que inicia con una huelga general de 24 horas el pr\u00f3ximo viernes 10 de octubre, en todas las instituciones del sector agropecuario del pa\u00eds.<\/p>\n\n\n\n<p>La decisi\u00f3n fue adoptada por el Comit\u00e9 Ejecutivo Nacional y los presidentes de las delegaciones de todo el territorio nacional, ante la falta de respuesta del Gobierno a las demandas de los profesionales agropecuarios.<\/p>\n\n\n\n<figure class=\"wp-block-image size-large\"><img loading=\"lazy\" decoding=\"async\" width=\"1024\" height=\"682\" src=\"https:\/\/diariodominicano.com\/wp-content\/uploads\/2025\/10\/ANPA-convoca-a-huelga-nacional-de-los-profesionales-agropecuario-1024x682.jpeg\" alt=\"\" class=\"wp-image-642573\" srcset=\"https:\/\/diariodominicano.com\/wp-content\/uploads\/2025\/10\/ANPA-convoca-a-huelga-nacional-de-los-profesionales-agropecuario-1024x682.jpeg 1024w, https:\/\/diariodominicano.com\/wp-content\/uploads\/2025\/10\/ANPA-convoca-a-huelga-nacional-de-los-profesionales-agropecuario-300x200.jpeg 300w, https:\/\/diariodominicano.com\/wp-content\/uploads\/2025\/10\/ANPA-convoca-a-huelga-nacional-de-los-profesionales-agropecuario-768x512.jpeg 768w, https:\/\/diariodominicano.com\/wp-content\/uploads\/2025\/10\/ANPA-convoca-a-huelga-nacional-de-los-profesionales-agropecuario-1536x1023.jpeg 1536w, https:\/\/diariodominicano.com\/wp-content\/uploads\/2025\/10\/ANPA-convoca-a-huelga-nacional-de-los-profesionales-agropecuario-816x544.jpeg 816w, https:\/\/diariodominicano.com\/wp-content\/uploads\/2025\/10\/ANPA-convoca-a-huelga-nacional-de-los-profesionales-agropecuario.jpeg 1600w\" sizes=\"auto, (max-width: 1024px) 100vw, 1024px\" \/><\/figure>\n\n\n\n<p>La ANPA lucha por:<\/p>\n\n\n\n<p>El aumento salarial para todos los profesionales del sector.<\/p>\n\n\n\n<p>La reposici\u00f3n inmediata de los cancelados de las diferentes instituciones agropecuarias.<\/p>\n\n\n\n<p>El decreto de pensi\u00f3n para los t\u00e9cnicos y profesionales que han dedicado su vida al servicio del campo y la producci\u00f3n nacional.<\/p>\n\n\n\n<p>La organizaci\u00f3n gremial calific\u00f3 como injusto y discriminatorio el trato que reciben los profesionales agropecuarios, quienes son los verdaderos garantes de la seguridad y soberan\u00eda alimentaria del pueblo dominicano.<\/p>\n\n\n\n<p>\u201cLa paciencia del sector se ha agotado. Hemos sido respetuosos, hemos dialogado y hemos esperado, pero ya es momento de actuar\u201d, declar\u00f3 Tito Hern\u00e1ndez, presidente nacional de la ANPA.<\/p>\n\n\n\n<p>La ANPA hizo un llamado a todos los profesionales agropecuarios del pa\u00eds a unirse de manera firme y disciplinada a esta jornada nacional de lucha, advirtiendo que la dignidad del profesional agropecuario no se negocia, se defiende.<\/p>\n\n\n\n<p>DIRECCION DE PRENSA<\/p>\n","protected":false},"excerpt":{"rendered":"<p>La Asociaci\u00f3n Nacional de Profesionales Agropecuarios (ANPA), encabezada por su presidente Agr\u00f3n. V\u00edctor Hugo Tito Hern\u00e1ndez (Tito), anunci\u00f3 este martes un plan de lucha nacional que inicia con una huelga general de 24 horas el pr\u00f3ximo viernes 10 de octubre, en todas las instituciones del sector agropecuario del pa\u00eds. La decisi\u00f3n fue adoptada por el [&hellip;]<\/p>\n","protected":false},"author":7,"featured_media":642574,"comment_status":"closed","ping_status":"closed","sticky":false,"template":"","format":"standard","meta":{"footnotes":""},"categories":[36],"tags":[2659],"class_list":["post-642566","post","type-post","status-publish","format-standard","has-post-thumbnail","hentry","category-hombresmujeresycosas","tag-anpa"],"_links":{"self":[{"href":"https:\/\/diariodominicano.com\/index.php?rest_route=\/wp\/v2\/posts\/642566","targetHints":{"allow":["GET"]}}],"collection":[{"href":"https:\/\/diariodominicano.com\/index.php?rest_route=\/wp\/v2\/posts"}],"about":[{"href":"https:\/\/diariodominicano.com\/index.php?rest_route=\/wp\/v2\/types\/post"}],"author":[{"embeddable":true,"href":"https:\/\/diariodominicano.com\/index.php?rest_route=\/wp\/v2\/users\/7"}],"replies":[{"embeddable":true,"href":"https:\/\/diariodominicano.com\/index.php?rest_route=%2Fwp%2Fv2%2Fcomments&post=642566"}],"version-history":[{"count":1,"href":"https:\/\/diariodominicano.com\/index.php?rest_route=\/wp\/v2\/posts\/642566\/revisions"}],"predecessor-version":[{"id":642577,"href":"https:\/\/diariodominicano.com\/index.php?rest_route=\/wp\/v2\/posts\/642566\/revisions\/642577"}],"wp:featuredmedia":[{"embeddable":true,"href":"https:\/\/diariodominicano.com\/index.php?rest_route=\/wp\/v2\/media\/642574"}],"wp:attachment":[{"href":"https:\/\/diariodominicano.com\/index.php?rest_route=%2Fwp%2Fv2%2Fmedia&parent=642566"}],"wp:term":[{"taxonomy":"category","embeddable":true,"href":"https:\/\/diariodominicano.com\/index.php?rest_route=%2Fwp%2Fv2%2Fcategories&post=642566"},{"taxonomy":"post_tag","embeddable":true,"href":"https:\/\/diariodominicano.com\/index.php?rest_route=%2Fwp%2Fv2%2Ftags&post=642566"}],"curies":[{"name":"wp","href":"https:\/\/api.w.org\/{rel}","templated":true}]}}