{"id":642565,"date":"2025-10-07T18:59:07","date_gmt":"2025-10-07T22:59:07","guid":{"rendered":"https:\/\/diariodominicano.com\/?p=642565"},"modified":"2025-10-07T18:59:09","modified_gmt":"2025-10-07T22:59:09","slug":"rd-entreno-por-primera-vez-en-asia-previo-al-duelo-frente-a-uruguay","status":"publish","type":"post","link":"https:\/\/diariodominicano.com\/?p=642565","title":{"rendered":"RD entren\u00f3 por primera vez en Asia \u00a0previo al duelo frente a Uruguay"},"content":{"rendered":"\n<p>SANTO DOMINGO.- La Selecci\u00f3n Dominicana de F\u00fatbol se instal\u00f3 en Kuala Lumpur, capital de Malasia, donde enfrentar\u00e1 a su similar de Uruguay el pr\u00f3ximo viernes 10 de octubre en el National Stadium Bukit Jalil a partir de las 8:45 de la ma\u00f1ana (hora dominicana). El partido de car\u00e1cter amistoso representa el primer enfrentamiento entre ambas selecciones.<\/p>\n\n\n\n<p>La escuadra que dirige Marcelo Neveleff entren\u00f3 por primera vez en suelo asi\u00e1tico este martes por la tarde, en una sesi\u00f3n de trabajo que sirvi\u00f3 para que los futbolistas soltaran la fatiga generada por el extenso viaje y al tiempo ir preparando el duelo del viernes.<\/p>\n\n\n\n<p>\u201cLos jugadores llegaron un poquito cansados, pero con mucha ilusi\u00f3n y ganas, la pr\u00e1ctica estuvo muy buena, intensa y se vio que los chicos tienen ganas de que llegue la hora del partido\u201d, expres\u00f3 Neveleff.<\/p>\n\n\n\n<p>Sobre las expectativas de cara a esta nueva Ventana FIFA, el director t\u00e9cnico nacional coment\u00f3 que \u201cqueremos competir, saber que estamos a la altura y como siempre destaco la importancia de seguir midi\u00e9ndonos con equipos mundialistas que nunca hab\u00eda pasado y menos tan seguido. Creo que estamos en un muy buen lugar (nivel) y por eso estas selecciones nos invitan a hacer estos partidos\u201d.<\/p>\n\n\n\n<p>A\u00f1adi\u00f3 Neveleff que \u201caprovechamos para que los chicos nuevos est\u00e9n viendo, que entrenen con sus compa\u00f1eros con m\u00e1s experiencia, jugadores como Firpo, Pablo, Morschell, Jean Carlos, Lloyd son ejemplos que estos chicos tienen que seguir y como son la pr\u00f3xima generaci\u00f3n de nuestra selecci\u00f3n es buen que est\u00e9n ac\u00e1 oliendo lo que es estar en una selecci\u00f3n\u201d.<\/p>\n\n\n\n<p>El combinado patrio proseguir\u00e1 su puesta a tono para el cotejo ante los charr\u00faas este mi\u00e9rcoles por la tarde, mientras que el jueves estar\u00e1 haciendo el reconocimiento del terreno de juego del National Stadium Bukit Jalil para quedar listo de cara al desaf\u00edo.<\/p>\n\n\n\n<p>Para este compromiso de la selecci\u00f3n de mayores fueron convocados 26 jugadores, entre los que destacan Heinz Morschell, Noah Dollenmayer, Jimmy Kaparoos y Edison Azcona, quienes fueron figuras con la selecci\u00f3n en la Copa Oro, pero se perdieron el duelo ante Jordania en la Fecha FIFA de septiembre por compromisos con sus respectivos clubes.<\/p>\n\n\n\n<p>Tambi\u00e9n regresa a una convocatoria el guardameta Noam Bauman, quien particip\u00f3 en los duelos amistosos ante Aruba y Per\u00fa en marzo del a\u00f1o pasado.<\/p>\n\n\n\n<p>El delantero Lu\u00eds Meneses, quien milita en el Club Atl\u00e9tico Rentistas de la Segunda Divisi\u00f3n de Uruguay tom\u00f3 el lugar de Edison Azcona en la convocatoria debido a una fatiga muscular. Es la primera vez que Meneses viste la camiseta quisqueyana.<\/p>\n\n\n\n<p>La convocatoria est\u00e1 compuesta por los Porteros:&nbsp;Xavi Valdez (Nashville SC \u2013 USA),&nbsp;\u2060Noam Baumann (SC Sagamihara \u2013 Jap\u00f3n) y&nbsp;\u2060Miguel Lloyd (Cibao FC \u2013 RD).<\/p>\n\n\n\n<p>Defensores:&nbsp;&nbsp;Joao Urbaez (FC Flamurtari Vlor\u00eb \u2013 Albania),\u2060&nbsp;Marlon Mena (Parma Calcio 1913 \u2013 Italia),&nbsp;\u2060Jimmy Kaparos (Patro Eidsen \u2013 B\u00e9lgica),&nbsp;\u2060Edgar Pujol (Racing Club de Ferrol \u2013 Espa\u00f1a),&nbsp;\u2060Noah Dollenmayer (San Antonio FC \u2013 USA),&nbsp;\u2060Miguel Beltr\u00e9 (CD Azuqueca \u2013 Espa\u00f1a),&nbsp;\u2060Jos\u00e9 Carlos Abreu (Delfines del Este \u2013 RD),&nbsp;\u2060J\u00fanior Firpo (Real Betis \u2013 Espa\u00f1a) y&nbsp;\u2060Juan Familia Castillo (RKC Waalwuk \u2013 Holanda).<\/p>\n\n\n\n<p>Mediocampistas:&nbsp;Heinz Morschel (FC Vizela \u2013 Portugal),&nbsp;\u2060Fabian Messina (Arenas Club de Getxo \u2013 Espa\u00f1a), Omar De La Cruz (Cibao FC \u2013 RD),&nbsp;\u2060Pablo Rosario (FC Oporto \u2013 Portugal), Jean Carlos L\u00f3pez (Cibao FC \u2013 RD), Lucas Breton (M\u00e1laga CF \u2013 Espa\u00f1a) y Ronaldo V\u00e1squez (Sumqayit PFK \u2013 Azerbaiy\u00e1n).<\/p>\n\n\n\n<p>\u2060Delanteros:&nbsp;Juan Carlos Pineda (PFC Beroe \u2013 Bulgaria), Lu\u00eds Meneses (Club Atl\u00e9tico Rentistas \u2013 Uruguay),&nbsp;\u2060Javier Roces (Cibao FC \u2013 RD),&nbsp;\u2060Edarlyn Reyes (Arsenal Tula \u2013 Rusia),&nbsp;\u2060Oscar Ure\u00f1a (FC Barcelona Atl\u00e9tic),&nbsp;\u2060Erik Japa (Umecit FC \u2013 Panam\u00e1) y&nbsp;\u2060Dorny Romero (Club Bol\u00edbar \u2013 Bolivia).<\/p>\n\n\n\n<p>El partido ser\u00e1 transmitido por CDN Deportes en vivo el viernes desde las 8:45 AM.<\/p>\n\n\n\n<p>Fedofutbol Prensa <a href=\"mailto:fedofutbolprensa2019@gmail.com\">fedofutbolprensa2019@gmail.com<\/a><\/p>\n","protected":false},"excerpt":{"rendered":"<p>SANTO DOMINGO.- La Selecci\u00f3n Dominicana de F\u00fatbol se instal\u00f3 en Kuala Lumpur, capital de Malasia, donde enfrentar\u00e1 a su similar de Uruguay el pr\u00f3ximo viernes 10 de octubre en el National Stadium Bukit Jalil a partir de las 8:45 de la ma\u00f1ana (hora dominicana). El partido de car\u00e1cter amistoso representa el primer enfrentamiento entre ambas [&hellip;]<\/p>\n","protected":false},"author":7,"featured_media":642571,"comment_status":"closed","ping_status":"closed","sticky":false,"template":"","format":"standard","meta":{"footnotes":""},"categories":[17],"tags":[1532],"class_list":["post-642565","post","type-post","status-publish","format-standard","has-post-thumbnail","hentry","category-deportes","tag-fedofutbol"],"_links":{"self":[{"href":"https:\/\/diariodominicano.com\/index.php?rest_route=\/wp\/v2\/posts\/642565","targetHints":{"allow":["GET"]}}],"collection":[{"href":"https:\/\/diariodominicano.com\/index.php?rest_route=\/wp\/v2\/posts"}],"about":[{"href":"https:\/\/diariodominicano.com\/index.php?rest_route=\/wp\/v2\/types\/post"}],"author":[{"embeddable":true,"href":"https:\/\/diariodominicano.com\/index.php?rest_route=\/wp\/v2\/users\/7"}],"replies":[{"embeddable":true,"href":"https:\/\/diariodominicano.com\/index.php?rest_route=%2Fwp%2Fv2%2Fcomments&post=642565"}],"version-history":[{"count":1,"href":"https:\/\/diariodominicano.com\/index.php?rest_route=\/wp\/v2\/posts\/642565\/revisions"}],"predecessor-version":[{"id":642572,"href":"https:\/\/diariodominicano.com\/index.php?rest_route=\/wp\/v2\/posts\/642565\/revisions\/642572"}],"wp:featuredmedia":[{"embeddable":true,"href":"https:\/\/diariodominicano.com\/index.php?rest_route=\/wp\/v2\/media\/642571"}],"wp:attachment":[{"href":"https:\/\/diariodominicano.com\/index.php?rest_route=%2Fwp%2Fv2%2Fmedia&parent=642565"}],"wp:term":[{"taxonomy":"category","embeddable":true,"href":"https:\/\/diariodominicano.com\/index.php?rest_route=%2Fwp%2Fv2%2Fcategories&post=642565"},{"taxonomy":"post_tag","embeddable":true,"href":"https:\/\/diariodominicano.com\/index.php?rest_route=%2Fwp%2Fv2%2Ftags&post=642565"}],"curies":[{"name":"wp","href":"https:\/\/api.w.org\/{rel}","templated":true}]}}