{"id":642499,"date":"2025-10-07T11:46:12","date_gmt":"2025-10-07T15:46:12","guid":{"rendered":"https:\/\/diariodominicano.com\/?p=642499"},"modified":"2025-10-07T12:15:43","modified_gmt":"2025-10-07T16:15:43","slug":"expertos-aclaran-calor-no-justifica-aumentos-en-la-factura-electrica","status":"publish","type":"post","link":"https:\/\/diariodominicano.com\/?p=642499","title":{"rendered":"Expertos aclaran calor no justifica aumentos en la factura el\u00e9ctrica"},"content":{"rendered":"\n<p>Santo Domingo, R.D. \u2013 Los incrementos en las facturas el\u00e9ctricas que afectan a miles de hogares dominicanos no se deben al calor, sino a errores en las estimaciones de consumo realizadas por las distribuidoras cuando los medidores presentan fallas, advirtieron los ingenieros Luis Ozuna y Luis Moquette, directivos de Tecni Electric, empresa especializada en control, distribuci\u00f3n y medici\u00f3n el\u00e9ctrica.<\/p>\n\n\n\n<p>Durante una conversaci\u00f3n en el programa \u201cQu\u00e9 tenemos radio\u201d, ambos profesionales explicaron que, aunque las altas temperaturas pueden influir ligeramente en el consumo, no justifican los aumentos abruptos que muchos usuarios est\u00e1n experimentando.<\/p>\n\n\n\n<p>El ingeniero industrial Luis Moquette, gerente de log\u00edstica de la compa\u00f1\u00eda, detall\u00f3 que la tarifa el\u00e9ctrica se compone de diversos factores, pero subray\u00f3 que \u201cen muchos casos, los aumentos no se deben a un consumo real, sino a estimaciones realizadas por las distribuidoras cuando se interrumpe la comunicaci\u00f3n con los medidores\u201d.<\/p>\n\n\n\n<p>\u201cT\u00e9cnicamente, podr\u00eda decirse que a veces te cobran por el apag\u00f3n. No es un abuso directo, sino una proyecci\u00f3n autom\u00e1tica del sistema que asume que el consumo se mantuvo igual mientras no hubo conexi\u00f3n con el medidor\u201d, precis\u00f3 Moquette.<\/p>\n\n\n\n<p>De su lado, el ingeniero el\u00e9ctrico Luis Ozuna, supervisor de proyectos de Tecni Electric, agreg\u00f3 que estos ajustes suelen ser m\u00e1s frecuentes en verano, cuando coinciden altas temperaturas, mayor uso de equipos de refrigeraci\u00f3n y deficiencias en la red de distribuci\u00f3n.<\/p>\n\n\n\n<p>\u201cNo es realista que un hogar duplique o triplique su consumo el\u00e9ctrico de un mes a otro sin haber cambiado su estilo de vida o aumentado la cantidad de equipos instalados. El calor puede influir, pero no explica aumentos tan dr\u00e1sticos\u201d, indic\u00f3 Ozuna.<\/p>\n\n\n\n<p>Ambos expertos coincidieron en que los consumidores deben exigir transparencia y revisar sus patrones de consumo, pues \u201cvivimos en un pa\u00eds caribe\u00f1o, donde el calor es constante, no en un clima que cambia de extremo a extremo en pocos meses\u201d, record\u00f3 Moquette.<\/p>\n\n\n\n<p>Carmen Est\u00e9vez <a href=\"mailto:estevezc119@gmail.com\">estevezc119@gmail.com<\/a><\/p>\n\n\n\n<p><\/p>\n","protected":false},"excerpt":{"rendered":"<p>Santo Domingo, R.D. \u2013 Los incrementos en las facturas el\u00e9ctricas que afectan a miles de hogares dominicanos no se deben al calor, sino a errores en las estimaciones de consumo realizadas por las distribuidoras cuando los medidores presentan fallas, advirtieron los ingenieros Luis Ozuna y Luis Moquette, directivos de Tecni Electric, empresa especializada en control, [&hellip;]<\/p>\n","protected":false},"author":7,"featured_media":642517,"comment_status":"closed","ping_status":"closed","sticky":true,"template":"","format":"standard","meta":{"footnotes":""},"categories":[20,27],"tags":[3306],"class_list":["post-642499","post","type-post","status-publish","format-standard","has-post-thumbnail","hentry","category-dominicana-hoy","category-portada","tag-tecni-electric"],"_links":{"self":[{"href":"https:\/\/diariodominicano.com\/index.php?rest_route=\/wp\/v2\/posts\/642499","targetHints":{"allow":["GET"]}}],"collection":[{"href":"https:\/\/diariodominicano.com\/index.php?rest_route=\/wp\/v2\/posts"}],"about":[{"href":"https:\/\/diariodominicano.com\/index.php?rest_route=\/wp\/v2\/types\/post"}],"author":[{"embeddable":true,"href":"https:\/\/diariodominicano.com\/index.php?rest_route=\/wp\/v2\/users\/7"}],"replies":[{"embeddable":true,"href":"https:\/\/diariodominicano.com\/index.php?rest_route=%2Fwp%2Fv2%2Fcomments&post=642499"}],"version-history":[{"count":2,"href":"https:\/\/diariodominicano.com\/index.php?rest_route=\/wp\/v2\/posts\/642499\/revisions"}],"predecessor-version":[{"id":642531,"href":"https:\/\/diariodominicano.com\/index.php?rest_route=\/wp\/v2\/posts\/642499\/revisions\/642531"}],"wp:featuredmedia":[{"embeddable":true,"href":"https:\/\/diariodominicano.com\/index.php?rest_route=\/wp\/v2\/media\/642517"}],"wp:attachment":[{"href":"https:\/\/diariodominicano.com\/index.php?rest_route=%2Fwp%2Fv2%2Fmedia&parent=642499"}],"wp:term":[{"taxonomy":"category","embeddable":true,"href":"https:\/\/diariodominicano.com\/index.php?rest_route=%2Fwp%2Fv2%2Fcategories&post=642499"},{"taxonomy":"post_tag","embeddable":true,"href":"https:\/\/diariodominicano.com\/index.php?rest_route=%2Fwp%2Fv2%2Ftags&post=642499"}],"curies":[{"name":"wp","href":"https:\/\/api.w.org\/{rel}","templated":true}]}}