{"id":642313,"date":"2025-10-07T01:07:24","date_gmt":"2025-10-07T05:07:24","guid":{"rendered":"https:\/\/diariodominicano.com\/?p=642313"},"modified":"2025-10-07T01:08:51","modified_gmt":"2025-10-07T05:08:51","slug":"abinader-encabeza-reunion-de-seguimiento-al-plan-de-seguridad-ciudadana-7","status":"publish","type":"post","link":"https:\/\/diariodominicano.com\/?p=642313","title":{"rendered":"Abinader encabeza reuni\u00f3n de seguimiento al Plan de Seguridad Ciudadana"},"content":{"rendered":"\n<h3 class=\"wp-block-heading\">La\u00a0sesi\u00f3n de trabajo se llev\u00f3  a cabo en el Sal\u00f3n del Club de Oficiales del Palacio de la Polic\u00eda Nacional<\/h3>\n\n\n\n<p>6 de Octubre 2025 | <\/p>\n\n\n\n<p>Santo Domingo, RD.\u2013\u00a0<strong>El presidente Luis Abinader<\/strong>\u00a0encabez\u00f3 el lunes la reuni\u00f3n de\u00a0<strong>seguimiento al Plan de Seguridad Ciudadana<\/strong>, con el objetivo de reforzar las\u00a0<strong>estrategias<\/strong>\u00a0que se ejecutan en todo el pa\u00eds para garantizar\u00a0<strong>mayor protecci\u00f3n y tranquilidad<\/strong>\u00a0a la poblaci\u00f3n.<\/p>\n\n\n\n<p>La\u00a0<strong>sesi\u00f3n de trabajo<\/strong>\u00a0se llev\u00f3  a cabo en el Sal\u00f3n del Club de Oficiales del Palacio de la Polic\u00eda Nacional. En ella se evaluaron  las\u00a0<strong>tareas cumplidas<\/strong>\u00a0hasta la fecha, los\u00a0<strong>resultados alcanzados<\/strong>\u00a0y las\u00a0<strong>nuevas disposiciones\u00a0<\/strong>que ser\u00e1n adoptadas para continuar elevando los\u00a0<strong>niveles de seguridad<\/strong>\u00a0en beneficio de los dominicanos.<\/p>\n\n\n\n<p>En compa\u00f1\u00eda del mandatario, estuvieron  el ministro de la Presidencia,\u00a0<strong>Jos\u00e9 Ignacio Paliza<\/strong>; de Interior y Polic\u00eda,\u00a0<strong>Faride Raful<\/strong>; de Defensa, teniente general\u00a0<strong>Carlos Antonio Fern\u00e1ndez Onofre<\/strong>; la procuradora general de la Rep\u00fablica,\u00a0<strong>Yeni Berenice Reynoso<\/strong>; el director de la Polic\u00eda Nacional, mayor general\u00a0<strong>Ram\u00f3n Antonio Guzm\u00e1n Peralta,<\/strong>\u00a0y el viceministro de la Presidencia para Proyectos Especiales y Coordinaci\u00f3n de Seguridad,\u00a0<strong>Roger G. Pujols<\/strong>.<\/p>\n\n\n\n<p>Tambi\u00e9n, el presidente de la Direcci\u00f3n Nacional de Control de Drogas (DNCD), vicealmirante&nbsp;<strong>Jos\u00e9 Manuel Cabrera Ulloa<\/strong>; del Consejo Nacional de Drogas (CND),&nbsp;<strong>Alejandro de Jes\u00fas Abreu<\/strong>; el subdirector general de la Polic\u00eda Nacional y director central de Transformaci\u00f3n Policial, general&nbsp;<strong>Juan Hilario Guzm\u00e1n Bad\u00eda<\/strong>; el director de Migraci\u00f3n, vicealmirante&nbsp;<strong>Luis Rafael Lee Ballester<\/strong>; de la Comisi\u00f3n Militar y Policial (Comipol), coronel&nbsp;<strong>Luis Rafael Herrera Almonte<\/strong>; de la Direcci\u00f3n General de Seguridad de Tr\u00e1nsito y Transporte Terrestre (Digesett), general&nbsp;<strong>Pascual Cruz M\u00e9ndez<\/strong>; de la Polic\u00eda de Turismo (Politur), general&nbsp;<strong>Minoru Matsunaga<\/strong>; del Sistema Nacional de Atenci\u00f3n a Emergencias 911, coronel piloto&nbsp;<strong>Randolfo Rijo<\/strong>; de Asuntos Internos de la Polic\u00eda Nacional, general&nbsp;<strong>Werner N\u00fa\u00f1ez Quezada,<\/strong>&nbsp;y el asesor ejecutivo para Asuntos de Seguridad,&nbsp;<strong>John Huvane<\/strong>.<\/p>\n\n\n\n<p>Adem\u00e1s, el director de la Polic\u00eda Escolar, el general&nbsp;<strong>Francisco Ozoria de la Cruz<\/strong>; de Prisiones,&nbsp;<strong>Roberto Hern\u00e1ndez Basilio,<\/strong>&nbsp;y el comisionado ejecutivo para Reforma Policial,&nbsp;<strong>Luis Ernesto Garc\u00eda Hern\u00e1ndez<\/strong>.<\/p>\n\n\n\n<p>Del mismo modo, asistieron  el comandante del Ej\u00e9rcito Nacional, mayor general\u00a0<strong>Jorge Iv\u00e1n Camino P\u00e9rez<\/strong>; el coronel paracaidista\u00a0<strong>Osvaldo W. Montero Mena<\/strong>, en representaci\u00f3n de la Fuerza A\u00e9rea, y el capit\u00e1n de nav\u00edo\u00a0<strong>Rafael Garc\u00eda Aybar<\/strong>, en representaci\u00f3n del comandante general de la Armada de Rep\u00fablica Dominicana, y del Comando Conjunto Unificado, el vicealmirante\u00a0<strong>Agust\u00edn Alberto Morillo Rodr\u00edguez.\u00a0<\/strong><\/p>\n\n\n\n<p>En la reuni\u00f3n particip\u00f3 una comisi\u00f3n de fiscales integrada por la Fiscal del Distrito Nacional,\u00a0<strong>Rosalba Ramos<\/strong>; de San Crist\u00f3bal,\u00a0<strong>Ramona Santana<\/strong>; de La Vega,\u00a0<strong>Aura Luz Garc\u00eda<\/strong>; de Mar\u00eda Trinidad S\u00e1nchez,\u00a0<strong>Juan Antonio Mateo Cipri\u00e1n<\/strong>; de La Altagracia,\u00a0<strong>Claudia Garrido<\/strong>; de San Pedro de Macor\u00eds,\u00a0<strong>Suleyka Mateo<\/strong>, y de Duarte,\u00a0<strong>Smaily Yamel Rodr\u00edguez<\/strong>.\u00a0<\/p>\n\n\n\n<p>Igualmente, el fiscal titular de Santo Domingo Este,\u00a0<strong>Milc\u00edades Guzm\u00e1n<\/strong>; de Santo Domingo Oeste,\u00a0<strong>Eduard L\u00f3pez<\/strong>; de Valverde,\u00a0<strong>V\u00edctor Mej\u00eda<\/strong>; de Hermanas Mirabal,\u00a0<strong>Zoila Agustina Rodr\u00edguez Ynfante<\/strong>; de Barahona,\u00a0<strong>Wellington Matos Espinal<\/strong>; de Peravia,\u00a0<strong>\u00c1ngel Dar\u00edo Tejeda Fabal<\/strong>; de Dajab\u00f3n,\u00a0<strong>Yeisin Alc\u00e1ntara<\/strong>; de Espaillat,\u00a0<strong>Yorelbin Rivas<\/strong>, y de La Romana,\u00a0<strong>Kevin Santana<\/strong><\/p>\n\n\n\n<p>Con informaci\u00f3n de la Presidencia de la Rep\u00fablica Dominicana.<\/p>\n","protected":false},"excerpt":{"rendered":"<p>La\u00a0sesi\u00f3n de trabajo se llev\u00f3 a cabo en el Sal\u00f3n del Club de Oficiales del Palacio de la Polic\u00eda Nacional 6 de Octubre 2025 | Santo Domingo, RD.\u2013\u00a0El presidente Luis Abinader\u00a0encabez\u00f3 el lunes la reuni\u00f3n de\u00a0seguimiento al Plan de Seguridad Ciudadana, con el objetivo de reforzar las\u00a0estrategias\u00a0que se ejecutan en todo el pa\u00eds para garantizar\u00a0mayor [&hellip;]<\/p>\n","protected":false},"author":2,"featured_media":642314,"comment_status":"closed","ping_status":"closed","sticky":false,"template":"","format":"standard","meta":{"footnotes":""},"categories":[20,29],"tags":[],"class_list":["post-642313","post","type-post","status-publish","format-standard","has-post-thumbnail","hentry","category-dominicana-hoy","category-policiasucesos"],"_links":{"self":[{"href":"https:\/\/diariodominicano.com\/index.php?rest_route=\/wp\/v2\/posts\/642313","targetHints":{"allow":["GET"]}}],"collection":[{"href":"https:\/\/diariodominicano.com\/index.php?rest_route=\/wp\/v2\/posts"}],"about":[{"href":"https:\/\/diariodominicano.com\/index.php?rest_route=\/wp\/v2\/types\/post"}],"author":[{"embeddable":true,"href":"https:\/\/diariodominicano.com\/index.php?rest_route=\/wp\/v2\/users\/2"}],"replies":[{"embeddable":true,"href":"https:\/\/diariodominicano.com\/index.php?rest_route=%2Fwp%2Fv2%2Fcomments&post=642313"}],"version-history":[{"count":2,"href":"https:\/\/diariodominicano.com\/index.php?rest_route=\/wp\/v2\/posts\/642313\/revisions"}],"predecessor-version":[{"id":642317,"href":"https:\/\/diariodominicano.com\/index.php?rest_route=\/wp\/v2\/posts\/642313\/revisions\/642317"}],"wp:featuredmedia":[{"embeddable":true,"href":"https:\/\/diariodominicano.com\/index.php?rest_route=\/wp\/v2\/media\/642314"}],"wp:attachment":[{"href":"https:\/\/diariodominicano.com\/index.php?rest_route=%2Fwp%2Fv2%2Fmedia&parent=642313"}],"wp:term":[{"taxonomy":"category","embeddable":true,"href":"https:\/\/diariodominicano.com\/index.php?rest_route=%2Fwp%2Fv2%2Fcategories&post=642313"},{"taxonomy":"post_tag","embeddable":true,"href":"https:\/\/diariodominicano.com\/index.php?rest_route=%2Fwp%2Fv2%2Ftags&post=642313"}],"curies":[{"name":"wp","href":"https:\/\/api.w.org\/{rel}","templated":true}]}}