{"id":642179,"date":"2025-10-06T13:58:25","date_gmt":"2025-10-06T17:58:25","guid":{"rendered":"https:\/\/diariodominicano.com\/?p=642179"},"modified":"2025-12-29T02:30:43","modified_gmt":"2025-12-29T06:30:43","slug":"jce-iespec-concluye-primer-taller-en-materia-de-registro-civil-para-periodistas-y-comunicadores-en-sd-y-santiago","status":"publish","type":"post","link":"https:\/\/diariodominicano.com\/?p=642179","title":{"rendered":"JCE-IESPEC concluye primer taller en materia de registro civil para periodistas y comunicadores en SD y Santiago"},"content":{"rendered":"\n<p>Diario Dominicano<\/p>\n\n\n\n<p>Santo Domingo, RD. &#8211; La Junta Central Electoral (JCE), a trav\u00e9s de su Instituto Especializado Superior en Formaci\u00f3n Pol\u00edtica Electoral y del Estado Civil (IESPEC) y bajo la coordinaci\u00f3n de la Direcci\u00f3n de Comunicaciones, finaliz\u00f3 este s\u00e1bado con la entrega de certificados del \u201cCurso especializado sobre la Ley 4-23, Org\u00e1nica del Registro Civil y su reglamento de aplicaci\u00f3n\u201d, dirigido a periodistas y comunicadores.<\/p>\n\n\n\n<figure class=\"wp-block-image size-large\"><img loading=\"lazy\" decoding=\"async\" width=\"682\" height=\"1024\" src=\"https:\/\/diariodominicano.com\/wp-content\/uploads\/2025\/10\/Cert.-01-682x1024.jpeg\" alt=\"\" class=\"wp-image-642181\" srcset=\"https:\/\/diariodominicano.com\/wp-content\/uploads\/2025\/10\/Cert.-01-682x1024.jpeg 682w, https:\/\/diariodominicano.com\/wp-content\/uploads\/2025\/10\/Cert.-01-200x300.jpeg 200w, https:\/\/diariodominicano.com\/wp-content\/uploads\/2025\/10\/Cert.-01-768x1153.jpeg 768w, https:\/\/diariodominicano.com\/wp-content\/uploads\/2025\/10\/Cert.-01-1023x1536.jpeg 1023w, https:\/\/diariodominicano.com\/wp-content\/uploads\/2025\/10\/Cert.-01-816x1225.jpeg 816w, https:\/\/diariodominicano.com\/wp-content\/uploads\/2025\/10\/Cert.-01.jpeg 1066w\" sizes=\"auto, (max-width: 682px) 100vw, 682px\" \/><\/figure>\n\n\n\n<p>Este curso tuvo una duraci\u00f3n de cuatro s\u00e1bados (de 9:00 a. m. a 5:00 p. m.) y fue impartido de manera simult\u00e1nea en Santo Domingo (en el IESPEC y en la Universidad Cat\u00f3lica Santo Domingo, UCSD), mientras que en el interior se realiz\u00f3 en Santiago de los Caballeros.<\/p>\n\n\n\n<figure class=\"wp-block-image size-large\"><img loading=\"lazy\" decoding=\"async\" width=\"1024\" height=\"682\" src=\"https:\/\/diariodominicano.com\/wp-content\/uploads\/2025\/10\/Cert.-02-1024x682.jpeg\" alt=\"\" class=\"wp-image-642182\" srcset=\"https:\/\/diariodominicano.com\/wp-content\/uploads\/2025\/10\/Cert.-02-1024x682.jpeg 1024w, https:\/\/diariodominicano.com\/wp-content\/uploads\/2025\/10\/Cert.-02-300x200.jpeg 300w, https:\/\/diariodominicano.com\/wp-content\/uploads\/2025\/10\/Cert.-02-768x512.jpeg 768w, https:\/\/diariodominicano.com\/wp-content\/uploads\/2025\/10\/Cert.-02-816x544.jpeg 816w, https:\/\/diariodominicano.com\/wp-content\/uploads\/2025\/10\/Cert.-02.jpeg 1280w\" sizes=\"auto, (max-width: 1024px) 100vw, 1024px\" \/><\/figure>\n\n\n\n<p>Con este curso la JCE capacit\u00f3 a 82 periodistas y comunicadores: 59 participantes en Santo Domingo y 23 en Santiago.<\/p>\n\n\n\n<p>Entrega de certificados Santiago<\/p>\n\n\n\n<p>La miembro titular del Pleno de la JCE, Hirayda Marcelle Fern\u00e1ndez Guzm\u00e1n, tuvo a su cargo las palabras de clausura del curso especializado sobre la Ley 4-23 y su Reglamento de Aplicaci\u00f3n en Santiago, donde indic\u00f3 que es la primera vez que se realiza una formaci\u00f3n de esta naturaleza sobre la citada pieza y que espera sea solo una de tantas.<\/p>\n\n\n\n<p>Agradeci\u00f3 a los periodistas y comunicadores por atender al llamado de la JCE y los inst\u00f3 a integrar los conocimientos adquiridos en la implementaci\u00f3n y pr\u00e1ctica de su ejercicio diario, convirti\u00e9ndose en difusores de lo aprendido.<\/p>\n\n\n\n<p>\u201cEsperamos que las informaciones que ustedes hayan recibido con todo el amor del mundo y con la mejor disposici\u00f3n de cada uno de los docentes que hemos participado en los tres cursos, que de manera simult\u00e1nea se han impartido en estas cuatro semanas, sean de mucho provecho para todos, que sigan con el mismo \u00e1nimo, motiv\u00e1ndose a participar en iniciativas como estas y que vean esto como una herramienta para hacer m\u00e1s efectivo, eficiente y cre\u00edble el trabajo que ustedes tan honrosamente desempe\u00f1an cada d\u00eda\u201d, concluy\u00f3 Fern\u00e1ndez Guzm\u00e1n.<\/p>\n\n\n\n<p>Fern\u00e1ndez Guzm\u00e1n imparti\u00f3 la conferencia \u201cLa desinformaci\u00f3n y su impacto en el Registro Civil\u00bb, donde los participantes analizaron las diferentes formas de desorden informativo, informaci\u00f3n err\u00f3nea, desinformaci\u00f3n y mal informaci\u00f3n y sus efectos en la opini\u00f3n p\u00fablica.<\/p>\n\n\n\n<figure class=\"wp-block-image size-large\"><img loading=\"lazy\" decoding=\"async\" width=\"1024\" height=\"683\" src=\"https:\/\/diariodominicano.com\/wp-content\/uploads\/2025\/10\/Cert.-05-1024x683.jpeg\" alt=\"\" class=\"wp-image-642186\" srcset=\"https:\/\/diariodominicano.com\/wp-content\/uploads\/2025\/10\/Cert.-05-1024x683.jpeg 1024w, https:\/\/diariodominicano.com\/wp-content\/uploads\/2025\/10\/Cert.-05-300x200.jpeg 300w, https:\/\/diariodominicano.com\/wp-content\/uploads\/2025\/10\/Cert.-05-768x512.jpeg 768w, https:\/\/diariodominicano.com\/wp-content\/uploads\/2025\/10\/Cert.-05-1536x1024.jpeg 1536w, https:\/\/diariodominicano.com\/wp-content\/uploads\/2025\/10\/Cert.-05-816x544.jpeg 816w, https:\/\/diariodominicano.com\/wp-content\/uploads\/2025\/10\/Cert.-05.jpeg 1599w\" sizes=\"auto, (max-width: 1024px) 100vw, 1024px\" \/><\/figure>\n\n\n\n<p>&nbsp;IESPEC agradece participaci\u00f3n y acogida&nbsp;<\/p>\n\n\n\n<p>Por su parte, Daiyud Bret\u00f3n Alba, vicerrectora acad\u00e9mica del IESPEC, agradeci\u00f3 a los participantes por el compromiso mostrado y por sus excelentes pr\u00e1cticas finales.<\/p>\n\n\n\n<p>\u201cLa verdad que su participaci\u00f3n activa, sus debates y an\u00e1lisis constantes fue lo que hizo especial este espacio de construcci\u00f3n de conocimiento\u201d, subray\u00f3.<\/p>\n\n\n\n<p>El acto de entrega de certificados en el IESPEC a los participantes de este taller estuvo encabezado por su rector, Felipe Carvajal y la directora de Comunicaciones de la JCE, Suedi Le\u00f3n Jim\u00e9nez.<\/p>\n\n\n\n<p>Carvajal, les expres\u00f3 que el conocimiento adquirido en este curso especializado los faculta para servir mejor a la sociedad desde el ejercicio del periodismo, con profundidad, rigor y transparencia y al mismo tiempo le agradeci\u00f3 su participaci\u00f3n.<\/p>\n\n\n\n<p>Entrega de certificados en la UCSD<\/p>\n\n\n\n<p>Asimismo, la entrega de los certificados en la UCSD la realizaron el miembro de la Junta de Regentes del IESPEC, Jos\u00e9 Lino Mart\u00ednez y la vicerrectora de Investigaci\u00f3n y Postgrado del IESPEC, Laura Casado Ortiz.<\/p>\n\n\n\n<p>Sobre la capacitaci\u00f3n&nbsp;<\/p>\n\n\n\n<p>El programa de capacitaci\u00f3n se centr\u00f3 en la Ley 4-23, que regula el Sistema Nacional de Registro del Estado Civil, y tuvo como prop\u00f3sito fundamental fortalecer los conocimientos de los comunicadores sobre su contenido y aplicaci\u00f3n.<\/p>\n\n\n\n<p>A lo largo del programa los participantes analizaron el origen, la evoluci\u00f3n y la funci\u00f3n actual del Registro Civil dominicano, incluyendo su estructura, los servicios que ofrece y los documentos oficiales que expide.<\/p>\n\n\n\n<p>Esta iniciativa de la JCE busca mejorar la calidad y precisi\u00f3n de la cobertura informativa sobre temas vitales del Estado Civil. Fomentando una comprensi\u00f3n cr\u00edtica de la ley y promoviendo una comunicaci\u00f3n m\u00e1s responsable que contribuye directamente al fortalecimiento de la institucionalidad democr\u00e1tica del pa\u00eds.<\/p>\n\n\n\n<p>Comunicaciones JCE<\/p>\n\n\n\n<p><a target=\"_blank\" href=\"mailto:Comunicaciones@jce.do\" rel=\"noreferrer noopener\">Comunicaciones@jce.do<\/a><\/p>\n\n\n\n<p>Direcci\u00f3n de Comunicaciones\u2002<\/p>\n\n\n\n<p>06 de octubre de 2025 <\/p>\n","protected":false},"excerpt":{"rendered":"<p>Diario Dominicano Santo Domingo, RD. &#8211; La Junta Central Electoral (JCE), a trav\u00e9s de su Instituto Especializado Superior en Formaci\u00f3n Pol\u00edtica Electoral y del Estado Civil (IESPEC) y bajo la coordinaci\u00f3n de la Direcci\u00f3n de Comunicaciones, finaliz\u00f3 este s\u00e1bado con la entrega de certificados del \u201cCurso especializado sobre la Ley 4-23, Org\u00e1nica del Registro Civil [&hellip;]<\/p>\n","protected":false},"author":2,"featured_media":642180,"comment_status":"closed","ping_status":"closed","sticky":false,"template":"","format":"standard","meta":{"footnotes":""},"categories":[36,22],"tags":[2787,226,1105],"class_list":["post-642179","post","type-post","status-publish","format-standard","has-post-thumbnail","hentry","category-hombresmujeresycosas","category-politica","tag-iespec","tag-santiago","tag-santo-domingo"],"_links":{"self":[{"href":"https:\/\/diariodominicano.com\/index.php?rest_route=\/wp\/v2\/posts\/642179","targetHints":{"allow":["GET"]}}],"collection":[{"href":"https:\/\/diariodominicano.com\/index.php?rest_route=\/wp\/v2\/posts"}],"about":[{"href":"https:\/\/diariodominicano.com\/index.php?rest_route=\/wp\/v2\/types\/post"}],"author":[{"embeddable":true,"href":"https:\/\/diariodominicano.com\/index.php?rest_route=\/wp\/v2\/users\/2"}],"replies":[{"embeddable":true,"href":"https:\/\/diariodominicano.com\/index.php?rest_route=%2Fwp%2Fv2%2Fcomments&post=642179"}],"version-history":[{"count":3,"href":"https:\/\/diariodominicano.com\/index.php?rest_route=\/wp\/v2\/posts\/642179\/revisions"}],"predecessor-version":[{"id":642227,"href":"https:\/\/diariodominicano.com\/index.php?rest_route=\/wp\/v2\/posts\/642179\/revisions\/642227"}],"wp:featuredmedia":[{"embeddable":true,"href":"https:\/\/diariodominicano.com\/index.php?rest_route=\/wp\/v2\/media\/642180"}],"wp:attachment":[{"href":"https:\/\/diariodominicano.com\/index.php?rest_route=%2Fwp%2Fv2%2Fmedia&parent=642179"}],"wp:term":[{"taxonomy":"category","embeddable":true,"href":"https:\/\/diariodominicano.com\/index.php?rest_route=%2Fwp%2Fv2%2Fcategories&post=642179"},{"taxonomy":"post_tag","embeddable":true,"href":"https:\/\/diariodominicano.com\/index.php?rest_route=%2Fwp%2Fv2%2Ftags&post=642179"}],"curies":[{"name":"wp","href":"https:\/\/api.w.org\/{rel}","templated":true}]}}