{"id":642106,"date":"2025-10-06T10:18:12","date_gmt":"2025-10-06T14:18:12","guid":{"rendered":"https:\/\/diariodominicano.com\/?p=642106"},"modified":"2025-12-29T02:08:34","modified_gmt":"2025-12-29T06:08:34","slug":"raquel-pena-sorprende-a-feriantes-de-expo-cibao-con-visita-en-apoyo-a-emprendedores-locales-y-marcas-nacionales","status":"publish","type":"post","link":"https:\/\/diariodominicano.com\/?p=642106","title":{"rendered":"Raquel Pe\u00f1a en visita  a Expo Cibao reafirma apoyo a emprendedores locales y marcas nacionales"},"content":{"rendered":"\n<p>La vicepresidenta reafirm\u00f3 el respaldo del Gobierno al dinamismo econ\u00f3mico del Cibao y destac\u00f3 la fuerza productiva de la regi\u00f3n como orgullo nacional.<\/p>\n\n\n\n<p>Santiago, RD.\u2013 Desde tempranas horas del domingo, la vicepresidente de la Rep\u00fablica Raquel Pe\u00f1a, recorri\u00f3 la Expo Cibao 2025 en apoyo a los peque\u00f1os, medianos y grandes empresarios que exhiben sus productos, innovaciones y ofertas en el Parque Central de Santiago.<\/p>\n\n\n\n<figure class=\"wp-block-gallery has-nested-images columns-default is-cropped wp-block-gallery-1 is-layout-flex wp-block-gallery-is-layout-flex\">\n<figure class=\"wp-block-image size-large\"><img loading=\"lazy\" decoding=\"async\" width=\"1024\" height=\"683\" data-id=\"642122\" src=\"https:\/\/diariodominicano.com\/wp-content\/uploads\/2025\/10\/Raquel-Pena-sorprende-a-feriantes-de-Expo-Cibao-con-visita-en-apoyo-a-emprendedores-locales-y-marcas-nacionales-1024x683.jpeg\" alt=\"\" class=\"wp-image-642122\" srcset=\"https:\/\/diariodominicano.com\/wp-content\/uploads\/2025\/10\/Raquel-Pena-sorprende-a-feriantes-de-Expo-Cibao-con-visita-en-apoyo-a-emprendedores-locales-y-marcas-nacionales-1024x683.jpeg 1024w, https:\/\/diariodominicano.com\/wp-content\/uploads\/2025\/10\/Raquel-Pena-sorprende-a-feriantes-de-Expo-Cibao-con-visita-en-apoyo-a-emprendedores-locales-y-marcas-nacionales-300x200.jpeg 300w, https:\/\/diariodominicano.com\/wp-content\/uploads\/2025\/10\/Raquel-Pena-sorprende-a-feriantes-de-Expo-Cibao-con-visita-en-apoyo-a-emprendedores-locales-y-marcas-nacionales-768x512.jpeg 768w, https:\/\/diariodominicano.com\/wp-content\/uploads\/2025\/10\/Raquel-Pena-sorprende-a-feriantes-de-Expo-Cibao-con-visita-en-apoyo-a-emprendedores-locales-y-marcas-nacionales-816x544.jpeg 816w, https:\/\/diariodominicano.com\/wp-content\/uploads\/2025\/10\/Raquel-Pena-sorprende-a-feriantes-de-Expo-Cibao-con-visita-en-apoyo-a-emprendedores-locales-y-marcas-nacionales.jpeg 1280w\" sizes=\"auto, (max-width: 1024px) 100vw, 1024px\" \/><\/figure>\n<\/figure>\n\n\n\n<p>Pe\u00f1a, quien cada a\u00f1o reafirma su compromiso con el ecosistema comercial de la regi\u00f3n Norte, afirm\u00f3 que el evento es una apuesta al desarrollo econ\u00f3mico y productivo del pa\u00eds, al acercar las marcas y sus productos a la poblaci\u00f3n y generar nuevas oportunidades de inversi\u00f3n y empleo.<\/p>\n\n\n\n<p>\u201cEste es un espacio para mostrar lo que somos en toda esta regi\u00f3n, no solo en Santiago. Mostrar todo lo que podemos brindar: nuestras marcas, el comercio y nuestra industria\u201d, expres\u00f3 Pe\u00f1a, al tiempo que destac\u00f3 que el Gobierno, encabezado por el presidente Luis Abinader, continuar\u00e1 respaldando al Cibao para que siga creciendo y siendo orgullo para el pa\u00eds y el mundo.<\/p>\n\n\n\n<figure class=\"wp-block-gallery has-nested-images columns-default is-cropped wp-block-gallery-2 is-layout-flex wp-block-gallery-is-layout-flex\">\n<figure class=\"wp-block-image size-large\"><img loading=\"lazy\" decoding=\"async\" width=\"1024\" height=\"683\" data-id=\"642122\" src=\"https:\/\/diariodominicano.com\/wp-content\/uploads\/2025\/10\/Raquel-Pena-sorprende-a-feriantes-de-Expo-Cibao-con-visita-en-apoyo-a-emprendedores-locales-y-marcas-nacionales-1024x683.jpeg\" alt=\"\" class=\"wp-image-642122\" srcset=\"https:\/\/diariodominicano.com\/wp-content\/uploads\/2025\/10\/Raquel-Pena-sorprende-a-feriantes-de-Expo-Cibao-con-visita-en-apoyo-a-emprendedores-locales-y-marcas-nacionales-1024x683.jpeg 1024w, https:\/\/diariodominicano.com\/wp-content\/uploads\/2025\/10\/Raquel-Pena-sorprende-a-feriantes-de-Expo-Cibao-con-visita-en-apoyo-a-emprendedores-locales-y-marcas-nacionales-300x200.jpeg 300w, https:\/\/diariodominicano.com\/wp-content\/uploads\/2025\/10\/Raquel-Pena-sorprende-a-feriantes-de-Expo-Cibao-con-visita-en-apoyo-a-emprendedores-locales-y-marcas-nacionales-768x512.jpeg 768w, https:\/\/diariodominicano.com\/wp-content\/uploads\/2025\/10\/Raquel-Pena-sorprende-a-feriantes-de-Expo-Cibao-con-visita-en-apoyo-a-emprendedores-locales-y-marcas-nacionales-816x544.jpeg 816w, https:\/\/diariodominicano.com\/wp-content\/uploads\/2025\/10\/Raquel-Pena-sorprende-a-feriantes-de-Expo-Cibao-con-visita-en-apoyo-a-emprendedores-locales-y-marcas-nacionales.jpeg 1280w\" sizes=\"auto, (max-width: 1024px) 100vw, 1024px\" \/><\/figure>\n<\/figure>\n\n\n\n<p>La vicepresidenta record\u00f3 que no se ha perdido ninguna edici\u00f3n de la feria y que, aunque no pudo participar en la apertura por compromisos institucionales previos, \u201cno hay mejor forma de disfrutar la Expo Cibao que rodeada del entusiasmo de los feriantes y la alegr\u00eda de los visitantes\u201d.<\/p>\n\n\n\n<p>Durante su recorrido por las distintas casetas, Pe\u00f1a valor\u00f3 la organizaci\u00f3n y log\u00edstica del evento realizado por la C\u00e1mara de Comercio y Producci\u00f3n de Santiago, destacando la calidad de los productos y la innovaci\u00f3n de las empresas participantes.<\/p>\n\n\n\n<p>Para el recorrido, la vicemandataria estuvo acompa\u00f1ada por la gobernadora provincial, Rosa Santos; el senador de Santiago, Daniel Rivera; Luis Campos Jorge, presidente de la C\u00e1mara de Comercio y Producci\u00f3n de Santiago, entre otras autoridades locales y empresariales.<\/p>\n\n\n\n<p>Previo a su visita al recinto ferial, Pe\u00f1a sostuvo un encuentro con el comit\u00e9 organizador y personalidades del sector empresarial, donde se abordaron temas estrat\u00e9gicos para el desarrollo de la provincia. Entre ellos, la mejora de la oferta acad\u00e9mica p\u00fablica para fortalecer la formaci\u00f3n t\u00e9cnica y acelerar la capacitaci\u00f3n de j\u00f3venes para el mercado laboral.<\/p>\n\n\n\n<p>Durante el di\u00e1logo tambi\u00e9n se trataron proyectos de alto impacto, como la construcci\u00f3n de la Carretera del \u00c1mbar, la actualizaci\u00f3n del Plan Estrat\u00e9gico de Santiago y la implementaci\u00f3n del Sistema Integrado de Transporte, considerado a este \u00faltimo como un pilar clave para mejorar la movilidad y reducir la congesti\u00f3n vial en la ciudad.<\/p>\n\n\n\n<p>La reuni\u00f3n cont\u00f3 con la participaci\u00f3n de Francisco Gonz\u00e1lez, Luis Campos, Fernando Puig, Nieves Sosa, Joel Tav\u00e1rez, Massiel Hahn, Jos\u00e9 Luis Ventura, Rafael Emilio Yun\u00e9n, Jorge Jana, Ram\u00f3n Marcelino, Franklin Ram\u00edrez, Alejandro Fondeur, Jos\u00e9 Armando Berm\u00fadez y las autoridades provinciales.<\/p>\n\n\n\n<p>Expo Cibao 2025<\/p>\n\n\n\n<p>La versi\u00f3n 38 de Expo Cibao se celebr\u00f3 en el Parque Central de Santiago del 1 al 5 de octubre, con la participaci\u00f3n de m\u00e1s de 160 empresas distribuidas en m\u00e1s de 300 m\u00f3dulos. Esta edici\u00f3n reafirma a Santiago como capital econ\u00f3mica del pa\u00eds y plataforma clave para la innovaci\u00f3n, el emprendimiento y el crecimiento sostenible de la regi\u00f3n.<\/p>\n","protected":false},"excerpt":{"rendered":"<p>La vicepresidenta reafirm\u00f3 el respaldo del Gobierno al dinamismo econ\u00f3mico del Cibao y destac\u00f3 la fuerza productiva de la regi\u00f3n como orgullo nacional. Santiago, RD.\u2013 Desde tempranas horas del domingo, la vicepresidente de la Rep\u00fablica Raquel Pe\u00f1a, recorri\u00f3 la Expo Cibao 2025 en apoyo a los peque\u00f1os, medianos y grandes empresarios que exhiben sus productos, [&hellip;]<\/p>\n","protected":false},"author":7,"featured_media":642124,"comment_status":"closed","ping_status":"open","sticky":false,"template":"","format":"standard","meta":{"footnotes":""},"categories":[20,18,27],"tags":[332],"class_list":["post-642106","post","type-post","status-publish","format-standard","has-post-thumbnail","hentry","category-dominicana-hoy","category-economia","category-portada","tag-expo-cibao"],"_links":{"self":[{"href":"https:\/\/diariodominicano.com\/index.php?rest_route=\/wp\/v2\/posts\/642106","targetHints":{"allow":["GET"]}}],"collection":[{"href":"https:\/\/diariodominicano.com\/index.php?rest_route=\/wp\/v2\/posts"}],"about":[{"href":"https:\/\/diariodominicano.com\/index.php?rest_route=\/wp\/v2\/types\/post"}],"author":[{"embeddable":true,"href":"https:\/\/diariodominicano.com\/index.php?rest_route=\/wp\/v2\/users\/7"}],"replies":[{"embeddable":true,"href":"https:\/\/diariodominicano.com\/index.php?rest_route=%2Fwp%2Fv2%2Fcomments&post=642106"}],"version-history":[{"count":2,"href":"https:\/\/diariodominicano.com\/index.php?rest_route=\/wp\/v2\/posts\/642106\/revisions"}],"predecessor-version":[{"id":642144,"href":"https:\/\/diariodominicano.com\/index.php?rest_route=\/wp\/v2\/posts\/642106\/revisions\/642144"}],"wp:featuredmedia":[{"embeddable":true,"href":"https:\/\/diariodominicano.com\/index.php?rest_route=\/wp\/v2\/media\/642124"}],"wp:attachment":[{"href":"https:\/\/diariodominicano.com\/index.php?rest_route=%2Fwp%2Fv2%2Fmedia&parent=642106"}],"wp:term":[{"taxonomy":"category","embeddable":true,"href":"https:\/\/diariodominicano.com\/index.php?rest_route=%2Fwp%2Fv2%2Fcategories&post=642106"},{"taxonomy":"post_tag","embeddable":true,"href":"https:\/\/diariodominicano.com\/index.php?rest_route=%2Fwp%2Fv2%2Ftags&post=642106"}],"curies":[{"name":"wp","href":"https:\/\/api.w.org\/{rel}","templated":true}]}}