{"id":641923,"date":"2025-10-05T19:22:23","date_gmt":"2025-10-05T23:22:23","guid":{"rendered":"https:\/\/diariodominicano.com\/?p=641923"},"modified":"2025-10-06T01:15:36","modified_gmt":"2025-10-06T05:15:36","slug":"inavi-gana-segundo-lugar-en-rally-por-la-transparencia","status":"publish","type":"post","link":"https:\/\/diariodominicano.com\/?p=641923","title":{"rendered":"INAVI gana segundo lugar en Rally por la Transparencia"},"content":{"rendered":"\n<p>El Instituto de Auxilios (INAVI) gan\u00f3 el segundo lugar del Rally por la Transparencia 2025, una competencia que cont\u00f3 con la asistencia de 272 representantes de 192 instituciones p\u00fablicas, que se sumaron activamente a las contiendas y actividades dise\u00f1adas para reforzar el aprendizaje pr\u00e1ctico y el trabajo en equipo.<\/p>\n\n\n\n<p>El personal del #INAVI, que obtuvo el segundo premio, fue liderado por la Licda. Vilanny Vicente, representante de la Oficina de Libre Acceso a la Informaci\u00f3n P\u00fablica, y los miembros de la Comisi\u00f3n de \u00c9tica e Integridad de la instituci\u00f3n, quienes contaron con el apoyo del administrador general, Dr. Elsido D\u00edaz Bueno.<\/p>\n\n\n\n<p>El Rally por la Transparencia, organizado por la Direcci\u00f3n General de \u00c9tica e Integridad Gubernamental (DIGEIG), es una actividad recreativa y formativa que busca ense\u00f1ar sobre datos abiertos e integridad p\u00fablica, a trav\u00e9s de din\u00e1micas interactivas y el trabajo en equipo.<\/p>\n\n\n\n<p>El equipo del INAVI, ganador del segundo lugar, fue recibido con algarab\u00eda y entusiasmo por decenas de colaboradores, y por el administrador general, Dr. D\u00edaz Bueno.<\/p>\n\n\n\n<p>Con estos eventos la DIGEIG ratific\u00f3 la voluntad del Gobierno de construir un Estado m\u00e1s abierto, \u00edntegro y participativo, donde la transparencia se consolida como un derecho fundamental de los ciudadanos.<\/p>\n\n\n\n<p>Tambi\u00e9n, el INAVI y su&nbsp; administrador general reafirman su compromiso contra la corrupci\u00f3n mediante el apoyo total a la campa\u00f1a \u00abProtegiendo lo Nuestro\u00bb, la promoci\u00f3n de la transparencia, la rendici\u00f3n de cuentas, y la capacitaci\u00f3n de los colaboradores en \u00e9tica e integridad.<\/p>\n\n\n\n<p>#SemanaDelDerechoASaber2025 #UnDerechoDeTodos #\u00c9ticaYTransparencia #SemanaDelDerechoASaber #DerechoASaber2025<\/p>\n","protected":false},"excerpt":{"rendered":"<p>El Instituto de Auxilios (INAVI) gan\u00f3 el segundo lugar del Rally por la Transparencia 2025, una competencia que cont\u00f3 con la asistencia de 272 representantes de 192 instituciones p\u00fablicas, que se sumaron activamente a las contiendas y actividades dise\u00f1adas para reforzar el aprendizaje pr\u00e1ctico y el trabajo en equipo. El personal del #INAVI, que obtuvo [&hellip;]<\/p>\n","protected":false},"author":7,"featured_media":641955,"comment_status":"closed","ping_status":"closed","sticky":false,"template":"","format":"standard","meta":{"footnotes":""},"categories":[20],"tags":[3291],"class_list":["post-641923","post","type-post","status-publish","format-standard","has-post-thumbnail","hentry","category-dominicana-hoy","tag-inavi"],"_links":{"self":[{"href":"https:\/\/diariodominicano.com\/index.php?rest_route=\/wp\/v2\/posts\/641923","targetHints":{"allow":["GET"]}}],"collection":[{"href":"https:\/\/diariodominicano.com\/index.php?rest_route=\/wp\/v2\/posts"}],"about":[{"href":"https:\/\/diariodominicano.com\/index.php?rest_route=\/wp\/v2\/types\/post"}],"author":[{"embeddable":true,"href":"https:\/\/diariodominicano.com\/index.php?rest_route=\/wp\/v2\/users\/7"}],"replies":[{"embeddable":true,"href":"https:\/\/diariodominicano.com\/index.php?rest_route=%2Fwp%2Fv2%2Fcomments&post=641923"}],"version-history":[{"count":1,"href":"https:\/\/diariodominicano.com\/index.php?rest_route=\/wp\/v2\/posts\/641923\/revisions"}],"predecessor-version":[{"id":641956,"href":"https:\/\/diariodominicano.com\/index.php?rest_route=\/wp\/v2\/posts\/641923\/revisions\/641956"}],"wp:featuredmedia":[{"embeddable":true,"href":"https:\/\/diariodominicano.com\/index.php?rest_route=\/wp\/v2\/media\/641955"}],"wp:attachment":[{"href":"https:\/\/diariodominicano.com\/index.php?rest_route=%2Fwp%2Fv2%2Fmedia&parent=641923"}],"wp:term":[{"taxonomy":"category","embeddable":true,"href":"https:\/\/diariodominicano.com\/index.php?rest_route=%2Fwp%2Fv2%2Fcategories&post=641923"},{"taxonomy":"post_tag","embeddable":true,"href":"https:\/\/diariodominicano.com\/index.php?rest_route=%2Fwp%2Fv2%2Ftags&post=641923"}],"curies":[{"name":"wp","href":"https:\/\/api.w.org\/{rel}","templated":true}]}}