{"id":641921,"date":"2025-10-05T16:59:14","date_gmt":"2025-10-05T20:59:14","guid":{"rendered":"https:\/\/diariodominicano.com\/?p=641921"},"modified":"2025-10-06T02:47:38","modified_gmt":"2025-10-06T06:47:38","slug":"presidente-luis-abinader-hoy-la-republica-dominicana-es-el-mejor-lugar-para-invertir-en-toda-latinoamerica","status":"publish","type":"post","link":"https:\/\/diariodominicano.com\/?p=641921","title":{"rendered":"Presidente Luis Abinader: \u201cHoy la Rep\u00fablica Dominicana es el mejor lugar para invertir en toda Latinoam\u00e9rica\u201d"},"content":{"rendered":"\n<p>Frank El\u00edas Rainieri valora el respaldo del presidente Abinader y su gobierno al fortalecimiento del turismo dominicano.<\/p>\n\n\n\n<p>La Altagracia.-&nbsp;El presidente Luis Abinader&nbsp;asegur\u00f3 que hoy la Rep\u00fablica Dominicana es el&nbsp;mejor lugar de Latinoam\u00e9rica para invertir, durante el acto de inauguraci\u00f3n del&nbsp;W Punta Cana, Adult All-Inclusive, cuya inversi\u00f3n fue de USD 160 millones.<\/p>\n\n\n\n<p>Durante su discurso, el mandatario destac\u00f3 el&nbsp;impacto positivo&nbsp;que este tipo de inversiones tiene en el&nbsp;desarrollo tur\u00edstico y econ\u00f3mico&nbsp;del pa\u00eds, al tiempo de resaltar que este hotel inici\u00f3 en&nbsp;momentos d\u00edficiles&nbsp;durante la pandemia de la&nbsp;Covid-19.<\/p>\n\n\n\n<figure class=\"wp-block-gallery has-nested-images columns-default is-cropped wp-block-gallery-1 is-layout-flex wp-block-gallery-is-layout-flex\">\n<figure class=\"wp-block-image size-large\"><img loading=\"lazy\" decoding=\"async\" width=\"1024\" height=\"683\" data-id=\"641947\" src=\"https:\/\/diariodominicano.com\/wp-content\/uploads\/2025\/10\/Presidente-Abinader-Hoy-la-Republica-Dominicana-es-el-mejor-lugar-para-invertir-en-toda-Latinoamerica-1024x683.jpeg\" alt=\"\" class=\"wp-image-641947\" srcset=\"https:\/\/diariodominicano.com\/wp-content\/uploads\/2025\/10\/Presidente-Abinader-Hoy-la-Republica-Dominicana-es-el-mejor-lugar-para-invertir-en-toda-Latinoamerica-1024x683.jpeg 1024w, https:\/\/diariodominicano.com\/wp-content\/uploads\/2025\/10\/Presidente-Abinader-Hoy-la-Republica-Dominicana-es-el-mejor-lugar-para-invertir-en-toda-Latinoamerica-300x200.jpeg 300w, https:\/\/diariodominicano.com\/wp-content\/uploads\/2025\/10\/Presidente-Abinader-Hoy-la-Republica-Dominicana-es-el-mejor-lugar-para-invertir-en-toda-Latinoamerica-768x512.jpeg 768w, https:\/\/diariodominicano.com\/wp-content\/uploads\/2025\/10\/Presidente-Abinader-Hoy-la-Republica-Dominicana-es-el-mejor-lugar-para-invertir-en-toda-Latinoamerica-1536x1024.jpeg 1536w, https:\/\/diariodominicano.com\/wp-content\/uploads\/2025\/10\/Presidente-Abinader-Hoy-la-Republica-Dominicana-es-el-mejor-lugar-para-invertir-en-toda-Latinoamerica-2048x1366.jpeg 2048w, https:\/\/diariodominicano.com\/wp-content\/uploads\/2025\/10\/Presidente-Abinader-Hoy-la-Republica-Dominicana-es-el-mejor-lugar-para-invertir-en-toda-Latinoamerica-816x544.jpeg 816w\" sizes=\"auto, (max-width: 1024px) 100vw, 1024px\" \/><\/figure>\n<\/figure>\n\n\n\n<p>Dijo que en los \u00faltimos a\u00f1os las&nbsp;cadenas hoteleras norteamericanas&nbsp;han crecido en Rep\u00fablica Dominicana, situando al pa\u00eds como el&nbsp;segundo con m\u00e1s inversi\u00f3n estadounidense de Am\u00e9rica Latina, solo superado por M\u00e9xico.<\/p>\n\n\n\n<p>Asimismo, indic\u00f3 que en la actualidad hay&nbsp;15,000 habitaciones tur\u00edsticas en construcci\u00f3n, de las cuales unas&nbsp;6,000ser\u00edan inauguradas&nbsp;este a\u00f1o, impulsando la generaci\u00f3n de&nbsp;empleos de calidad y estabilidad econ\u00f3mica&nbsp;para los dominicanos.<\/p>\n\n\n\n<p>El nuevo complejo hotelero, ubicado en zona de&nbsp;Uvero Alto&nbsp;y desarrollado por medio de una colaboraci\u00f3n estrat\u00e9gica entre&nbsp;Marriott International, Grupo Puntacana y Mac Hotels, cuenta con&nbsp;340 habitaciones&nbsp;y suites, 12 restaurantes que celebran la riqueza de la&nbsp;gastronom\u00eda dominicana e internacional, un _AWAY Spa_ con&nbsp;instalaciones y experiencias inmersivas&nbsp;dise\u00f1adas exclusivamente&nbsp;para adultos, enfocadas en&nbsp;m\u00fasica, el bienestar y el dise\u00f1o vanguardista.<\/p>\n\n\n\n<figure class=\"wp-block-gallery has-nested-images columns-default is-cropped wp-block-gallery-2 is-layout-flex wp-block-gallery-is-layout-flex\">\n<figure class=\"wp-block-image size-large\"><img loading=\"lazy\" decoding=\"async\" width=\"1024\" height=\"683\" data-id=\"641952\" src=\"https:\/\/diariodominicano.com\/wp-content\/uploads\/2025\/10\/Frank-Elias-Rainieri-1024x683.jpeg\" alt=\"\" class=\"wp-image-641952\" srcset=\"https:\/\/diariodominicano.com\/wp-content\/uploads\/2025\/10\/Frank-Elias-Rainieri-1024x683.jpeg 1024w, https:\/\/diariodominicano.com\/wp-content\/uploads\/2025\/10\/Frank-Elias-Rainieri-300x200.jpeg 300w, https:\/\/diariodominicano.com\/wp-content\/uploads\/2025\/10\/Frank-Elias-Rainieri-768x512.jpeg 768w, https:\/\/diariodominicano.com\/wp-content\/uploads\/2025\/10\/Frank-Elias-Rainieri-1536x1024.jpeg 1536w, https:\/\/diariodominicano.com\/wp-content\/uploads\/2025\/10\/Frank-Elias-Rainieri-2048x1366.jpeg 2048w, https:\/\/diariodominicano.com\/wp-content\/uploads\/2025\/10\/Frank-Elias-Rainieri-816x544.jpeg 816w\" sizes=\"auto, (max-width: 1024px) 100vw, 1024px\" \/><\/figure>\n\n\n\n<figure class=\"wp-block-image size-large\"><img loading=\"lazy\" decoding=\"async\" width=\"1024\" height=\"683\" data-id=\"641950\" src=\"https:\/\/diariodominicano.com\/wp-content\/uploads\/2025\/10\/Begona-Amengual-1024x683.jpeg\" alt=\"\" class=\"wp-image-641950\" srcset=\"https:\/\/diariodominicano.com\/wp-content\/uploads\/2025\/10\/Begona-Amengual-1024x683.jpeg 1024w, https:\/\/diariodominicano.com\/wp-content\/uploads\/2025\/10\/Begona-Amengual-300x200.jpeg 300w, https:\/\/diariodominicano.com\/wp-content\/uploads\/2025\/10\/Begona-Amengual-768x512.jpeg 768w, https:\/\/diariodominicano.com\/wp-content\/uploads\/2025\/10\/Begona-Amengual-1536x1024.jpeg 1536w, https:\/\/diariodominicano.com\/wp-content\/uploads\/2025\/10\/Begona-Amengual-2048x1365.jpeg 2048w, https:\/\/diariodominicano.com\/wp-content\/uploads\/2025\/10\/Begona-Amengual-816x544.jpeg 816w\" sizes=\"auto, (max-width: 1024px) 100vw, 1024px\" \/><\/figure>\n<\/figure>\n\n\n\n<p>Apoyo del Gobierno en el sector tur\u00edstico<\/p>\n\n\n\n<p>Durante las palabras de bienvenida,&nbsp;Frank El\u00edas Rainieri, presidente y CEO de Grupo Puntacana, destac\u00f3 el&nbsp;respaldo del Gobierno&nbsp;dominicano&nbsp;al desarrollo del turismo nacional, se\u00f1alando que&nbsp;\u201cel presidente Luis Abinader y su gobierno han brindado un apoyo constante al turismo, sector que hoy es ejemplo de liderazgo y resiliencia en toda la regi\u00f3n\u201d.<\/p>\n\n\n\n<p>De su lado, el ministro de Turismo,&nbsp;David Collado, celebr\u00f3 la llegada de una&nbsp;marca ic\u00f3nica como W Hotels al portafolio dominicano&nbsp;y destac\u00f3 que se integra al sistema todo incluido.<\/p>\n\n\n\n<p>Dijo que el turismo dominicano se encuentra en el&nbsp;mejor momento de su historia, a pesar de la disminuci\u00f3n de llegada de visitantes de los Estados Unidos, que ha sido suplida por&nbsp;sudamericanos&nbsp;y recuperaci\u00f3n del&nbsp;mercado europeo.<\/p>\n\n\n\n<figure class=\"wp-block-gallery has-nested-images columns-default is-cropped wp-block-gallery-3 is-layout-flex wp-block-gallery-is-layout-flex\">\n<figure class=\"wp-block-image size-large\"><img loading=\"lazy\" decoding=\"async\" width=\"1024\" height=\"576\" data-id=\"641946\" src=\"https:\/\/diariodominicano.com\/wp-content\/uploads\/2025\/10\/Abinader-Hoy-la-Republica-Dominicana-es-el-mejor-lugar-para-invertir-en-toda-Latinoamerica-1024x576.jpeg\" alt=\"\" class=\"wp-image-641946\" srcset=\"https:\/\/diariodominicano.com\/wp-content\/uploads\/2025\/10\/Abinader-Hoy-la-Republica-Dominicana-es-el-mejor-lugar-para-invertir-en-toda-Latinoamerica-1024x576.jpeg 1024w, https:\/\/diariodominicano.com\/wp-content\/uploads\/2025\/10\/Abinader-Hoy-la-Republica-Dominicana-es-el-mejor-lugar-para-invertir-en-toda-Latinoamerica-300x169.jpeg 300w, https:\/\/diariodominicano.com\/wp-content\/uploads\/2025\/10\/Abinader-Hoy-la-Republica-Dominicana-es-el-mejor-lugar-para-invertir-en-toda-Latinoamerica-768x432.jpeg 768w, https:\/\/diariodominicano.com\/wp-content\/uploads\/2025\/10\/Abinader-Hoy-la-Republica-Dominicana-es-el-mejor-lugar-para-invertir-en-toda-Latinoamerica-1536x864.jpeg 1536w, https:\/\/diariodominicano.com\/wp-content\/uploads\/2025\/10\/Abinader-Hoy-la-Republica-Dominicana-es-el-mejor-lugar-para-invertir-en-toda-Latinoamerica-2048x1152.jpeg 2048w, https:\/\/diariodominicano.com\/wp-content\/uploads\/2025\/10\/Abinader-Hoy-la-Republica-Dominicana-es-el-mejor-lugar-para-invertir-en-toda-Latinoamerica-816x459.jpeg 816w\" sizes=\"auto, (max-width: 1024px) 100vw, 1024px\" \/><\/figure>\n<\/figure>\n\n\n\n<p>Pa\u00eds es estrat\u00e9gico para la marca Marriot<\/p>\n\n\n\n<p>El presidente de Marriott International para el Caribe y Latinoam\u00e9rica,&nbsp;Brian King, destac\u00f3 la&nbsp;relevancia estrat\u00e9gicaque representa el mercado dominicano para Marriott International.<\/p>\n\n\n\n<p>El ejecutivo reafirm\u00f3 la visi\u00f3n de la compa\u00f1\u00eda de continuar fortaleciendo el destino con&nbsp;proyectos emblem\u00e1ticos&nbsp;y la incorporaci\u00f3n de las marcas m\u00e1s reconocidas del&nbsp;portafolio Marriott Bonvoy.<\/p>\n\n\n\n<p>De su lado,&nbsp;Bego\u00f1a Amengual, CEO de Mac Hotels, agradeci\u00f3 al presidente por apostar al desarrollo del sector con&nbsp;incentivos a nuevos desarrollos&nbsp;para contribuir al crecimiento de los&nbsp;aportes del turismo al PIB,&nbsp;con su consecuente creaci\u00f3n de empleos.<\/p>\n\n\n\n<p>En el acto participaron la gobernadora de la provincia La Altagracia,&nbsp;Daisy D&#8217;Oleo, y el director de la Polic\u00eda Tur\u00edstica,&nbsp;Minoru Matsunaga, entre otras autoridades.<\/p>\n\n\n\n<p>#<a href=\"https:\/\/presidencia.gob.do\/institucion\/presidencia\">Presidencia<\/a><\/p>\n\n\n\n<p>#<a href=\"https:\/\/presidencia.gob.do\/taxonomy\/term\/58\">DIPP<\/a><\/p>\n\n\n\n<p>#<a href=\"https:\/\/presidencia.gob.do\/taxonomy\/term\/72\">MITUR<\/a><\/p>\n\n\n\n<p>#<a href=\"https:\/\/presidencia.gob.do\/seccion\/inversion-extranjera-directa\">Inversi\u00f3n Extranjera Directa<\/a><\/p>\n\n\n\n<p>#<a href=\"https:\/\/presidencia.gob.do\/taxonomy\/term\/195\">Inauguraciones<\/a><\/p>\n","protected":false},"excerpt":{"rendered":"<p>Frank El\u00edas Rainieri valora el respaldo del presidente Abinader y su gobierno al fortalecimiento del turismo dominicano. La Altagracia.-&nbsp;El presidente Luis Abinader&nbsp;asegur\u00f3 que hoy la Rep\u00fablica Dominicana es el&nbsp;mejor lugar de Latinoam\u00e9rica para invertir, durante el acto de inauguraci\u00f3n del&nbsp;W Punta Cana, Adult All-Inclusive, cuya inversi\u00f3n fue de USD 160 millones. Durante su discurso, el [&hellip;]<\/p>\n","protected":false},"author":7,"featured_media":641941,"comment_status":"closed","ping_status":"closed","sticky":false,"template":"","format":"standard","meta":{"footnotes":""},"categories":[20,27],"tags":[1854],"class_list":["post-641921","post","type-post","status-publish","format-standard","has-post-thumbnail","hentry","category-dominicana-hoy","category-portada","tag-presidente-abinader"],"_links":{"self":[{"href":"https:\/\/diariodominicano.com\/index.php?rest_route=\/wp\/v2\/posts\/641921","targetHints":{"allow":["GET"]}}],"collection":[{"href":"https:\/\/diariodominicano.com\/index.php?rest_route=\/wp\/v2\/posts"}],"about":[{"href":"https:\/\/diariodominicano.com\/index.php?rest_route=\/wp\/v2\/types\/post"}],"author":[{"embeddable":true,"href":"https:\/\/diariodominicano.com\/index.php?rest_route=\/wp\/v2\/users\/7"}],"replies":[{"embeddable":true,"href":"https:\/\/diariodominicano.com\/index.php?rest_route=%2Fwp%2Fv2%2Fcomments&post=641921"}],"version-history":[{"count":4,"href":"https:\/\/diariodominicano.com\/index.php?rest_route=\/wp\/v2\/posts\/641921\/revisions"}],"predecessor-version":[{"id":641953,"href":"https:\/\/diariodominicano.com\/index.php?rest_route=\/wp\/v2\/posts\/641921\/revisions\/641953"}],"wp:featuredmedia":[{"embeddable":true,"href":"https:\/\/diariodominicano.com\/index.php?rest_route=\/wp\/v2\/media\/641941"}],"wp:attachment":[{"href":"https:\/\/diariodominicano.com\/index.php?rest_route=%2Fwp%2Fv2%2Fmedia&parent=641921"}],"wp:term":[{"taxonomy":"category","embeddable":true,"href":"https:\/\/diariodominicano.com\/index.php?rest_route=%2Fwp%2Fv2%2Fcategories&post=641921"},{"taxonomy":"post_tag","embeddable":true,"href":"https:\/\/diariodominicano.com\/index.php?rest_route=%2Fwp%2Fv2%2Ftags&post=641921"}],"curies":[{"name":"wp","href":"https:\/\/api.w.org\/{rel}","templated":true}]}}