{"id":641901,"date":"2025-10-05T02:14:56","date_gmt":"2025-10-05T06:14:56","guid":{"rendered":"https:\/\/diariodominicano.com\/?p=641901"},"modified":"2025-10-05T02:14:58","modified_gmt":"2025-10-05T06:14:58","slug":"concluye-fase-de-grupos-del-mundial-de-futbol-sub-20-de-chile","status":"publish","type":"post","link":"https:\/\/diariodominicano.com\/?p=641901","title":{"rendered":"Concluye fase de grupos del Mundial de F\u00fatbol Sub-20 de Chile"},"content":{"rendered":"\n<p>Santiago de Chile, 5 oct (Prensa Latina) Con la \u00faltima fecha en las llaves E y F, termina hoy la etapa de clasificaci\u00f3n a octavos de final en el Campeonato Mundial de F\u00fatbol Sub-20, que tiene como sede a Chile.<\/p>\n\n\n\n<ul class=\"wp-block-list\">\n<li><a href=\"https:\/\/www.prensa-latina.cu\/2025\/10\/04\/\"><time>octubre 4, 2025 | 23:59<\/time><\/a><\/li>\n<\/ul>\n\n\n\n<ul class=\"wp-block-list\">\n<li><a href=\"https:\/\/www.prensa-latina.cu\/2025\/10\/04\/concluye-fase-de-grupos-del-mundial-de-futbol-sub-20-de-chile\/#\"><\/a><\/li>\n\n\n\n<li><a href=\"https:\/\/www.prensa-latina.cu\/2025\/10\/04\/concluye-fase-de-grupos-del-mundial-de-futbol-sub-20-de-chile\/#\"><\/a><\/li>\n\n\n\n<li><a href=\"https:\/\/www.prensa-latina.cu\/2025\/10\/04\/concluye-fase-de-grupos-del-mundial-de-futbol-sub-20-de-chile\/#\"><\/a><\/li>\n\n\n\n<li><a href=\"https:\/\/www.prensa-latina.cu\/2025\/10\/04\/concluye-fase-de-grupos-del-mundial-de-futbol-sub-20-de-chile\/#\"><\/a><\/li>\n<\/ul>\n\n\n\n<p>Este domingo en la jornada vespertina se enfrentar\u00e1n las selecciones de Sud\u00e1frica y Estados Unidos en el estadio El Teniente, de la ciudad de Rancagua, as\u00ed como Nueva Caledonia y Francia, en el Fiscal de Talca, ambas del grupo E.<\/p>\n\n\n\n<p>La escuadra estadounidense ya est\u00e1 en octavos gracias a dos victorias y un acumulado de seis puntos, mientras la inc\u00f3gnita es qui\u00e9n la seguir\u00e1 de manera directa, si los franceses o los sudafricanos, toda vez que Nueva Caledonia qued\u00f3 sin opciones.<\/p>\n\n\n\n<p>Por la noche en Talca se medir\u00e1n Nigeria y Colombia, mientras que la gramilla del Teniente acoger\u00e1 el enfrentamiento entre Arabia Saudita y Noruega.<\/p>\n\n\n\n<p>En el grupo F no hay todav\u00eda nada definido, pues lo encabezan cafeteros y noruegos con cuatro puntos, seguidos muy de cerca por las \u00c1guilas Verdes de Nigeria que tienen tres.<\/p>\n\n\n\n<p>Finalizados todos los partidos, la Federaci\u00f3n Internacional de F\u00fatbol Asociaci\u00f3n (FIFA) deber\u00e1 informar la n\u00f3mina de las 16 selecciones que disputar\u00e1n la siguiente fase, donde los enfrentamientos son a vida o muerte y el perdedor queda fuera.<\/p>\n\n\n\n<p>De acuerdo con el programa presentado por la FIFA, el lunes ser\u00e1 fecha de descanso y las acciones en los estadios chilenos volver\u00e1n a partir del martes venidero.<\/p>\n\n\n\n<p>mem\/car\/eam<\/p>\n\n\n\n<ul class=\"wp-block-list\">\n<li>#<a href=\"https:\/\/www.prensa-latina.cu\/etiqueta\/chile\/\">Chile<\/a>\u00a0#<a href=\"https:\/\/www.prensa-latina.cu\/etiqueta\/clasificados\/\">clasificados<\/a>\u00a0#<a href=\"https:\/\/www.prensa-latina.cu\/etiqueta\/grupos\/\">grupos<\/a><\/li>\n<\/ul>\n","protected":false},"excerpt":{"rendered":"<p>Santiago de Chile, 5 oct (Prensa Latina) Con la \u00faltima fecha en las llaves E y F, termina hoy la etapa de clasificaci\u00f3n a octavos de final en el Campeonato Mundial de F\u00fatbol Sub-20, que tiene como sede a Chile. Este domingo en la jornada vespertina se enfrentar\u00e1n las selecciones de Sud\u00e1frica y Estados Unidos [&hellip;]<\/p>\n","protected":false},"author":2,"featured_media":641902,"comment_status":"closed","ping_status":"closed","sticky":false,"template":"","format":"standard","meta":{"footnotes":""},"categories":[17],"tags":[],"class_list":["post-641901","post","type-post","status-publish","format-standard","has-post-thumbnail","hentry","category-deportes"],"_links":{"self":[{"href":"https:\/\/diariodominicano.com\/index.php?rest_route=\/wp\/v2\/posts\/641901","targetHints":{"allow":["GET"]}}],"collection":[{"href":"https:\/\/diariodominicano.com\/index.php?rest_route=\/wp\/v2\/posts"}],"about":[{"href":"https:\/\/diariodominicano.com\/index.php?rest_route=\/wp\/v2\/types\/post"}],"author":[{"embeddable":true,"href":"https:\/\/diariodominicano.com\/index.php?rest_route=\/wp\/v2\/users\/2"}],"replies":[{"embeddable":true,"href":"https:\/\/diariodominicano.com\/index.php?rest_route=%2Fwp%2Fv2%2Fcomments&post=641901"}],"version-history":[{"count":1,"href":"https:\/\/diariodominicano.com\/index.php?rest_route=\/wp\/v2\/posts\/641901\/revisions"}],"predecessor-version":[{"id":641903,"href":"https:\/\/diariodominicano.com\/index.php?rest_route=\/wp\/v2\/posts\/641901\/revisions\/641903"}],"wp:featuredmedia":[{"embeddable":true,"href":"https:\/\/diariodominicano.com\/index.php?rest_route=\/wp\/v2\/media\/641902"}],"wp:attachment":[{"href":"https:\/\/diariodominicano.com\/index.php?rest_route=%2Fwp%2Fv2%2Fmedia&parent=641901"}],"wp:term":[{"taxonomy":"category","embeddable":true,"href":"https:\/\/diariodominicano.com\/index.php?rest_route=%2Fwp%2Fv2%2Fcategories&post=641901"},{"taxonomy":"post_tag","embeddable":true,"href":"https:\/\/diariodominicano.com\/index.php?rest_route=%2Fwp%2Fv2%2Ftags&post=641901"}],"curies":[{"name":"wp","href":"https:\/\/api.w.org\/{rel}","templated":true}]}}