{"id":641898,"date":"2025-10-05T02:12:39","date_gmt":"2025-10-05T06:12:39","guid":{"rendered":"https:\/\/diariodominicano.com\/?p=641898"},"modified":"2025-10-05T02:12:46","modified_gmt":"2025-10-05T06:12:46","slug":"primer-ano-de-gobierno-de-sheinbaum-marca-semana-en-mexico","status":"publish","type":"post","link":"https:\/\/diariodominicano.com\/?p=641898","title":{"rendered":"Primer a\u00f1o de gobierno de Sheinbaum marca semana en M\u00e9xico"},"content":{"rendered":"\n<p>Ciudad de M\u00e9xico, 4 oct (Prensa Latina) El primer a\u00f1o de la presidenta Claudia Sheinbaum al frente de la naci\u00f3n, celebrado el 1 de octubre, emergi\u00f3 entre lo m\u00e1s destacado de la agenda noticiosa en M\u00e9xico durante la semana que concluye hoy.<\/p>\n\n\n\n<ul class=\"wp-block-list\">\n<li><a href=\"https:\/\/www.prensa-latina.cu\/2025\/10\/04\/\"><time>octubre 4, 2025 | 11:50<\/time><\/a><\/li>\n<\/ul>\n\n\n\n<ul class=\"wp-block-list\">\n<li><a href=\"https:\/\/www.prensa-latina.cu\/2025\/10\/04\/primer-ano-de-gobierno-de-sheinbaum-marca-semana-en-mexico\/#\"><\/a><\/li>\n\n\n\n<li><a href=\"https:\/\/www.prensa-latina.cu\/2025\/10\/04\/primer-ano-de-gobierno-de-sheinbaum-marca-semana-en-mexico\/#\"><\/a><\/li>\n\n\n\n<li><a href=\"https:\/\/www.prensa-latina.cu\/2025\/10\/04\/primer-ano-de-gobierno-de-sheinbaum-marca-semana-en-mexico\/#\"><\/a><\/li>\n\n\n\n<li><a href=\"https:\/\/www.prensa-latina.cu\/2025\/10\/04\/primer-ano-de-gobierno-de-sheinbaum-marca-semana-en-mexico\/#\"><\/a><\/li>\n<\/ul>\n\n\n\n<p>Como parte de los resultados de estos 12 meses, la jefa del Ejecutivo mencion\u00f3 en d\u00edas recientes el impulso a la educaci\u00f3n, la reducci\u00f3n de homicidios dolosos y el aval a modificaciones a la carta magna, las cuales \u201crevierten en una parte importante las reformas del neoliberalismo\u201d.<\/p>\n\n\n\n<p>La dignataria se refiri\u00f3 especialmente a la reforma al poder judicial, aprobada en septiembre de 2024, el \u00faltimo mes de gobierno del exmandatario Andr\u00e9s Manuel L\u00f3pez Obrador, y la realizaci\u00f3n este a\u00f1o de las primeras elecciones judiciales.<\/p>\n\n\n\n<p>\u201cHan querido minimizarla, ensuciarla, pero lo cierto es que ya no deciden unos cuantos qui\u00e9nes son los jueces y las juezas. Ya lo decide el pueblo de M\u00e9xico. Eso es algo hist\u00f3rico\u201d, afirm\u00f3 la gobernante.<\/p>\n\n\n\n<p>Adem\u00e1s, aludi\u00f3 a los cambios en beneficio de los pueblos ind\u00edgenas, el reconocimiento en la carta magna de la igualdad sustantiva de las mujeres, y la recuperaci\u00f3n de Petr\u00f3leos Mexicanos y de la Comisi\u00f3n Federal de Electricidad como empresas p\u00fablicas.<\/p>\n\n\n\n<p>Tambi\u00e9n sobresali\u00f3 la reducci\u00f3n del 32 por ciento en los homicidios dolosos en 11 meses, mediante una estrategia integral en seguridad, la reforma de la educaci\u00f3n media superior y el inicio de las obras ferroviarias, carreteras y de agua y saneamiento correspondientes al sexenio.<\/p>\n\n\n\n<p>De cara a un nuevo orden comercial, marcado por la bater\u00eda de aranceles del presidente norteamericano, Donald Trump, a casi todo el mundo, la respuesta de Sheinbaum y su enfoque de \u201ccabeza fr\u00eda\u201d ante las posturas del magnate recibi\u00f3 elogios dentro y fuera de las fronteras de M\u00e9xico.<\/p>\n\n\n\n<p>Si bien sobre este territorio latinoamericano pesa un gravamen del 25 por ciento en los productos fuera del tratado de libre comercio entre esta naci\u00f3n, Estados Unidos y Canad\u00e1, adem\u00e1s de los aplicados por Washington sobre otros como acero o autos, la enorme mayor\u00eda de sus ventas se mantiene libre de tarifas.<\/p>\n\n\n\n<p>Adem\u00e1s de las negociaciones con el vecino del norte, la mandataria promovi\u00f3 la diversificaci\u00f3n de exportaciones hacia otros pa\u00edses y emprendi\u00f3 el Plan M\u00e9xico, una estrategia dirigida entre objetivos a sustituir importaciones y fomentar la inversi\u00f3n.<\/p>\n\n\n\n<p>Los resultados rompieron pron\u00f3sticos: crecimiento del producto interno bruto, cuando algunos organismos auguraban desaceleraci\u00f3n; r\u00e9cord de inversi\u00f3n extranjera directa en el primer semestre (36 mil millones de d\u00f3lares), una moneda estable y una tasa de desempleo de 2,9 por ciento.<\/p>\n\n\n\n<p>No sorprende que la primera mujer presidenta de M\u00e9xico, quien arras\u00f3 en las elecciones de junio del a\u00f1o pasado con casi 36 millones de votos, cumpliera un a\u00f1o como l\u00edder de la naci\u00f3n con una aprobaci\u00f3n ciudadana de m\u00e1s del 70 por ciento, seg\u00fan varias encuestas.<\/p>\n\n\n\n<p>rc\/las<\/p>\n\n\n\n<ul class=\"wp-block-list\">\n<li>#<a href=\"https:\/\/www.prensa-latina.cu\/etiqueta\/mexico\/\">M\u00e9xico<\/a>\u00a0#<a href=\"https:\/\/www.prensa-latina.cu\/etiqueta\/sheinbaum\/\">sheinbaum<\/a><\/li>\n<\/ul>\n","protected":false},"excerpt":{"rendered":"<p>Ciudad de M\u00e9xico, 4 oct (Prensa Latina) El primer a\u00f1o de la presidenta Claudia Sheinbaum al frente de la naci\u00f3n, celebrado el 1 de octubre, emergi\u00f3 entre lo m\u00e1s destacado de la agenda noticiosa en M\u00e9xico durante la semana que concluye hoy. Como parte de los resultados de estos 12 meses, la jefa del Ejecutivo [&hellip;]<\/p>\n","protected":false},"author":2,"featured_media":641899,"comment_status":"closed","ping_status":"closed","sticky":false,"template":"","format":"standard","meta":{"footnotes":""},"categories":[23,22],"tags":[],"class_list":["post-641898","post","type-post","status-publish","format-standard","has-post-thumbnail","hentry","category-internacional","category-politica"],"_links":{"self":[{"href":"https:\/\/diariodominicano.com\/index.php?rest_route=\/wp\/v2\/posts\/641898","targetHints":{"allow":["GET"]}}],"collection":[{"href":"https:\/\/diariodominicano.com\/index.php?rest_route=\/wp\/v2\/posts"}],"about":[{"href":"https:\/\/diariodominicano.com\/index.php?rest_route=\/wp\/v2\/types\/post"}],"author":[{"embeddable":true,"href":"https:\/\/diariodominicano.com\/index.php?rest_route=\/wp\/v2\/users\/2"}],"replies":[{"embeddable":true,"href":"https:\/\/diariodominicano.com\/index.php?rest_route=%2Fwp%2Fv2%2Fcomments&post=641898"}],"version-history":[{"count":1,"href":"https:\/\/diariodominicano.com\/index.php?rest_route=\/wp\/v2\/posts\/641898\/revisions"}],"predecessor-version":[{"id":641900,"href":"https:\/\/diariodominicano.com\/index.php?rest_route=\/wp\/v2\/posts\/641898\/revisions\/641900"}],"wp:featuredmedia":[{"embeddable":true,"href":"https:\/\/diariodominicano.com\/index.php?rest_route=\/wp\/v2\/media\/641899"}],"wp:attachment":[{"href":"https:\/\/diariodominicano.com\/index.php?rest_route=%2Fwp%2Fv2%2Fmedia&parent=641898"}],"wp:term":[{"taxonomy":"category","embeddable":true,"href":"https:\/\/diariodominicano.com\/index.php?rest_route=%2Fwp%2Fv2%2Fcategories&post=641898"},{"taxonomy":"post_tag","embeddable":true,"href":"https:\/\/diariodominicano.com\/index.php?rest_route=%2Fwp%2Fv2%2Ftags&post=641898"}],"curies":[{"name":"wp","href":"https:\/\/api.w.org\/{rel}","templated":true}]}}