{"id":641895,"date":"2025-10-05T02:03:47","date_gmt":"2025-10-05T06:03:47","guid":{"rendered":"https:\/\/diariodominicano.com\/?p=641895"},"modified":"2025-10-05T02:03:51","modified_gmt":"2025-10-05T06:03:51","slug":"rd-se-integra-al-comite-directivo-de-la-alianza-para-el-gobierno-abierto-durante-la-ix-cumbre-global-en-espana","status":"publish","type":"post","link":"https:\/\/diariodominicano.com\/?p=641895","title":{"rendered":"RD se integra al Comit\u00e9 Directivo de la Alianza para el Gobierno Abierto durante la IX Cumbre Global en Espa\u00f1a"},"content":{"rendered":"\n<h3 class=\"wp-block-heading\">El pa\u00eds participar\u00e1 a trav\u00e9s de la Digeig para presentar sus avances en transparencia y gobierno abierto.<\/h3>\n\n\n\n<p>4 de Octubre 2025 |<\/p>\n\n\n\n<p>Santo Domingo.-&nbsp;<strong>La Rep\u00fablica Dominicana<\/strong>, a trav\u00e9s de la Direcci\u00f3n General de \u00c9tica e Integridad Gubernamental&nbsp;<strong>(Digeig)<\/strong>, participar\u00e1 en la<strong>&nbsp;IX Cumbre Global de la Alianza para el Gobierno Abierto<\/strong>, que se celebrar\u00e1 del 6 al 10 de octubre en Vitoria, Espa\u00f1a, con una delegaci\u00f3n encabezada por la doctora&nbsp;<strong>Milagros Ortiz Bosch<\/strong>, reafirmando su compromiso con la&nbsp;<strong>transparencia<\/strong>, la&nbsp;<strong>participaci\u00f3n ciudadana<\/strong>&nbsp;y la&nbsp;<strong>rendici\u00f3n de cuentas<\/strong>.<\/p>\n\n\n\n<p>En el marco de este encuentro, el pa\u00eds&nbsp; asumir\u00e1 un&nbsp;<strong>rol protag\u00f3nico<\/strong>&nbsp;al integrarse oficialmente al&nbsp;<strong>Comit\u00e9 Directivo de OGP para el per\u00edodo 2025\u20132028<\/strong>, consolidando su&nbsp;<strong>liderazgo internacio<\/strong>nal en materia de&nbsp;<strong>gobierno abierto.<\/strong><\/p>\n\n\n\n<p>En ese sentido, la Rep\u00fablica Dominicana presentar\u00e1 sus recientes&nbsp;<strong>avances<\/strong>&nbsp;en materia de Gobierno Abierto, que incluyen el&nbsp;<strong>VI Plan de Acci\u00f3n de Gobierno Abierto 2024-2028&nbsp; y la Estrategia Nacional de Espacio C\u00edvico 2025-2028<\/strong>, este \u00faltimo un compromiso asumido por el&nbsp;<strong>presidente Luis Abinader<\/strong>&nbsp;durante la&nbsp;<strong>VIII Cumbre Global<\/strong>&nbsp;en Tall\u00edn, Estonia, en&nbsp;<strong>2023<\/strong>.<\/p>\n\n\n\n<p>La Digeig, como representante dominicana, aprovechar\u00e1 este espacio para fortalecer&nbsp;<strong>alianzas internacionales<\/strong>&nbsp;y reforzar el compromiso de la Rep\u00fablica Dominicana con los principios del gobierno abierto.<\/p>\n\n\n\n<p>La Cumbre servir\u00e1 como una plataforma para promover los&nbsp;<strong>valores del gobierno abierto<\/strong>, as\u00ed como para intercambiar&nbsp;<strong>experiencias, buenas pr\u00e1cticas y avances&nbsp;<\/strong>en iniciativas de&nbsp;<strong>transparencia, participaci\u00f3n ciudadana e innovaci\u00f3n p\u00fablica.<\/strong><\/p>\n\n\n\n<p>La delegaci\u00f3n la conforman la directora de Transparencia y Gobierno Abierto,\u00a0<strong>Elizabet D\u00edaz<\/strong>; la directora de Comunicaciones,\u00a0<strong>Paola Cabrera,\u00a0<\/strong>y la encargada de las Oficinas de Acceso a la Informaci\u00f3n P\u00fablica,\u00a0<strong>Mar\u00eda Fernanda de los Santos.<\/strong><\/p>\n\n\n\n<p>Con informaci\u00f3n de la Presidencia de la Rep\u00fablica Dominicana.<\/p>\n","protected":false},"excerpt":{"rendered":"<p>El pa\u00eds participar\u00e1 a trav\u00e9s de la Digeig para presentar sus avances en transparencia y gobierno abierto. 4 de Octubre 2025 | Santo Domingo.-&nbsp;La Rep\u00fablica Dominicana, a trav\u00e9s de la Direcci\u00f3n General de \u00c9tica e Integridad Gubernamental&nbsp;(Digeig), participar\u00e1 en la&nbsp;IX Cumbre Global de la Alianza para el Gobierno Abierto, que se celebrar\u00e1 del 6 al [&hellip;]<\/p>\n","protected":false},"author":2,"featured_media":641896,"comment_status":"closed","ping_status":"closed","sticky":false,"template":"","format":"standard","meta":{"footnotes":""},"categories":[20],"tags":[],"class_list":["post-641895","post","type-post","status-publish","format-standard","has-post-thumbnail","hentry","category-dominicana-hoy"],"_links":{"self":[{"href":"https:\/\/diariodominicano.com\/index.php?rest_route=\/wp\/v2\/posts\/641895","targetHints":{"allow":["GET"]}}],"collection":[{"href":"https:\/\/diariodominicano.com\/index.php?rest_route=\/wp\/v2\/posts"}],"about":[{"href":"https:\/\/diariodominicano.com\/index.php?rest_route=\/wp\/v2\/types\/post"}],"author":[{"embeddable":true,"href":"https:\/\/diariodominicano.com\/index.php?rest_route=\/wp\/v2\/users\/2"}],"replies":[{"embeddable":true,"href":"https:\/\/diariodominicano.com\/index.php?rest_route=%2Fwp%2Fv2%2Fcomments&post=641895"}],"version-history":[{"count":1,"href":"https:\/\/diariodominicano.com\/index.php?rest_route=\/wp\/v2\/posts\/641895\/revisions"}],"predecessor-version":[{"id":641897,"href":"https:\/\/diariodominicano.com\/index.php?rest_route=\/wp\/v2\/posts\/641895\/revisions\/641897"}],"wp:featuredmedia":[{"embeddable":true,"href":"https:\/\/diariodominicano.com\/index.php?rest_route=\/wp\/v2\/media\/641896"}],"wp:attachment":[{"href":"https:\/\/diariodominicano.com\/index.php?rest_route=%2Fwp%2Fv2%2Fmedia&parent=641895"}],"wp:term":[{"taxonomy":"category","embeddable":true,"href":"https:\/\/diariodominicano.com\/index.php?rest_route=%2Fwp%2Fv2%2Fcategories&post=641895"},{"taxonomy":"post_tag","embeddable":true,"href":"https:\/\/diariodominicano.com\/index.php?rest_route=%2Fwp%2Fv2%2Ftags&post=641895"}],"curies":[{"name":"wp","href":"https:\/\/api.w.org\/{rel}","templated":true}]}}