{"id":641858,"date":"2025-10-05T01:05:21","date_gmt":"2025-10-05T05:05:21","guid":{"rendered":"https:\/\/diariodominicano.com\/?p=641858"},"modified":"2025-10-05T01:05:25","modified_gmt":"2025-10-05T05:05:25","slug":"compartiendo-dialogos-conmigo-mismo-74","status":"publish","type":"post","link":"https:\/\/diariodominicano.com\/?p=641858","title":{"rendered":"COMPARTIENDO DI\u00c1LOGOS CONMIGO MISMO"},"content":{"rendered":"\n<p><strong>SE\u00d1OR JES\u00daS:<\/strong><\/p>\n\n\n\n<p><strong>\u00a1ACRECI\u00c9NTANOS LA FUERZA DE LA VIDA!<\/strong><\/p>\n\n\n\n<p><strong><em>UNO VIVE PORQUE CREE EN ALGO: El esp\u00edritu orante del alma con Dios, es un respiro de confianza y una aspiraci\u00f3n de esperanza, que perdura en el amor. Realmente, todo se conjuga con el amar y es la fe, que nunca es in\u00fatil, la que nos vierte la facultad de mirar con ilusi\u00f3n los dilemas de la vida. Tambi\u00e9n nos ayuda a aceptar incluso los fracasos y las angustias, sabiendo que el mal jam\u00e1s tendr\u00e1 la \u00faltima palabra, porque la certeza mueve monta\u00f1as y remueve pulsos.<\/em><\/strong><\/p>\n\n\n\n<p><strong>I.- LA SANACI\u00d3N DEL CORAZ\u00d3N&nbsp;<a><\/a><a><\/a><a><\/a><a><\/a><a><\/a><a><\/a><a><\/a><a><\/a><a><\/a><a><\/a><a><\/a><a><\/a><a><\/a><a><\/a><a><\/a><a><\/a><a><\/a><a><\/a><a><\/a><a><\/a><a><\/a><a><\/a><a><\/a><a><\/a>COEXISTE<\/strong><\/p>\n\n\n\n<p><a><\/a><a><\/a>Dios cambia este mundo injusto,<\/p>\n\n\n\n<p>trasformando nuestras entretelas,<\/p>\n\n\n\n<p>cambiando nuestro modo de ser;<\/p>\n\n\n\n<p>s\u00f3lo hay que ponerse a sus pies,&nbsp;<\/p>\n\n\n\n<p>dejarse querer e ir a su llamada.<\/p>\n\n\n\n<p>Hallemos su camino en nosotros,<\/p>\n\n\n\n<p>el que buscamos y rebuscamos,<\/p>\n\n\n\n<p>con la fe como verdad y bondad.<\/p>\n\n\n\n<p>Abr\u00e1monos a su ta\u00f1er incesante,<\/p>\n\n\n\n<p>acojamos su entrada en el alma.<\/p>\n\n\n\n<p>No hay mejor curaci\u00f3n m\u00edstica,&nbsp;<\/p>\n\n\n\n<p>que la corriente radiante del sol,<\/p>\n\n\n\n<p>pues todo lo ilumina de dulzura,<\/p>\n\n\n\n<p>que proviene del cielo como luz,<\/p>\n\n\n\n<p>esplendor que nos alaba y eleva.<\/p>\n\n\n\n<p><strong>II.- EL CORAZ\u00d3N DE LA FE NOS MORA<\/strong><\/p>\n\n\n\n<p>Todo tiene su pulsaci\u00f3n m\u00e9trica,<\/p>\n\n\n\n<p>que con su m\u00edstica nos reafirma,<\/p>\n\n\n\n<p>en el firme designio de la prueba;<\/p>\n\n\n\n<p>pues aquel que cree, reconsidera;<\/p>\n\n\n\n<p>existe y se asiste, piensa y rumia.<\/p>\n\n\n\n<p>La convicci\u00f3n de uno comienza,<\/p>\n\n\n\n<p>donde termina el nefasto orgullo,<\/p>\n\n\n\n<p>una forma de ego\u00edsmo que mata,<\/p>\n\n\n\n<p>que nos deja el coraz\u00f3n desierto,<\/p>\n\n\n\n<p>y la mirada en eterna desolaci\u00f3n.<\/p>\n\n\n\n<p>Ominoso el que no cree en nada,<\/p>\n\n\n\n<p>porque uno es para la confianza,<\/p>\n\n\n\n<p>tanto en los dem\u00e1s como en uno,<\/p>\n\n\n\n<p>pues la fuerza de la vida es la fe,<\/p>\n\n\n\n<p>y si vivimos es porque creemos.<\/p>\n\n\n\n<p><strong>III.- CORAZ\u00d3N A CORAZ\u00d3N SE VIVE<\/strong><\/p>\n\n\n\n<p>Vivir en la fe es avivar el verso,<\/p>\n\n\n\n<p>volverse poes\u00eda y mudar pasos,<\/p>\n\n\n\n<p>reanimarse y animarse a existir,<\/p>\n\n\n\n<p>siempre enamorados y gozosos,<\/p>\n\n\n\n<p>de ser para Dios y a Dios amar.<\/p>\n\n\n\n<p>Labrar la virtud de la gratuidad,<\/p>\n\n\n\n<p>aunque el mundo no lo entienda,<\/p>\n\n\n\n<p>y no nos lo condecore con vivas,<\/p>\n\n\n\n<p>es un buen modo de glorificarse,<\/p>\n\n\n\n<p>pues la fidelidad no se mercadea.<\/p>\n\n\n\n<p>Los latidos de la lealtad son aire,<\/p>\n\n\n\n<p>franqueza de n\u00edveas vibraciones,<\/p>\n\n\n\n<p>altruismo y humanidad oferente;<\/p>\n\n\n\n<p>pues si somos un regalo de Dios,<\/p>\n\n\n\n<p>se\u00e1moslo similar para los dem\u00e1s.&nbsp;<\/p>\n\n\n\n<p><strong>V\u00edctor CORCOBA HERRERO<\/strong><\/p>\n\n\n\n<p><a href=\"mailto:corcoba@telefonica.net\" target=\"_blank\" rel=\"noreferrer noopener\"><strong>corcoba@telefonica.net<\/strong><\/a><\/p>\n\n\n\n<p><strong>04 de octubre de 2025.-<\/strong><\/p>\n\n\n\n<p>&#8230;<\/p>\n","protected":false},"excerpt":{"rendered":"<p>SE\u00d1OR JES\u00daS: \u00a1ACRECI\u00c9NTANOS LA FUERZA DE LA VIDA! UNO VIVE PORQUE CREE EN ALGO: El esp\u00edritu orante del alma con Dios, es un respiro de confianza y una aspiraci\u00f3n de esperanza, que perdura en el amor. Realmente, todo se conjuga con el amar y es la fe, que nunca es in\u00fatil, la que nos vierte [&hellip;]<\/p>\n","protected":false},"author":2,"featured_media":474623,"comment_status":"closed","ping_status":"closed","sticky":false,"template":"","format":"standard","meta":{"footnotes":""},"categories":[21,19],"tags":[],"class_list":["post-641858","post","type-post","status-publish","format-standard","has-post-thumbnail","hentry","category-cultura","category-mi-voz"],"_links":{"self":[{"href":"https:\/\/diariodominicano.com\/index.php?rest_route=\/wp\/v2\/posts\/641858","targetHints":{"allow":["GET"]}}],"collection":[{"href":"https:\/\/diariodominicano.com\/index.php?rest_route=\/wp\/v2\/posts"}],"about":[{"href":"https:\/\/diariodominicano.com\/index.php?rest_route=\/wp\/v2\/types\/post"}],"author":[{"embeddable":true,"href":"https:\/\/diariodominicano.com\/index.php?rest_route=\/wp\/v2\/users\/2"}],"replies":[{"embeddable":true,"href":"https:\/\/diariodominicano.com\/index.php?rest_route=%2Fwp%2Fv2%2Fcomments&post=641858"}],"version-history":[{"count":1,"href":"https:\/\/diariodominicano.com\/index.php?rest_route=\/wp\/v2\/posts\/641858\/revisions"}],"predecessor-version":[{"id":641859,"href":"https:\/\/diariodominicano.com\/index.php?rest_route=\/wp\/v2\/posts\/641858\/revisions\/641859"}],"wp:featuredmedia":[{"embeddable":true,"href":"https:\/\/diariodominicano.com\/index.php?rest_route=\/wp\/v2\/media\/474623"}],"wp:attachment":[{"href":"https:\/\/diariodominicano.com\/index.php?rest_route=%2Fwp%2Fv2%2Fmedia&parent=641858"}],"wp:term":[{"taxonomy":"category","embeddable":true,"href":"https:\/\/diariodominicano.com\/index.php?rest_route=%2Fwp%2Fv2%2Fcategories&post=641858"},{"taxonomy":"post_tag","embeddable":true,"href":"https:\/\/diariodominicano.com\/index.php?rest_route=%2Fwp%2Fv2%2Ftags&post=641858"}],"curies":[{"name":"wp","href":"https:\/\/api.w.org\/{rel}","templated":true}]}}