{"id":641828,"date":"2025-10-05T00:11:10","date_gmt":"2025-10-05T04:11:10","guid":{"rendered":"https:\/\/diariodominicano.com\/?p=641828"},"modified":"2025-10-05T00:12:14","modified_gmt":"2025-10-05T04:12:14","slug":"13-peleas-definiran-hoy-sabado-a-los-ganadores-de-medalla-de-oro-en-boxeo-de-los-xi-juegos-escolares-deportivos-nacionales-san-francisco-de-macoris-2025","status":"publish","type":"post","link":"https:\/\/diariodominicano.com\/?p=641828","title":{"rendered":"13 peleas definir\u00e1n hoy s\u00e1bado\u00a0a los ganadores de medalla de oro en boxeo de los XI Juegos Escolares Deportivos Nacionales San Francisco de Macor\u00eds 2025"},"content":{"rendered":"\n<p>La actividad est\u00e1 programada para las 5:00 de la tarde en la\u00a0cancha\u00a0Pedro Emilio Reyes, del sector de Pueblo Nuevo.<\/p>\n\n\n\n<p><a href=\"https:\/\/deciclismoymas.blogspot.com\/2025\/10\/trece-peleas-definiran-este-sabado-los.html\">https:\/\/deciclismoymas.blogspot.com\/2025\/10\/trece-peleas-definiran-este-sabado-los.html<\/a><\/p>\n\n\n\n<p><strong>Por Tony Reyes.-<\/strong><\/p>\n\n\n\n<p><em>Texto y Fotos.-<\/em><\/p>\n\n\n\n<p>SAN FRANCISCO DE MACOR\u00cdS, Rep\u00fablica Dominicana.- Con la celebraci\u00f3n de trece combates ser\u00e1n definidas este s\u00e1bado 4 de octubre las medallas de oro en las diferentes categor\u00edas del&nbsp;boxeo&nbsp;de los de los XI&nbsp; Juegos Escolares&nbsp;Deportivos&nbsp;Nacionales San Francisco 2025&nbsp; que se han estado desarrollado exitosamente en la&nbsp;cancha&nbsp;del club San Vicente.<\/p>\n\n\n\n<p>La actividad est\u00e1 programada para las 5:00 de la tarde en la&nbsp;cancha&nbsp;Pedro Emilio Reyes, del sector de Pueblo Nuevo, donde existe mucho entusiasmo entre los&nbsp;amantes&nbsp;del&nbsp;boxeo&nbsp;de la \u00abCiudad&nbsp;del Jaya\u00bb.<\/p>\n\n\n\n<p>Las primera tres peleas ser\u00e1n realizadas en la modalidad femenina para definir las campeonas de los 46 kilogramos en la que Raquel Garc\u00eda (El Higuamo) se medir\u00e1 a Isabel Wilmor (Metropolitana II). Mientras que&nbsp; Linalyely Garc\u00eda (El Higuamo) chocar\u00e1 en los 48 kilogramos contra Franyely Figuereo (El Valle) y en la \u00faltima pelea, en&nbsp;los 52 kilogramo, Darlenny Almonte (Cibao Norte) pelear\u00e1 ante Emely Morlan (El Higuamo).<\/p>\n\n\n\n<p>En la rama masculina, en los 40 kilogramos, Youfrelin Pichardo (Cibao Norte) chocar\u00e1 contra Darlin Mota (El Higuamo); en tanto que en los 42 kilogramos Nicol\u00e1s Concepci\u00f3n (Cibao Sur) pelear\u00e1 frente a Junior Naci (El Higuamo).<\/p>\n\n\n\n<p>Jostin Reyes (Metropolitana I) y Jordin Paulino (El Valle) disputar\u00e1n la medalla de oro en los 44 kilogramos. De igual forma, Yefrie Pierre (El Higuamo) y Oscar Segura (Metropolitano II) pelear\u00e1n por el primer lugar de la categor\u00eda 48 kilogramos.<\/p>\n\n\n\n<p>Asimismo, Daniel Gonz\u00e1lez (Metropolitana II) y Brayam Emmanuel (El Valle) definir\u00e1n el campe\u00f3n en 50 kilos.&nbsp;Alexander&nbsp;M\u00e9ndez (El Valle) y Miguel Cabrera (El Metropolitano II) definir\u00e1n el campe\u00f3n en los 52 kilos.<\/p>\n\n\n\n<p>En los 54 kilos disputar\u00e1n las medallas de oro Frenyer Suriel (El Higuamo) y Bayliezy Vibierrt (Metropolitana II) y Junior Quezada (Metropolitana II) pelear\u00e1 por el oro de los 57 kilos frente a Eriel Imbert (Nordeste).<\/p>\n\n\n\n<p>En la pen\u00faltima pelea de la jornada final del&nbsp;boxeo&nbsp;de los Juegos, el francomacorisano Gamalier Lora, en los 60 kilos, se medir\u00e1 a Luis Villafa\u00f1as (El Higuamo) y en la pelea final, en los 63 kilogramos, David Caraballo (El Higuamo) pelear\u00e1 con Wanel Encarnaci\u00f3n (El Valle).<\/p>\n\n\n\n<p><a href=\"https:\/\/deciclismoymas.blogspot.com\/2025\/10\/trece-peleas-definiran-este-sabado-los.html\">https:\/\/deciclismoymas.blogspot.com\/2025\/10\/trece-peleas-definiran-este-sabado-los.html<\/a><\/p>\n\n\n\n<p>#San Francisco de Macor\u00eds\u2003\u2003\u2002<\/p>\n","protected":false},"excerpt":{"rendered":"<p>La actividad est\u00e1 programada para las 5:00 de la tarde en la\u00a0cancha\u00a0Pedro Emilio Reyes, del sector de Pueblo Nuevo. https:\/\/deciclismoymas.blogspot.com\/2025\/10\/trece-peleas-definiran-este-sabado-los.html Por Tony Reyes.- Texto y Fotos.- SAN FRANCISCO DE MACOR\u00cdS, Rep\u00fablica Dominicana.- Con la celebraci\u00f3n de trece combates ser\u00e1n definidas este s\u00e1bado 4 de octubre las medallas de oro en las diferentes categor\u00edas del&nbsp;boxeo&nbsp;de los [&hellip;]<\/p>\n","protected":false},"author":2,"featured_media":641829,"comment_status":"closed","ping_status":"closed","sticky":false,"template":"","format":"standard","meta":{"footnotes":""},"categories":[17],"tags":[],"class_list":["post-641828","post","type-post","status-publish","format-standard","has-post-thumbnail","hentry","category-deportes"],"_links":{"self":[{"href":"https:\/\/diariodominicano.com\/index.php?rest_route=\/wp\/v2\/posts\/641828","targetHints":{"allow":["GET"]}}],"collection":[{"href":"https:\/\/diariodominicano.com\/index.php?rest_route=\/wp\/v2\/posts"}],"about":[{"href":"https:\/\/diariodominicano.com\/index.php?rest_route=\/wp\/v2\/types\/post"}],"author":[{"embeddable":true,"href":"https:\/\/diariodominicano.com\/index.php?rest_route=\/wp\/v2\/users\/2"}],"replies":[{"embeddable":true,"href":"https:\/\/diariodominicano.com\/index.php?rest_route=%2Fwp%2Fv2%2Fcomments&post=641828"}],"version-history":[{"count":2,"href":"https:\/\/diariodominicano.com\/index.php?rest_route=\/wp\/v2\/posts\/641828\/revisions"}],"predecessor-version":[{"id":641832,"href":"https:\/\/diariodominicano.com\/index.php?rest_route=\/wp\/v2\/posts\/641828\/revisions\/641832"}],"wp:featuredmedia":[{"embeddable":true,"href":"https:\/\/diariodominicano.com\/index.php?rest_route=\/wp\/v2\/media\/641829"}],"wp:attachment":[{"href":"https:\/\/diariodominicano.com\/index.php?rest_route=%2Fwp%2Fv2%2Fmedia&parent=641828"}],"wp:term":[{"taxonomy":"category","embeddable":true,"href":"https:\/\/diariodominicano.com\/index.php?rest_route=%2Fwp%2Fv2%2Fcategories&post=641828"},{"taxonomy":"post_tag","embeddable":true,"href":"https:\/\/diariodominicano.com\/index.php?rest_route=%2Fwp%2Fv2%2Ftags&post=641828"}],"curies":[{"name":"wp","href":"https:\/\/api.w.org\/{rel}","templated":true}]}}