{"id":641822,"date":"2025-10-05T00:01:00","date_gmt":"2025-10-05T04:01:00","guid":{"rendered":"https:\/\/diariodominicano.com\/?p=641822"},"modified":"2025-10-05T00:01:04","modified_gmt":"2025-10-05T04:01:04","slug":"finalizo-cuba-su-participacion-en-mundial-de-futbol-sub-20-de-chile-foto","status":"publish","type":"post","link":"https:\/\/diariodominicano.com\/?p=641822","title":{"rendered":"Finaliz\u00f3 Cuba su participaci\u00f3n en Mundial de F\u00fatbol Sub-20 de Chile (+Foto)"},"content":{"rendered":"\n<p>Santiago de Chile, 4 oct (Prensa Latina) La selecci\u00f3n cubana de f\u00fatbol sub-20 puso hoy punto final a su participaci\u00f3n en la XXV Copa Mundial de esa categor\u00eda, con sede en Chile, al caer 3-1 frente a la escuadra de Australia.<\/p>\n\n\n\n<ul class=\"wp-block-list\">\n<li><a href=\"https:\/\/www.prensa-latina.cu\/2025\/10\/04\/\"><time>octubre 4, 2025 | 22:34<\/time><\/a><\/li>\n<\/ul>\n\n\n\n<ul class=\"wp-block-list\">\n<li><a href=\"https:\/\/www.prensa-latina.cu\/2025\/10\/04\/finalizo-cuba-su-participacion-en-mundial-de-futbol-sub-20-de-chile\/#\"><\/a><\/li>\n\n\n\n<li><a href=\"https:\/\/www.prensa-latina.cu\/2025\/10\/04\/finalizo-cuba-su-participacion-en-mundial-de-futbol-sub-20-de-chile\/#\"><\/a><\/li>\n\n\n\n<li><a href=\"https:\/\/www.prensa-latina.cu\/2025\/10\/04\/finalizo-cuba-su-participacion-en-mundial-de-futbol-sub-20-de-chile\/#\"><\/a><\/li>\n\n\n\n<li><a href=\"https:\/\/www.prensa-latina.cu\/2025\/10\/04\/finalizo-cuba-su-participacion-en-mundial-de-futbol-sub-20-de-chile\/#\"><\/a><\/li>\n<\/ul>\n\n\n\n<p>Un nutrido grupo de aficionados animaron con banderas y c\u00e1nticos al equipo caribe\u00f1o, en un partido celebrado en el emblem\u00e1tico Estadio Nacional de Santiago, la capital del pa\u00eds.<\/p>\n\n\n\n<figure class=\"wp-block-image\"><img decoding=\"async\" src=\"https:\/\/www.prensa-latina.cu\/wp-content\/uploads\/2025\/10\/Chile-Mundial-futbol-Sub-20-Cuba-Australia.jpg\" alt=\"\" class=\"wp-image-1641719\"\/><\/figure>\n\n\n\n<p>Luego de un primer cuarto de hora bastante equilibrado sobre la cancha, los australianos comenzaron a adue\u00f1arse de las acciones y al minuto 20 Max Caputo anot\u00f3 el primer tanto.<\/p>\n\n\n\n<p>El gol descoloc\u00f3 a Cuba, que opt\u00f3 por encerrarse en su terreno, lo cual aprovecharon los rivales para atacar con m\u00e1s energ\u00eda y, cuando corr\u00eda el 39\u2032, Daniel Bennie puso el 2-0, con el cual finaliz\u00f3 la primera mitad del choque.<\/p>\n\n\n\n<p>Tras el descanso las acciones estuvieron m\u00e1s parejas, pero una mala salida del arquero Yordy Hodel\u00edn permiti\u00f3 a Caputo hacerse presente de nuevo en el marcador al minuto 50.<\/p>\n\n\n\n<p>Lejos de intimidarse, los cubanos se fueron con m\u00e1s fuerza al frente y al 63 Alessio Raballo logr\u00f3 el gol del honor y sell\u00f3 el resultado definitivo de 3-1.<\/p>\n\n\n\n<p>De esta manera, la mayor de las Antillas concluy\u00f3 su actividad en la llave D en la cuarta posici\u00f3n con dos derrotas, un empate, cuatro goles a favor y ocho en contra.<\/p>\n\n\n\n<p>Su mejor resultado fue el hist\u00f3rico empate 2-2 contra Italia, el cual fue destacado como una haza\u00f1a por la prensa especializada de Chile.<\/p>\n\n\n\n<p>En el grupo clasificaron Argentina, con puntaje perfecto de nueve unidades en tres victorias, e Italia, con un partido ganado, uno empatado y otro perdido, justamente el de hoy contra los transandinos.<\/p>\n\n\n\n<p>Los australianos finalizaron terceros en la clasificaci\u00f3n con tres puntos gracias a una victoria y dos derrotas, y les toca esperar el final de esta etapa para conocer si pasan a octavos.<\/p>\n\n\n\n<p>Este s\u00e1bado la sorpresa ocurri\u00f3 en el grupo C, donde clasificaron Marruecos y M\u00e9xico, en tanto Espa\u00f1a ya solo puede aspirar a estar entre los cuatro mejores terceros lugares y Brasil, la potencia futbol\u00edstica de la regi\u00f3n, qued\u00f3 fuera del mundial.<\/p>\n\n\n\n<p>ro\/car\/eam<\/p>\n\n\n\n<ul class=\"wp-block-list\">\n<li>#<a href=\"https:\/\/www.prensa-latina.cu\/etiqueta\/australia\/\">Australia<\/a>\u00a0#<a href=\"https:\/\/www.prensa-latina.cu\/etiqueta\/chile\/\">Chile<\/a>\u00a0#<a href=\"https:\/\/www.prensa-latina.cu\/etiqueta\/cuba\/\">cuba<\/a><\/li>\n<\/ul>\n","protected":false},"excerpt":{"rendered":"<p>Santiago de Chile, 4 oct (Prensa Latina) La selecci\u00f3n cubana de f\u00fatbol sub-20 puso hoy punto final a su participaci\u00f3n en la XXV Copa Mundial de esa categor\u00eda, con sede en Chile, al caer 3-1 frente a la escuadra de Australia. Un nutrido grupo de aficionados animaron con banderas y c\u00e1nticos al equipo caribe\u00f1o, en [&hellip;]<\/p>\n","protected":false},"author":2,"featured_media":641823,"comment_status":"closed","ping_status":"closed","sticky":false,"template":"","format":"standard","meta":{"footnotes":""},"categories":[17],"tags":[],"class_list":["post-641822","post","type-post","status-publish","format-standard","has-post-thumbnail","hentry","category-deportes"],"_links":{"self":[{"href":"https:\/\/diariodominicano.com\/index.php?rest_route=\/wp\/v2\/posts\/641822","targetHints":{"allow":["GET"]}}],"collection":[{"href":"https:\/\/diariodominicano.com\/index.php?rest_route=\/wp\/v2\/posts"}],"about":[{"href":"https:\/\/diariodominicano.com\/index.php?rest_route=\/wp\/v2\/types\/post"}],"author":[{"embeddable":true,"href":"https:\/\/diariodominicano.com\/index.php?rest_route=\/wp\/v2\/users\/2"}],"replies":[{"embeddable":true,"href":"https:\/\/diariodominicano.com\/index.php?rest_route=%2Fwp%2Fv2%2Fcomments&post=641822"}],"version-history":[{"count":1,"href":"https:\/\/diariodominicano.com\/index.php?rest_route=\/wp\/v2\/posts\/641822\/revisions"}],"predecessor-version":[{"id":641824,"href":"https:\/\/diariodominicano.com\/index.php?rest_route=\/wp\/v2\/posts\/641822\/revisions\/641824"}],"wp:featuredmedia":[{"embeddable":true,"href":"https:\/\/diariodominicano.com\/index.php?rest_route=\/wp\/v2\/media\/641823"}],"wp:attachment":[{"href":"https:\/\/diariodominicano.com\/index.php?rest_route=%2Fwp%2Fv2%2Fmedia&parent=641822"}],"wp:term":[{"taxonomy":"category","embeddable":true,"href":"https:\/\/diariodominicano.com\/index.php?rest_route=%2Fwp%2Fv2%2Fcategories&post=641822"},{"taxonomy":"post_tag","embeddable":true,"href":"https:\/\/diariodominicano.com\/index.php?rest_route=%2Fwp%2Fv2%2Ftags&post=641822"}],"curies":[{"name":"wp","href":"https:\/\/api.w.org\/{rel}","templated":true}]}}