{"id":641819,"date":"2025-10-04T23:58:45","date_gmt":"2025-10-05T03:58:45","guid":{"rendered":"https:\/\/diariodominicano.com\/?p=641819"},"modified":"2025-10-04T23:58:52","modified_gmt":"2025-10-05T03:58:52","slug":"santa-fe-repudia-tambien-a-milei-tuvo-que-suspender-acto-electoral","status":"publish","type":"post","link":"https:\/\/diariodominicano.com\/?p=641819","title":{"rendered":"Santa Fe repudia tambi\u00e9n a Milei; tuvo que suspender acto electoral"},"content":{"rendered":"\n<p>Buenos Aires, 4 oct (Prensa Latina) El presidente Javier Milei, en son de campa\u00f1a electoral, viaj\u00f3 hoy a Santa Fe donde tambi\u00e9n se vio obligado a suspender actos p\u00fablicos ante el categ\u00f3rico repudio popular, tal cual le sucedi\u00f3 en Ushuaia el lunes pasado.<\/p>\n\n\n\n<ul class=\"wp-block-list\">\n<li><a href=\"https:\/\/www.prensa-latina.cu\/2025\/10\/04\/\"><time>octubre 4, 2025 | 16:32<\/time><\/a><\/li>\n<\/ul>\n\n\n\n<ul class=\"wp-block-list\">\n<li><a href=\"https:\/\/www.prensa-latina.cu\/2025\/10\/04\/santa-fe-repudia-tambien-a-milei-tuvo-que-suspender-acto-electoral\/#\"><\/a><\/li>\n\n\n\n<li><a href=\"https:\/\/www.prensa-latina.cu\/2025\/10\/04\/santa-fe-repudia-tambien-a-milei-tuvo-que-suspender-acto-electoral\/#\"><\/a><\/li>\n\n\n\n<li><a href=\"https:\/\/www.prensa-latina.cu\/2025\/10\/04\/santa-fe-repudia-tambien-a-milei-tuvo-que-suspender-acto-electoral\/#\"><\/a><\/li>\n\n\n\n<li><a href=\"https:\/\/www.prensa-latina.cu\/2025\/10\/04\/santa-fe-repudia-tambien-a-milei-tuvo-que-suspender-acto-electoral\/#\"><\/a><\/li>\n<\/ul>\n\n\n\n<p>El mandatario ten\u00eda previsto una caminata por el c\u00e9ntrico peatonal San Mart\u00edn de la capital santafesina junto a su candidato libertario Agust\u00edn Pellegrini, bajo f\u00e9rreo operativo de seguridad, pero cientos de lugare\u00f1os lo esperaban para expresarle su rechazo. Hubo forcejeos con la polic\u00eda y los organizadores suspendieron la actividad.<\/p>\n\n\n\n<p>Igual sucedi\u00f3 el lunes en la capital de Tierra del Fuego cuando Milei solo pudo asistir a peque\u00f1os actos en sitios cerrados. En Santa Fe no solo se cancel\u00f3 la caminata, sino tambi\u00e9n un mitin p\u00fablico a manera de cierre de campa\u00f1a en esa provincia.<\/p>\n\n\n\n<p>Lleg\u00f3 a la ciudad de Santa Fe con su hermana Karina Milei, principal armadora de la alianza La Libertad Avanza, en el marco de la campa\u00f1a electoral de cara a las elecciones legislativas nacionales del 26 de octubre. Luego del arribo y en medio de un gran despliegue de seguridad, manifestantes opositores se concentraron tambi\u00e9n cerca del puerto.<\/p>\n\n\n\n<p>All\u00ed tambi\u00e9n se generaron incidentes con la polic\u00eda que quiso despejar la zona, lo que oblig\u00f3 a Presidencia a suspender parte de la agenda pactada. El medio local El Litoral reporta al menos cuatro detenidos. Igualmente, describe que hubo protesta ante el hotel Los Silos adonde llevaron para un descanso a la comitiva ejecutiva.<\/p>\n\n\n\n<p>Milei adem\u00e1s viaj\u00f3 a la colindante provincia de Entre R\u00edos, una sitio que le es m\u00e1s favorable, donde lo esperaba el gobernador Rogelio Frigerio.<\/p>\n\n\n\n<p>Su visita a la capital santafesina y a la provincia de Entre R\u00edos se da en momentos de alta tensi\u00f3n en el Gobierno, con su principal candidato en la lista bonaerense, Jos\u00e9 Luis Espert, en el epicentro de un esc\u00e1ndalo por su v\u00ednculo con el empresario Alfredo \u201cFred\u201d Machado, preso por causas ligadas al narcotr\u00e1fico y en espera de extradici\u00f3n a Estados Unidos.<\/p>\n\n\n\n<p>Con el programa suspendido en Santa Fe, Milei entonces adelant\u00f3 su salida junto a su hermana la capital entrerriana de Paran\u00e1 donde fue recibido despu\u00e9s del mediod\u00eda en el Hotel Howard Johnson Mayorazgo por el gobernador aliado Rogelio Frigerio, cuya fuerza comparte la lista con La Libertad Avanza.<\/p>\n\n\n\n<p>jcm\/mh<\/p>\n\n\n\n<ul class=\"wp-block-list\">\n<li>#<a href=\"https:\/\/www.prensa-latina.cu\/etiqueta\/protestas\/\">protestas<\/a><\/li>\n<\/ul>\n","protected":false},"excerpt":{"rendered":"<p>Buenos Aires, 4 oct (Prensa Latina) El presidente Javier Milei, en son de campa\u00f1a electoral, viaj\u00f3 hoy a Santa Fe donde tambi\u00e9n se vio obligado a suspender actos p\u00fablicos ante el categ\u00f3rico repudio popular, tal cual le sucedi\u00f3 en Ushuaia el lunes pasado. El mandatario ten\u00eda previsto una caminata por el c\u00e9ntrico peatonal San Mart\u00edn [&hellip;]<\/p>\n","protected":false},"author":2,"featured_media":641820,"comment_status":"closed","ping_status":"closed","sticky":false,"template":"","format":"standard","meta":{"footnotes":""},"categories":[23,22],"tags":[],"class_list":["post-641819","post","type-post","status-publish","format-standard","has-post-thumbnail","hentry","category-internacional","category-politica"],"_links":{"self":[{"href":"https:\/\/diariodominicano.com\/index.php?rest_route=\/wp\/v2\/posts\/641819","targetHints":{"allow":["GET"]}}],"collection":[{"href":"https:\/\/diariodominicano.com\/index.php?rest_route=\/wp\/v2\/posts"}],"about":[{"href":"https:\/\/diariodominicano.com\/index.php?rest_route=\/wp\/v2\/types\/post"}],"author":[{"embeddable":true,"href":"https:\/\/diariodominicano.com\/index.php?rest_route=\/wp\/v2\/users\/2"}],"replies":[{"embeddable":true,"href":"https:\/\/diariodominicano.com\/index.php?rest_route=%2Fwp%2Fv2%2Fcomments&post=641819"}],"version-history":[{"count":1,"href":"https:\/\/diariodominicano.com\/index.php?rest_route=\/wp\/v2\/posts\/641819\/revisions"}],"predecessor-version":[{"id":641821,"href":"https:\/\/diariodominicano.com\/index.php?rest_route=\/wp\/v2\/posts\/641819\/revisions\/641821"}],"wp:featuredmedia":[{"embeddable":true,"href":"https:\/\/diariodominicano.com\/index.php?rest_route=\/wp\/v2\/media\/641820"}],"wp:attachment":[{"href":"https:\/\/diariodominicano.com\/index.php?rest_route=%2Fwp%2Fv2%2Fmedia&parent=641819"}],"wp:term":[{"taxonomy":"category","embeddable":true,"href":"https:\/\/diariodominicano.com\/index.php?rest_route=%2Fwp%2Fv2%2Fcategories&post=641819"},{"taxonomy":"post_tag","embeddable":true,"href":"https:\/\/diariodominicano.com\/index.php?rest_route=%2Fwp%2Fv2%2Ftags&post=641819"}],"curies":[{"name":"wp","href":"https:\/\/api.w.org\/{rel}","templated":true}]}}