{"id":641694,"date":"2025-10-04T00:43:47","date_gmt":"2025-10-04T04:43:47","guid":{"rendered":"https:\/\/diariodominicano.com\/?p=641694"},"modified":"2025-10-04T00:43:56","modified_gmt":"2025-10-04T04:43:56","slug":"venezuela-denuncio-en-onu-incursion-de-aviones-de-combate-de-eeuu-foto","status":"publish","type":"post","link":"https:\/\/diariodominicano.com\/?p=641694","title":{"rendered":"Venezuela denunci\u00f3 en ONU incursi\u00f3n de aviones de combate de EEUU (+Foto)"},"content":{"rendered":"\n<p>Caracas, 3 oct (Prensa Latina) Venezuela entreg\u00f3 hoy al presidente del Consejo de Seguridad de la ONU y embajador ruso en esa instancia, Vasily Alekseyevich Nebenzya, una denuncia sobre la incursi\u00f3n ilegal de aviones de combate estadounidenses pr\u00f3ximo a las costas venezolanas.<\/p>\n\n\n\n<ul class=\"wp-block-list\">\n<li><a href=\"https:\/\/www.prensa-latina.cu\/2025\/10\/03\/\"><time>octubre 3, 2025 | 12:57<\/time><\/a><\/li>\n<\/ul>\n\n\n\n<ul class=\"wp-block-list\">\n<li><a href=\"https:\/\/www.prensa-latina.cu\/2025\/10\/03\/venezuela-denuncio-en-onu-incursion-de-aviones-de-combate-de-eeuu\/#\"><\/a><\/li>\n\n\n\n<li><a href=\"https:\/\/www.prensa-latina.cu\/2025\/10\/03\/venezuela-denuncio-en-onu-incursion-de-aviones-de-combate-de-eeuu\/#\"><\/a><\/li>\n\n\n\n<li><a href=\"https:\/\/www.prensa-latina.cu\/2025\/10\/03\/venezuela-denuncio-en-onu-incursion-de-aviones-de-combate-de-eeuu\/#\"><\/a><\/li>\n\n\n\n<li><a href=\"https:\/\/www.prensa-latina.cu\/2025\/10\/03\/venezuela-denuncio-en-onu-incursion-de-aviones-de-combate-de-eeuu\/#\"><\/a><\/li>\n<\/ul>\n\n\n\n<p>Cinco aeronaves F-35, asentadas en Puerto Rico como parte del despliegue militar de Estados Unidos en el mar Caribe, sobrevolaron la v\u00edspera dentro de la Regi\u00f3n de Informaci\u00f3n de Vuelo de Maiquet\u00eda, estado de La Guaira (norte), cuya maniobra fue identificada por el Comando de Defensa Aeroespacial Integral (Codai).<\/p>\n\n\n\n<p>Los aparatos volaron a \u201caproximadamente 75 kil\u00f3metros de nuestras costas\u201d, apunt\u00f3 en su cuenta de Telegram el ministro venezolano para Relaciones Exteriores, Yv\u00e1n Gil, quien anunci\u00f3 la entrega del documento al diplom\u00e1tico ruso por embajador alterno ante las Naciones Unidas Joaqu\u00edn P\u00e9rez.<\/p>\n\n\n\n<p>\u201cEste acto, afirm\u00f3, no solo representa una amenaza a nuestra soberan\u00eda nacional, sino que tambi\u00e9n contraviene las normas del derecho internacional y la Convenci\u00f3n de Chicago sobre Aviaci\u00f3n Civil Internacional\u201d.<\/p>\n\n\n\n<p>Gil se\u00f1al\u00f3 que esta grave situaci\u00f3n \u201cse suma a la creciente militarizaci\u00f3n del Caribe, que constituye un claro hostigamiento hacia Venezuela\u201d.<\/p>\n\n\n\n<p>La Canciller\u00eda y el ministerio para la Defensa bolivarianos denunciaron y rechazaron ayer de manera en\u00e9rgica en un comunicado la incursi\u00f3n ilegal de las aeronaves estadounidenses.<\/p>\n\n\n\n<figure class=\"wp-block-image\"><img decoding=\"async\" src=\"https:\/\/www.prensa-latina.cu\/wp-content\/uploads\/2025\/10\/Denuncia1.jpg\" alt=\"\" class=\"wp-image-1641193\"\/><\/figure>\n\n\n\n<p>El texto oficial denunci\u00f3 que la acci\u00f3n \u201cpuso en serio riesgo la seguridad operacional de la aviaci\u00f3n civil y comercial en el Mar Caribe\u201d, y fue avistado por la aerol\u00ednea colombiana Avianca, que se sum\u00f3 a la detecci\u00f3n del Codai.<\/p>\n\n\n\n<p>\u201cEste grave reporte se a\u00f1ade a otras incursiones ilegales similares previamente registradas y ya denunciadas por el Gobierno bolivariano, lo que configura un patr\u00f3n de hostigamiento que no puede ser tolerado\u201d, expres\u00f3.<\/p>\n\n\n\n<p>La Rep\u00fablica Bolivariana exigi\u00f3 al secretario de guerra de Estados Unidos, Pete Hegseth, que \u201ccese de inmediato en su postura temeraria, aventurera y guerrerista, que pretende socavar la zona de paz de Am\u00e9rica Latina y el Caribe y pone en peligro la estabilidad regional\u201d.<\/p>\n\n\n\n<p>El ministro venezolano para la Defensa, general en jefe Vladimir Padrino, denunci\u00f3 tambi\u00e9n ayer el acoso y amenaza militar de Estados Unidos sobre el pueblo de Venezuela.<\/p>\n\n\n\n<p>En un balance de las operaciones que realiza en la actualidad la Fuerza Armada Nacional Bolivariana y su comando Estrat\u00e9gico Operacional en el territorio nacional, Padrino asegur\u00f3 que Venezuela quiere la paz y tranquilidad.<\/p>\n\n\n\n<p>\u201cEso no intimida al pueblo venezolano\u201d, afirm\u00f3 el alto mando en referencia a las maniobras provocadores de Estados Unidos.<\/p>\n\n\n\n<p>ro\/jcd<\/p>\n\n\n\n<ul class=\"wp-block-list\">\n<li>#<a href=\"https:\/\/www.prensa-latina.cu\/etiqueta\/caribe\/\">Caribe<\/a>\u00a0#<a href=\"https:\/\/www.prensa-latina.cu\/etiqueta\/eeuu\/\">eeuu<\/a>\u00a0#<a href=\"https:\/\/www.prensa-latina.cu\/etiqueta\/onu\/\">ONU<\/a>\u00a0#<a href=\"https:\/\/www.prensa-latina.cu\/etiqueta\/rusia\/\">Rusia<\/a>\u00a0#<a href=\"https:\/\/www.prensa-latina.cu\/etiqueta\/vasily-alekseyevich\/\">Vasily Alekseyevich<\/a>\u00a0#<a href=\"https:\/\/www.prensa-latina.cu\/etiqueta\/venezuela\/\">Venezuela<\/a><\/li>\n<\/ul>\n","protected":false},"excerpt":{"rendered":"<p>Caracas, 3 oct (Prensa Latina) Venezuela entreg\u00f3 hoy al presidente del Consejo de Seguridad de la ONU y embajador ruso en esa instancia, Vasily Alekseyevich Nebenzya, una denuncia sobre la incursi\u00f3n ilegal de aviones de combate estadounidenses pr\u00f3ximo a las costas venezolanas. Cinco aeronaves F-35, asentadas en Puerto Rico como parte del despliegue militar de [&hellip;]<\/p>\n","protected":false},"author":2,"featured_media":641695,"comment_status":"closed","ping_status":"closed","sticky":false,"template":"","format":"standard","meta":{"footnotes":""},"categories":[23,27],"tags":[],"class_list":["post-641694","post","type-post","status-publish","format-standard","has-post-thumbnail","hentry","category-internacional","category-portada"],"_links":{"self":[{"href":"https:\/\/diariodominicano.com\/index.php?rest_route=\/wp\/v2\/posts\/641694","targetHints":{"allow":["GET"]}}],"collection":[{"href":"https:\/\/diariodominicano.com\/index.php?rest_route=\/wp\/v2\/posts"}],"about":[{"href":"https:\/\/diariodominicano.com\/index.php?rest_route=\/wp\/v2\/types\/post"}],"author":[{"embeddable":true,"href":"https:\/\/diariodominicano.com\/index.php?rest_route=\/wp\/v2\/users\/2"}],"replies":[{"embeddable":true,"href":"https:\/\/diariodominicano.com\/index.php?rest_route=%2Fwp%2Fv2%2Fcomments&post=641694"}],"version-history":[{"count":1,"href":"https:\/\/diariodominicano.com\/index.php?rest_route=\/wp\/v2\/posts\/641694\/revisions"}],"predecessor-version":[{"id":641696,"href":"https:\/\/diariodominicano.com\/index.php?rest_route=\/wp\/v2\/posts\/641694\/revisions\/641696"}],"wp:featuredmedia":[{"embeddable":true,"href":"https:\/\/diariodominicano.com\/index.php?rest_route=\/wp\/v2\/media\/641695"}],"wp:attachment":[{"href":"https:\/\/diariodominicano.com\/index.php?rest_route=%2Fwp%2Fv2%2Fmedia&parent=641694"}],"wp:term":[{"taxonomy":"category","embeddable":true,"href":"https:\/\/diariodominicano.com\/index.php?rest_route=%2Fwp%2Fv2%2Fcategories&post=641694"},{"taxonomy":"post_tag","embeddable":true,"href":"https:\/\/diariodominicano.com\/index.php?rest_route=%2Fwp%2Fv2%2Ftags&post=641694"}],"curies":[{"name":"wp","href":"https:\/\/api.w.org\/{rel}","templated":true}]}}