{"id":641691,"date":"2025-10-04T00:41:17","date_gmt":"2025-10-04T04:41:17","guid":{"rendered":"https:\/\/diariodominicano.com\/?p=641691"},"modified":"2025-10-04T00:41:22","modified_gmt":"2025-10-04T04:41:22","slug":"denuncian-183-abusos-de-derechos-en-12-dias-de-protestas-en-ecuador","status":"publish","type":"post","link":"https:\/\/diariodominicano.com\/?p=641691","title":{"rendered":"Denuncian 183 abusos de derechos en 12 d\u00edas de protestas en Ecuador"},"content":{"rendered":"\n<p>Quito, 3 oct (Prensa Latina) Con v\u00edas cerradas en la sierra ecuatoriana y manifestaciones en algunas ciudades del pa\u00eds, el paro nacional convocado por el movimiento ind\u00edgena de Ecuador llega hoy a su decimosegundo d\u00eda, con reportes de 183 vulneraciones de derechos humanos.<\/p>\n\n\n\n<ul class=\"wp-block-list\">\n<li><a href=\"https:\/\/www.prensa-latina.cu\/2025\/10\/03\/\"><time>octubre 3, 2025 | 12:39<\/time><\/a><\/li>\n<\/ul>\n\n\n\n<ul class=\"wp-block-list\">\n<li><a href=\"https:\/\/www.prensa-latina.cu\/2025\/10\/03\/denuncian-183-abusos-de-derechos-en-12-dias-de-protestas-en-ecuador\/#\"><\/a><\/li>\n\n\n\n<li><a href=\"https:\/\/www.prensa-latina.cu\/2025\/10\/03\/denuncian-183-abusos-de-derechos-en-12-dias-de-protestas-en-ecuador\/#\"><\/a><\/li>\n\n\n\n<li><a href=\"https:\/\/www.prensa-latina.cu\/2025\/10\/03\/denuncian-183-abusos-de-derechos-en-12-dias-de-protestas-en-ecuador\/#\"><\/a><\/li>\n\n\n\n<li><a href=\"https:\/\/www.prensa-latina.cu\/2025\/10\/03\/denuncian-183-abusos-de-derechos-en-12-dias-de-protestas-en-ecuador\/#\"><\/a><\/li>\n<\/ul>\n\n\n\n<p>La Alianza de Organizaciones por los Derechos Humanos present\u00f3 este viernes los resultados del monitoreo de los abusos registrados en el contexto del paro nacional.<\/p>\n\n\n\n<p>Vivian Idrovo, coordinadora de esta organizaci\u00f3n, inform\u00f3 que han verificado 183 reportes de abusos de derechos desde el 22 de septiembre hasta el 2 de octubre.<\/p>\n\n\n\n<p>De ese n\u00famero, 90 han ocurrido en Imbabura, 41 en Pichincha, 12 en Cotopaxi, 12 en Azuay, fundamentalmente.<\/p>\n\n\n\n<p>De acuerdo con Idrovo, \u201clas Fuerzas Armadas son las m\u00e1s involucradas en las vulneraciones de derechos humanos\u201d durante las movilizaciones.<\/p>\n\n\n\n<p>\u201cNuestro compa\u00f1ero, Efra\u00edn Fuerez, fue v\u00edctima de una ejecuci\u00f3n extrajudicial. Su muerte no fue un hecho aislado\u00bb, afirm\u00f3 Martha Tuquerres, presidenta de la Uni\u00f3n de Organizaciones Campesinas Ind\u00edgenas de Cotacachi (Unocar).<\/p>\n\n\n\n<p>La dirigente rechaz\u00f3 las acusaciones del Ejecutivo de que quienes salen a las calles son terroristas o tienen v\u00ednculos con el crimen organizado.<\/p>\n\n\n\n<p>\u201cEl mensaje internacional es que somos comuneros, agricultores, madres, pero no somos terroristas. Los terroristas son los que est\u00e1n armados (\u2026) nuestra lucha por la vida, por la dignidad y respeto de nuestros territorios contin\u00faa y continuar\u00e1\u201d, afirm\u00f3 Tuquerres.<\/p>\n\n\n\n<p>Sobre la retenci\u00f3n de militares, que ya fueron liberados, coment\u00f3 que los hallaron dentro de jurisdicciones territoriales comunitarias y les ofrecieron alimentos y atenci\u00f3n m\u00e9dica porque presentaban heridas producto del enfrentamiento.<\/p>\n\n\n\n<p>La Confederaci\u00f3n de Nacionalidades Ind\u00edgenas (Conaie) ratific\u00f3 este jueves la permanencia de las acciones de protesta contra medidas del Gobierno de Daniel Noboa, en particular el aumento del precio del di\u00e9sel tras la eliminaci\u00f3n del subsidio a ese combustible.<\/p>\n\n\n\n<p>En medio de llamados al di\u00e1logo por parte de universidades, la iglesia cat\u00f3lica y organismos internacionales como la ONU, la vicepresidenta de la Conaie, Ercilia Casta\u00f1eda, confirm\u00f3 que no han existido acercamientos con el Gobierno.<\/p>\n\n\n\n<p>Esta ma\u00f1ana, en entrevista con el canal local Teleamazonas, Casta\u00f1eda a\u00f1adi\u00f3 que se conformar\u00e1 una comisi\u00f3n de seguridad para impedir la presencia de infiltrados que estar\u00edan detr\u00e1s de los actos de violencia en las protestas.<\/p>\n\n\n\n<p>Luego de que el di\u00e9sel pas\u00f3 de 1,80 a 2,80 d\u00f3lares por gal\u00f3n, productos de primera necesidad registran valores m\u00e1s altos en mercados de la capital, en parte por el aumento de los fletes de los camiones de carga.<\/p>\n\n\n\n<p>El Gobierno -que asegura que ha diminuido el contrabando del combustible tras la medida- ofrece bonos de compensaci\u00f3n, pero eso s\u00f3lo durar\u00e1 unos meses.<\/p>\n\n\n\n<p>Por ahora, el Ejecutivo mantiene su postura sobre el paro, que ha sido no negociar y no retroceder en el fin de la subvenci\u00f3n.<\/p>\n\n\n\n<p>La provincia de Imbabura, en la zona norte del pa\u00eds, sigue como epicentro de la resistencia, carreteras de ese territorio siguen bloqueadas y en ciudades como Ibarra, Otavalo y Cotacachi, las actividades comerciales han disminuido su ritmo.<\/p>\n\n\n\n<p>ro\/avr<\/p>\n\n\n\n<ul class=\"wp-block-list\">\n<li>#<a href=\"https:\/\/www.prensa-latina.cu\/etiqueta\/conaie\/\">Conaie<\/a>\u00a0#<a href=\"https:\/\/www.prensa-latina.cu\/etiqueta\/ecuador\/\">Ecuador<\/a>\u00a0#<a href=\"https:\/\/www.prensa-latina.cu\/etiqueta\/protestas\/\">protestas<\/a>\u00a0#<a href=\"https:\/\/www.prensa-latina.cu\/etiqueta\/subsidio\/\">subsidio<\/a><\/li>\n<\/ul>\n","protected":false},"excerpt":{"rendered":"<p>Quito, 3 oct (Prensa Latina) Con v\u00edas cerradas en la sierra ecuatoriana y manifestaciones en algunas ciudades del pa\u00eds, el paro nacional convocado por el movimiento ind\u00edgena de Ecuador llega hoy a su decimosegundo d\u00eda, con reportes de 183 vulneraciones de derechos humanos. La Alianza de Organizaciones por los Derechos Humanos present\u00f3 este viernes los [&hellip;]<\/p>\n","protected":false},"author":2,"featured_media":641692,"comment_status":"closed","ping_status":"closed","sticky":false,"template":"","format":"standard","meta":{"footnotes":""},"categories":[23],"tags":[],"class_list":["post-641691","post","type-post","status-publish","format-standard","has-post-thumbnail","hentry","category-internacional"],"_links":{"self":[{"href":"https:\/\/diariodominicano.com\/index.php?rest_route=\/wp\/v2\/posts\/641691","targetHints":{"allow":["GET"]}}],"collection":[{"href":"https:\/\/diariodominicano.com\/index.php?rest_route=\/wp\/v2\/posts"}],"about":[{"href":"https:\/\/diariodominicano.com\/index.php?rest_route=\/wp\/v2\/types\/post"}],"author":[{"embeddable":true,"href":"https:\/\/diariodominicano.com\/index.php?rest_route=\/wp\/v2\/users\/2"}],"replies":[{"embeddable":true,"href":"https:\/\/diariodominicano.com\/index.php?rest_route=%2Fwp%2Fv2%2Fcomments&post=641691"}],"version-history":[{"count":1,"href":"https:\/\/diariodominicano.com\/index.php?rest_route=\/wp\/v2\/posts\/641691\/revisions"}],"predecessor-version":[{"id":641693,"href":"https:\/\/diariodominicano.com\/index.php?rest_route=\/wp\/v2\/posts\/641691\/revisions\/641693"}],"wp:featuredmedia":[{"embeddable":true,"href":"https:\/\/diariodominicano.com\/index.php?rest_route=\/wp\/v2\/media\/641692"}],"wp:attachment":[{"href":"https:\/\/diariodominicano.com\/index.php?rest_route=%2Fwp%2Fv2%2Fmedia&parent=641691"}],"wp:term":[{"taxonomy":"category","embeddable":true,"href":"https:\/\/diariodominicano.com\/index.php?rest_route=%2Fwp%2Fv2%2Fcategories&post=641691"},{"taxonomy":"post_tag","embeddable":true,"href":"https:\/\/diariodominicano.com\/index.php?rest_route=%2Fwp%2Fv2%2Ftags&post=641691"}],"curies":[{"name":"wp","href":"https:\/\/api.w.org\/{rel}","templated":true}]}}