{"id":641670,"date":"2025-10-04T00:03:20","date_gmt":"2025-10-04T04:03:20","guid":{"rendered":"https:\/\/diariodominicano.com\/?p=641670"},"modified":"2025-10-04T00:04:16","modified_gmt":"2025-10-04T04:04:16","slug":"en-autismo-y-salud-mental-existe-un-vinculo-real","status":"publish","type":"post","link":"https:\/\/diariodominicano.com\/?p=641670","title":{"rendered":"En Autismo y salud mental existe un v\u00ednculo real"},"content":{"rendered":"\n<p><strong>Por Doctor Ram\u00f3n Ceballo<\/strong><\/p>\n\n\n\n<p>La relaci\u00f3n entre la salud mental y el autismo es un tema cada vez m\u00e1s relevante en el debate m\u00e9dico y social. Las personas con trastorno del espectro autista (TEA) no solo presentan diferencias en el desarrollo neurol\u00f3gico y en la manera de procesar la informaci\u00f3n social y comunicativa, sino que tambi\u00e9n tienen un riesgo mucho mayor de experimentar problemas psicol\u00f3gicos a lo largo de su vida.<\/p>\n\n\n\n<p>La evidencia cient\u00edfica muestra que hasta un 70 % de las personas con TEA presenta al menos un trastorno psiqui\u00e1trico en alg\u00fan momento de su vida. Los m\u00e1s comunes son la ansiedad y la depresi\u00f3n, pero tambi\u00e9n aparecen con frecuencia el trastorno obsesivo-compulsivo (TOC), el d\u00e9ficit de atenci\u00f3n e hiperactividad (TDAH), las fobias espec\u00edficas y los problemas del sue\u00f1o.<\/p>\n\n\n\n<p>Cuando no se atienden de manera oportuna, estas condiciones pueden empeorar significativamente la calidad de vida, afectando la autonom\u00eda y la integraci\u00f3n social.<\/p>\n\n\n\n<p>La relaci\u00f3n entre el autismo y la salud mental es compleja y responde a distintos factores. En el plano&nbsp;<strong>biol\u00f3gico<\/strong>, influyen las alteraciones en la conectividad cerebral, los componentes gen\u00e9ticos y el funcionamiento particular de ciertos neurotransmisores, asociados tanto al espectro autista como a diversos trastornos psiqui\u00e1tricos.<\/p>\n\n\n\n<p>En el \u00e1mbito&nbsp;<strong>social y ambiental<\/strong>, la discriminaci\u00f3n, el acoso escolar y la falta de comprensi\u00f3n en la familia generan un estr\u00e9s constante que puede desencadenar depresi\u00f3n o ansiedad.<\/p>\n\n\n\n<p>A esto se suma la&nbsp;<strong>hipersensibilidad sensorial<\/strong>: para muchas personas con autismo, est\u00edmulos como ruidos intensos, luces brillantes o el contacto f\u00edsico resultan abrumadores y contribuyen a un mayor malestar psicol\u00f3gico.<\/p>\n\n\n\n<p>Uno de los grandes desaf\u00edos es que los s\u00edntomas del autismo y los de los problemas de salud mental a menudo se superponen. El retraimiento social, por ejemplo, puede ser una se\u00f1al de ansiedad, pero tambi\u00e9n parte del propio perfil autista.<\/p>\n\n\n\n<p>Esto provoca un riesgo doble: sobre diagn\u00f3stico en algunos casos o subdiagn\u00f3stico en otros, lo que retrasa la identificaci\u00f3n y el tratamiento adecuados.<\/p>\n\n\n\n<p>El abordaje de la salud mental en personas con autismo debe ser individualizado y adaptado a su estilo cognitivo y comunicativo. La terapia cognitivo-conductual ajustada al TEA, la psicoeducaci\u00f3n familiar y la terapia ocupacional han demostrado ser \u00fatiles.<\/p>\n\n\n\n<p>Adem\u00e1s, el acceso temprano a apoyo psicol\u00f3gico y psiqui\u00e1trico es fundamental para reducir complicaciones, mejorar el bienestar y favorecer la inclusi\u00f3n social.<\/p>\n\n\n\n<p>El autismo no es un trastorno de salud mental, sino un trastorno del neurodesarrollo. Sin embargo, quienes se encuentran dentro del espectro presentan una vulnerabilidad mucho mayor a desarrollar problemas psiqui\u00e1tricos y emocionales.<\/p>\n\n\n\n<p>Reconocer esta realidad y ofrecer una atenci\u00f3n integral es clave para garantizar no solo el bienestar individual, sino tambi\u00e9n la plena participaci\u00f3n de las personas con TEA en la sociedad.<\/p>\n\n\n\n<p>Ramon Ceballo<\/p>\n\n\n\n<p><a href=\"mailto:raceballo@yahoo.com\" target=\"_blank\" rel=\"noreferrer noopener\">raceballo@yahoo.com<\/a><\/p>\n\n\n\n<p>#salud mental<\/p>\n","protected":false},"excerpt":{"rendered":"<p>Por Doctor Ram\u00f3n Ceballo La relaci\u00f3n entre la salud mental y el autismo es un tema cada vez m\u00e1s relevante en el debate m\u00e9dico y social. Las personas con trastorno del espectro autista (TEA) no solo presentan diferencias en el desarrollo neurol\u00f3gico y en la manera de procesar la informaci\u00f3n social y comunicativa, sino que [&hellip;]<\/p>\n","protected":false},"author":2,"featured_media":641671,"comment_status":"closed","ping_status":"closed","sticky":false,"template":"","format":"standard","meta":{"footnotes":""},"categories":[19,16],"tags":[],"class_list":["post-641670","post","type-post","status-publish","format-standard","has-post-thumbnail","hentry","category-mi-voz","category-opiniones"],"_links":{"self":[{"href":"https:\/\/diariodominicano.com\/index.php?rest_route=\/wp\/v2\/posts\/641670","targetHints":{"allow":["GET"]}}],"collection":[{"href":"https:\/\/diariodominicano.com\/index.php?rest_route=\/wp\/v2\/posts"}],"about":[{"href":"https:\/\/diariodominicano.com\/index.php?rest_route=\/wp\/v2\/types\/post"}],"author":[{"embeddable":true,"href":"https:\/\/diariodominicano.com\/index.php?rest_route=\/wp\/v2\/users\/2"}],"replies":[{"embeddable":true,"href":"https:\/\/diariodominicano.com\/index.php?rest_route=%2Fwp%2Fv2%2Fcomments&post=641670"}],"version-history":[{"count":2,"href":"https:\/\/diariodominicano.com\/index.php?rest_route=\/wp\/v2\/posts\/641670\/revisions"}],"predecessor-version":[{"id":641675,"href":"https:\/\/diariodominicano.com\/index.php?rest_route=\/wp\/v2\/posts\/641670\/revisions\/641675"}],"wp:featuredmedia":[{"embeddable":true,"href":"https:\/\/diariodominicano.com\/index.php?rest_route=\/wp\/v2\/media\/641671"}],"wp:attachment":[{"href":"https:\/\/diariodominicano.com\/index.php?rest_route=%2Fwp%2Fv2%2Fmedia&parent=641670"}],"wp:term":[{"taxonomy":"category","embeddable":true,"href":"https:\/\/diariodominicano.com\/index.php?rest_route=%2Fwp%2Fv2%2Fcategories&post=641670"},{"taxonomy":"post_tag","embeddable":true,"href":"https:\/\/diariodominicano.com\/index.php?rest_route=%2Fwp%2Fv2%2Ftags&post=641670"}],"curies":[{"name":"wp","href":"https:\/\/api.w.org\/{rel}","templated":true}]}}