{"id":641530,"date":"2025-10-03T11:20:06","date_gmt":"2025-10-03T15:20:06","guid":{"rendered":"https:\/\/diariodominicano.com\/?p=641530"},"modified":"2025-10-03T11:20:15","modified_gmt":"2025-10-03T15:20:15","slug":"raul-acosta-presenta-oficialmente-en-manhattan-su-partido-diaspora-primero-dp","status":"publish","type":"post","link":"https:\/\/diariodominicano.com\/?p=641530","title":{"rendered":"Ra\u00fal Acosta presenta oficialmente en Manhattan su \u00abPartido Di\u00e1spora Primero\u00bb (DP)"},"content":{"rendered":"\n<p><strong>Por Ram\u00f3n Mercedes<\/strong><\/p>\n\n\n\n<p><strong>NUEVA YORK.-&nbsp;<\/strong>La nueva organizaci\u00f3n pol\u00edtica dominicana en Estados Unidos \u00abPartido Di\u00e1spora Primero\u00bb (DP), que dirige el reconocido artista Ra\u00fal Acosta, fue presentada oficialmente este mi\u00e9rcoles en un reconocido club de diversi\u00f3n en Midtown Manhattan, ante la presencia de l\u00edderes y activistas comunitarios, empresarios, periodistas y pol\u00edticos de otras organizaciones.<\/p>\n\n\n\n<p>Durante su discurso, el artista quisqueyano establecidos en USA, expreso que DP tiene como prop\u00f3sito unir a las di\u00e1sporas a trav\u00e9s de la colaboraci\u00f3n de organizaciones sin fines de lucro, desfiles, instituciones religiosas y partidos pol\u00edticos en todo el exterior con el objetivo de empoderar y fortalecer a la comunidad migrantes.<\/p>\n\n\n\n<p>\u00abDP\u00bb es un compromiso con nuestra gente, queremos que cada migrante se sienta parte de una gran familia que lo apoya, lo impulsa y le recuerda que no est\u00e1 solo en su camino, expres\u00f3 Acosta.<\/p>\n\n\n\n<p>Destac\u00f3 que la \u00abdi\u00e1spora no solo aporta mano de obra y talento, tambi\u00e9n cultura, valores y un puente de entendimiento entre pa\u00edses\u00bb. \u00abSomos embajadores de nuestras ra\u00edces, y con DP vamos a demostrar la fuerza de nuestra uni\u00f3n\u201d, afirm\u00f3.<\/p>\n\n\n\n<p>Tambi\u00e9n hablaron la l\u00edder comunitaria Elida Almonte; el presidente del Club Republicano Dominico-Americano, el ex oficial de NYPD, el dominicano Sammy Ravelo; la presidenta del Instituto Duartiano en NYC, Daysi Cabrera; el representante del Partido Esperanza Democr\u00e1tica (PED), Junior Betances; la escritora Shery Olivo; y artistas de diferentes g\u00e9neros musicales, entre otros representantes de la comunidad quisqueyana.<\/p>\n\n\n\n<p>Por su parte, Almonte subray\u00f3 \u00abla importancia de contar con espacios de articulaci\u00f3n y liderazgo que amplifiquen la voz de los inmigrantes\u00bb. \u00abEste partido nace para darle poder a nuestra gente, para abrir puertas y generar oportunidades de desarrollo comunitario, pol\u00edtico y cultural\u201d, sostuvo.<\/p>\n\n\n\n<p>Se\u00f1al\u00f3 que la di\u00e1spora enfrenta retos que van desde la discriminaci\u00f3n hasta la falta de representaci\u00f3n, y que \u00abDP\u00bb se convertir\u00e1 en un espacio de unidad para canalizar propuestas, proyectos y soluciones a favor de la comunidad\u00bb.<\/p>\n\n\n\n<p>Con este lanzamiento, \u00abDP\u00bb inicia una nueva etapa de trabajo colectivo en la que la colaboraci\u00f3n entre l\u00edderes, artistas, instituciones y la comunidad migrante ser\u00e1 clave para construir un partido internacional que promueva la unidad, participaci\u00f3n y el progreso de la di\u00e1spora, proclam\u00f3 Ravelo.<\/p>\n\n\n\n<p>Durante el encuentro, los asistentes pudieron apreciar un despliegue de m\u00fasica, banderas y tradiciones, poniendo de manifiesto la riqueza multicultural que caracteriza a las comunidades que conforman las di\u00e1sporas en el exterior.<\/p>\n\n\n\n<p>El evento tambi\u00e9n cont\u00f3 con la participaci\u00f3n art\u00edstica como Shany Brawn, Kirliana Ramos, Mariano Cersa \u201cLa Voz de M\u00e9xico\u201d, Micky Torres en merengue, Eddy Eddy en bachata y F\u00e9lix Rodr\u00edguez \u2018El Mariachi\u2019, quienes pusieron el sello musical a la celebraci\u00f3n.<\/p>\n\n\n\n<p>\u00abDi\u00e1spora Primero\u00bb une culturas, pa\u00edses y corazones en NY\u00bb, fue el lema que se repiti\u00f3 durante el evento, dejando en claro que el proyecto busca ser un referente de integraci\u00f3n y orgullo dominicano.<\/p>\n\n\n\n<p>La actividad estuvo respaldada por World News en espa\u00f1ol; CNS Continental News Show; Copa Cabana; FTV Festiva TV; NY Visi\u00f3n y ACME Cable; entre otros aliados medi\u00e1ticos que reconocieron la relevancia de la iniciativa.<\/p>\n\n\n\n<p>Con este lanzamiento, \u00abDP\u00bb inicia una nueva etapa de trabajo colectivo en la que la colaboraci\u00f3n entre l\u00edderes, artistas, instituciones y la comunidad migrante ser\u00e1 clave para construir un partido internacional que promueva la unidad, participaci\u00f3n y el progreso de la di\u00e1spora.<\/p>\n\n\n\n<p>El lanzamiento tuvo lugar la noche de este mi\u00e9rcoles en el antiguo Copa Cabana, ubicado en el 625 W de la calle 51 en Manhattan, donde se dieron cita l\u00edderes comunitarios, artistas y representantes de diversas nacionalidades en un ambiente de hermandad y celebraci\u00f3n cultural.<\/p>\n","protected":false},"excerpt":{"rendered":"<p>Por Ram\u00f3n Mercedes NUEVA YORK.-&nbsp;La nueva organizaci\u00f3n pol\u00edtica dominicana en Estados Unidos \u00abPartido Di\u00e1spora Primero\u00bb (DP), que dirige el reconocido artista Ra\u00fal Acosta, fue presentada oficialmente este mi\u00e9rcoles en un reconocido club de diversi\u00f3n en Midtown Manhattan, ante la presencia de l\u00edderes y activistas comunitarios, empresarios, periodistas y pol\u00edticos de otras organizaciones. Durante su discurso, [&hellip;]<\/p>\n","protected":false},"author":2,"featured_media":641531,"comment_status":"closed","ping_status":"closed","sticky":false,"template":"","format":"standard","meta":{"footnotes":""},"categories":[22,27],"tags":[],"class_list":["post-641530","post","type-post","status-publish","format-standard","has-post-thumbnail","hentry","category-politica","category-portada"],"_links":{"self":[{"href":"https:\/\/diariodominicano.com\/index.php?rest_route=\/wp\/v2\/posts\/641530","targetHints":{"allow":["GET"]}}],"collection":[{"href":"https:\/\/diariodominicano.com\/index.php?rest_route=\/wp\/v2\/posts"}],"about":[{"href":"https:\/\/diariodominicano.com\/index.php?rest_route=\/wp\/v2\/types\/post"}],"author":[{"embeddable":true,"href":"https:\/\/diariodominicano.com\/index.php?rest_route=\/wp\/v2\/users\/2"}],"replies":[{"embeddable":true,"href":"https:\/\/diariodominicano.com\/index.php?rest_route=%2Fwp%2Fv2%2Fcomments&post=641530"}],"version-history":[{"count":1,"href":"https:\/\/diariodominicano.com\/index.php?rest_route=\/wp\/v2\/posts\/641530\/revisions"}],"predecessor-version":[{"id":641532,"href":"https:\/\/diariodominicano.com\/index.php?rest_route=\/wp\/v2\/posts\/641530\/revisions\/641532"}],"wp:featuredmedia":[{"embeddable":true,"href":"https:\/\/diariodominicano.com\/index.php?rest_route=\/wp\/v2\/media\/641531"}],"wp:attachment":[{"href":"https:\/\/diariodominicano.com\/index.php?rest_route=%2Fwp%2Fv2%2Fmedia&parent=641530"}],"wp:term":[{"taxonomy":"category","embeddable":true,"href":"https:\/\/diariodominicano.com\/index.php?rest_route=%2Fwp%2Fv2%2Fcategories&post=641530"},{"taxonomy":"post_tag","embeddable":true,"href":"https:\/\/diariodominicano.com\/index.php?rest_route=%2Fwp%2Fv2%2Ftags&post=641530"}],"curies":[{"name":"wp","href":"https:\/\/api.w.org\/{rel}","templated":true}]}}