{"id":641514,"date":"2025-10-03T11:08:37","date_gmt":"2025-10-03T15:08:37","guid":{"rendered":"https:\/\/diariodominicano.com\/?p=641514"},"modified":"2025-10-03T11:13:43","modified_gmt":"2025-10-03T15:13:43","slug":"miembros-y-dirigentes-del-pld-ofrecen-el-ultimo-adios-a-yomer-minaya-miembro-del-cc-quien-fallecio-el-pasado-miercoles","status":"publish","type":"post","link":"https:\/\/diariodominicano.com\/?p=641514","title":{"rendered":"Miembros y dirigentes del PLD\u00a0ofrecen el \u00faltimo adi\u00f3s a\u00a0Yomer Minaya, miembro del CC,\u00a0quien falleci\u00f3 el pasado mi\u00e9rcoles"},"content":{"rendered":"\n<p>El expresidente de la Rep\u00fablica, Danilo Medina, presidente del Partido de la Liberaci\u00f3n Dominicana (PLD), de forma conjunta con miembros del Comit\u00e9 Pol\u00edtico y la direcci\u00f3n del Partido en el municipio Santo Domingo Oeste asistieron al velatorio del dirigente de la organizaci\u00f3n,&nbsp;<strong>Yomer Minaya<\/strong>, quien falleci\u00f3 en hora de la ma\u00f1ana del pasado mi\u00e9rcoles 1 de octubre.&nbsp;<\/p>\n\n\n\n<figure class=\"wp-block-image size-large\"><img loading=\"lazy\" decoding=\"async\" width=\"894\" height=\"1024\" src=\"https:\/\/diariodominicano.com\/wp-content\/uploads\/2025\/10\/Danilo-pesame-Imagen-1-894x1024.jpeg\" alt=\"\" class=\"wp-image-641516\" srcset=\"https:\/\/diariodominicano.com\/wp-content\/uploads\/2025\/10\/Danilo-pesame-Imagen-1-894x1024.jpeg 894w, https:\/\/diariodominicano.com\/wp-content\/uploads\/2025\/10\/Danilo-pesame-Imagen-1-262x300.jpeg 262w, https:\/\/diariodominicano.com\/wp-content\/uploads\/2025\/10\/Danilo-pesame-Imagen-1-768x879.jpeg 768w, https:\/\/diariodominicano.com\/wp-content\/uploads\/2025\/10\/Danilo-pesame-Imagen-1-816x934.jpeg 816w, https:\/\/diariodominicano.com\/wp-content\/uploads\/2025\/10\/Danilo-pesame-Imagen-1.jpeg 1118w\" sizes=\"auto, (max-width: 894px) 100vw, 894px\" \/><\/figure>\n\n\n\n<p>Desde el mediod\u00eda del jueves 2 octubre, Minaya es velado en la Funeraria Blandino en Herrera por donde han desfilado los integrantes de la direcci\u00f3n del PLD expresando su pesar a sus familiares y tributando su respeto mediante Guardia de Honor.<\/p>\n\n\n\n<figure class=\"wp-block-image size-large\"><img loading=\"lazy\" decoding=\"async\" width=\"1024\" height=\"710\" src=\"https:\/\/diariodominicano.com\/wp-content\/uploads\/2025\/10\/Imagen-2-1024x710.jpeg\" alt=\"\" class=\"wp-image-641518\" srcset=\"https:\/\/diariodominicano.com\/wp-content\/uploads\/2025\/10\/Imagen-2-1024x710.jpeg 1024w, https:\/\/diariodominicano.com\/wp-content\/uploads\/2025\/10\/Imagen-2-300x208.jpeg 300w, https:\/\/diariodominicano.com\/wp-content\/uploads\/2025\/10\/Imagen-2-768x532.jpeg 768w, https:\/\/diariodominicano.com\/wp-content\/uploads\/2025\/10\/Imagen-2-816x565.jpeg 816w, https:\/\/diariodominicano.com\/wp-content\/uploads\/2025\/10\/Imagen-2.jpeg 1280w\" sizes=\"auto, (max-width: 1024px) 100vw, 1024px\" \/><\/figure>\n\n\n\n<figure class=\"wp-block-image size-large\"><img loading=\"lazy\" decoding=\"async\" width=\"1024\" height=\"680\" src=\"https:\/\/diariodominicano.com\/wp-content\/uploads\/2025\/10\/Imagen-4-1024x680.jpeg\" alt=\"\" class=\"wp-image-641522\" srcset=\"https:\/\/diariodominicano.com\/wp-content\/uploads\/2025\/10\/Imagen-4-1024x680.jpeg 1024w, https:\/\/diariodominicano.com\/wp-content\/uploads\/2025\/10\/Imagen-4-300x199.jpeg 300w, https:\/\/diariodominicano.com\/wp-content\/uploads\/2025\/10\/Imagen-4-768x510.jpeg 768w, https:\/\/diariodominicano.com\/wp-content\/uploads\/2025\/10\/Imagen-4-816x542.jpeg 816w, https:\/\/diariodominicano.com\/wp-content\/uploads\/2025\/10\/Imagen-4.jpeg 1255w\" sizes=\"auto, (max-width: 1024px) 100vw, 1024px\" \/><\/figure>\n\n\n\n<p>Desde el mismo momento de inici\u00f3 del velatorio, los miembros y dirigentes del PLD, familiares, amigos y vecinos, entraron a la capilla de la Funeraria Blandino, primero presentando su pesar a los familiares y luego con la Guardia de Honor.<\/p>\n\n\n\n<figure class=\"wp-block-image size-large\"><img loading=\"lazy\" decoding=\"async\" width=\"1024\" height=\"733\" src=\"https:\/\/diariodominicano.com\/wp-content\/uploads\/2025\/10\/Imagen-6-1-1024x733.jpeg\" alt=\"\" class=\"wp-image-641520\" srcset=\"https:\/\/diariodominicano.com\/wp-content\/uploads\/2025\/10\/Imagen-6-1-1024x733.jpeg 1024w, https:\/\/diariodominicano.com\/wp-content\/uploads\/2025\/10\/Imagen-6-1-300x215.jpeg 300w, https:\/\/diariodominicano.com\/wp-content\/uploads\/2025\/10\/Imagen-6-1-768x550.jpeg 768w, https:\/\/diariodominicano.com\/wp-content\/uploads\/2025\/10\/Imagen-6-1-816x584.jpeg 816w, https:\/\/diariodominicano.com\/wp-content\/uploads\/2025\/10\/Imagen-6-1.jpeg 1035w\" sizes=\"auto, (max-width: 1024px) 100vw, 1024px\" \/><\/figure>\n\n\n\n<p>En el velatorio se confirm\u00f3 que el acto de sepelio se efectuar\u00e1 en el Cementerio Cristo Redentor, este viernes 3 de octubre a partir del mediod\u00eda.<\/p>\n\n\n\n<figure class=\"wp-block-image size-large\"><img loading=\"lazy\" decoding=\"async\" width=\"1024\" height=\"758\" src=\"https:\/\/diariodominicano.com\/wp-content\/uploads\/2025\/10\/Imagen-5-1024x758.jpeg\" alt=\"\" class=\"wp-image-641521\" srcset=\"https:\/\/diariodominicano.com\/wp-content\/uploads\/2025\/10\/Imagen-5-1024x758.jpeg 1024w, https:\/\/diariodominicano.com\/wp-content\/uploads\/2025\/10\/Imagen-5-300x222.jpeg 300w, https:\/\/diariodominicano.com\/wp-content\/uploads\/2025\/10\/Imagen-5-768x568.jpeg 768w, https:\/\/diariodominicano.com\/wp-content\/uploads\/2025\/10\/Imagen-5-816x604.jpeg 816w, https:\/\/diariodominicano.com\/wp-content\/uploads\/2025\/10\/Imagen-5.jpeg 1170w\" sizes=\"auto, (max-width: 1024px) 100vw, 1024px\" \/><\/figure>\n\n\n\n<p>Los dirigentes pelede\u00edstas participantes en las honras f\u00fanebres a Yomer Minaya, coincidieron en elogiar su lealtad a la causa pelede\u00edsta, su apego a los principios y normas del PLD, su capacidad de trabajo y compa\u00f1erismo.&nbsp;<\/p>\n\n\n\n<p>QUE DESCANSE EN PAZ.<\/p>\n\n\n\n<p><strong>SECRETAR\u00cdA DE COMUNICACIONES<\/strong><\/p>\n\n\n\n<p><strong>03 DE OCTUBRE, 2025.-<\/strong><\/p>\n","protected":false},"excerpt":{"rendered":"<p>El expresidente de la Rep\u00fablica, Danilo Medina, presidente del Partido de la Liberaci\u00f3n Dominicana (PLD), de forma conjunta con miembros del Comit\u00e9 Pol\u00edtico y la direcci\u00f3n del Partido en el municipio Santo Domingo Oeste asistieron al velatorio del dirigente de la organizaci\u00f3n,&nbsp;Yomer Minaya, quien falleci\u00f3 en hora de la ma\u00f1ana del pasado mi\u00e9rcoles 1 de [&hellip;]<\/p>\n","protected":false},"author":2,"featured_media":641515,"comment_status":"closed","ping_status":"closed","sticky":false,"template":"","format":"standard","meta":{"footnotes":""},"categories":[20,22],"tags":[],"class_list":["post-641514","post","type-post","status-publish","format-standard","has-post-thumbnail","hentry","category-dominicana-hoy","category-politica"],"_links":{"self":[{"href":"https:\/\/diariodominicano.com\/index.php?rest_route=\/wp\/v2\/posts\/641514","targetHints":{"allow":["GET"]}}],"collection":[{"href":"https:\/\/diariodominicano.com\/index.php?rest_route=\/wp\/v2\/posts"}],"about":[{"href":"https:\/\/diariodominicano.com\/index.php?rest_route=\/wp\/v2\/types\/post"}],"author":[{"embeddable":true,"href":"https:\/\/diariodominicano.com\/index.php?rest_route=\/wp\/v2\/users\/2"}],"replies":[{"embeddable":true,"href":"https:\/\/diariodominicano.com\/index.php?rest_route=%2Fwp%2Fv2%2Fcomments&post=641514"}],"version-history":[{"count":2,"href":"https:\/\/diariodominicano.com\/index.php?rest_route=\/wp\/v2\/posts\/641514\/revisions"}],"predecessor-version":[{"id":641523,"href":"https:\/\/diariodominicano.com\/index.php?rest_route=\/wp\/v2\/posts\/641514\/revisions\/641523"}],"wp:featuredmedia":[{"embeddable":true,"href":"https:\/\/diariodominicano.com\/index.php?rest_route=\/wp\/v2\/media\/641515"}],"wp:attachment":[{"href":"https:\/\/diariodominicano.com\/index.php?rest_route=%2Fwp%2Fv2%2Fmedia&parent=641514"}],"wp:term":[{"taxonomy":"category","embeddable":true,"href":"https:\/\/diariodominicano.com\/index.php?rest_route=%2Fwp%2Fv2%2Fcategories&post=641514"},{"taxonomy":"post_tag","embeddable":true,"href":"https:\/\/diariodominicano.com\/index.php?rest_route=%2Fwp%2Fv2%2Ftags&post=641514"}],"curies":[{"name":"wp","href":"https:\/\/api.w.org\/{rel}","templated":true}]}}