{"id":641461,"date":"2025-10-03T00:50:28","date_gmt":"2025-10-03T04:50:28","guid":{"rendered":"https:\/\/diariodominicano.com\/?p=641461"},"modified":"2025-10-03T00:50:33","modified_gmt":"2025-10-03T04:50:33","slug":"barco-de-la-flotilla-humanitaria-rompio-bloqueo-israeli","status":"publish","type":"post","link":"https:\/\/diariodominicano.com\/?p=641461","title":{"rendered":"Barco de la flotilla humanitaria rompi\u00f3 bloqueo israel\u00ed"},"content":{"rendered":"\n<p>Atenas, 2 oct (Prensa Latina) El sitio oficial de la Flotilla Global Sumud report\u00f3 hoy que al menos un navio del convoy burl\u00f3 el bloqueo naval israel\u00ed y entr\u00f3 en aguas territoriales de Palestina.<\/p>\n\n\n\n<ul class=\"wp-block-list\">\n<li><a href=\"https:\/\/www.prensa-latina.cu\/2025\/10\/02\/\"><time>octubre 2, 2025 | 15:50<\/time><\/a><\/li>\n<\/ul>\n\n\n\n<ul class=\"wp-block-list\">\n<li><a href=\"https:\/\/www.prensa-latina.cu\/2025\/10\/02\/barco-de-la-flotilla-humanitaria-rompio-bloqueo-israeli\/#\"><\/a><\/li>\n\n\n\n<li><a href=\"https:\/\/www.prensa-latina.cu\/2025\/10\/02\/barco-de-la-flotilla-humanitaria-rompio-bloqueo-israeli\/#\"><\/a><\/li>\n\n\n\n<li><a href=\"https:\/\/www.prensa-latina.cu\/2025\/10\/02\/barco-de-la-flotilla-humanitaria-rompio-bloqueo-israeli\/#\"><\/a><\/li>\n\n\n\n<li><a href=\"https:\/\/www.prensa-latina.cu\/2025\/10\/02\/barco-de-la-flotilla-humanitaria-rompio-bloqueo-israeli\/#\"><\/a><\/li>\n<\/ul>\n\n\n\n<p>Seg\u00fan el reporte, el barco Mikeno con tripulaci\u00f3n internacional navega a unas nueve millas de las costas palestinas, lo que constituye un hecho hist\u00f3rico, pues es la primera vez desde 2010 que miembros de esos esfuerzos humanitarios logran acercarse con su ayuda a los habitantes de Gaza.<\/p>\n\n\n\n<p>El informe agrega adem\u00e1s, que un segundo barco, el Marinette, se dirige hacia Gaza, aunque con retraso por problemas mec\u00e1nicos.<\/p>\n\n\n\n<p>En un despliegue continuo de desaf\u00edo civil, el movimiento de solidaridad con Gaza intensific\u00f3 los esfuerzos, tras un masivo asalto israel\u00ed a la flotilla.<\/p>\n\n\n\n<p>La organizaci\u00f3n Sumud report\u00f3 que, en una operaci\u00f3n de 14 horas, las fuerzas israel\u00edes secuestraron 40 nav\u00edos y 443 tripulantes. Ese acto dej\u00f3 en la incertidumbre el estatus del barco Mikeno, cuya comunicaci\u00f3n se interrumpi\u00f3.<\/p>\n\n\n\n<p>Se conoci\u00f3 tambi\u00e9n que desde el 27 de septiembre, una coalici\u00f3n formada por la Freedom Flotilla y la Thousand Madleens Flotilla reanud\u00f3 la misi\u00f3n y, en este momento, navega frente a las costas de la isla de Creta, y avanza hacia su objetivo, as\u00ed como decenas de embarcaciones partieron desde puertos turcos con activistas en apoyo a la flotilla.<\/p>\n\n\n\n<p>El sitio del convoy asaltado y secuestrado por fuerzas israel\u00edes reconoce que mientras las flotillas ciudadanas desaf\u00edan el bloqueo en el mar, en tierra se libra otra batalla crucial: la de la presi\u00f3n popular y la demanda de justicia.<\/p>\n\n\n\n<p>A\u00f1ade que la solidaridad se expresa as\u00ed en un doble frente: la acci\u00f3n directa en el Mediterr\u00e1neo y una marea de indignaci\u00f3n ciudadana que inunda las calles y presiona a los gobiernos para que se pronuncien.<\/p>\n\n\n\n<p>arc\/ohh<\/p>\n\n\n\n<ul class=\"wp-block-list\">\n<li>#<a href=\"https:\/\/www.prensa-latina.cu\/etiqueta\/flotilla\/\">flotilla<\/a>\u00a0#<a href=\"https:\/\/www.prensa-latina.cu\/etiqueta\/gaza\/\">gaza<\/a>\u00a0#<a href=\"https:\/\/www.prensa-latina.cu\/etiqueta\/solidaridad\/\">solidaridad<\/a><\/li>\n<\/ul>\n","protected":false},"excerpt":{"rendered":"<p>Atenas, 2 oct (Prensa Latina) El sitio oficial de la Flotilla Global Sumud report\u00f3 hoy que al menos un navio del convoy burl\u00f3 el bloqueo naval israel\u00ed y entr\u00f3 en aguas territoriales de Palestina. Seg\u00fan el reporte, el barco Mikeno con tripulaci\u00f3n internacional navega a unas nueve millas de las costas palestinas, lo que constituye [&hellip;]<\/p>\n","protected":false},"author":2,"featured_media":641462,"comment_status":"closed","ping_status":"closed","sticky":false,"template":"","format":"standard","meta":{"footnotes":""},"categories":[23],"tags":[],"class_list":["post-641461","post","type-post","status-publish","format-standard","has-post-thumbnail","hentry","category-internacional"],"_links":{"self":[{"href":"https:\/\/diariodominicano.com\/index.php?rest_route=\/wp\/v2\/posts\/641461","targetHints":{"allow":["GET"]}}],"collection":[{"href":"https:\/\/diariodominicano.com\/index.php?rest_route=\/wp\/v2\/posts"}],"about":[{"href":"https:\/\/diariodominicano.com\/index.php?rest_route=\/wp\/v2\/types\/post"}],"author":[{"embeddable":true,"href":"https:\/\/diariodominicano.com\/index.php?rest_route=\/wp\/v2\/users\/2"}],"replies":[{"embeddable":true,"href":"https:\/\/diariodominicano.com\/index.php?rest_route=%2Fwp%2Fv2%2Fcomments&post=641461"}],"version-history":[{"count":1,"href":"https:\/\/diariodominicano.com\/index.php?rest_route=\/wp\/v2\/posts\/641461\/revisions"}],"predecessor-version":[{"id":641463,"href":"https:\/\/diariodominicano.com\/index.php?rest_route=\/wp\/v2\/posts\/641461\/revisions\/641463"}],"wp:featuredmedia":[{"embeddable":true,"href":"https:\/\/diariodominicano.com\/index.php?rest_route=\/wp\/v2\/media\/641462"}],"wp:attachment":[{"href":"https:\/\/diariodominicano.com\/index.php?rest_route=%2Fwp%2Fv2%2Fmedia&parent=641461"}],"wp:term":[{"taxonomy":"category","embeddable":true,"href":"https:\/\/diariodominicano.com\/index.php?rest_route=%2Fwp%2Fv2%2Fcategories&post=641461"},{"taxonomy":"post_tag","embeddable":true,"href":"https:\/\/diariodominicano.com\/index.php?rest_route=%2Fwp%2Fv2%2Ftags&post=641461"}],"curies":[{"name":"wp","href":"https:\/\/api.w.org\/{rel}","templated":true}]}}