{"id":641341,"date":"2025-10-02T11:47:23","date_gmt":"2025-10-02T15:47:23","guid":{"rendered":"https:\/\/diariodominicano.com\/?p=641341"},"modified":"2025-10-02T11:47:27","modified_gmt":"2025-10-02T15:47:27","slug":"descifrando-el-lio-judicial-por-el-desalojo-en-el-cdp","status":"publish","type":"post","link":"https:\/\/diariodominicano.com\/?p=641341","title":{"rendered":"Descifrando el l\u00edo judicial por el desalojo en el CDP"},"content":{"rendered":"\n<p>Por David R. Lorenzo<\/p>\n\n\n\n<p>Primera parte: el origen del conflicto<\/p>\n\n\n\n<p>La reinstalaci\u00f3n de la Escuela Tur\u00edstica del Caribe en el local del Colegio Dominicano de Periodistas realizada este martes 30 de septiembre del 2025, con la presencia de una jueza de paz, un representante del Ministerio P\u00fablico y agentes policiales ha sido un hecho que ha alarmado a gran parte de los miembros de nuestro gremio profesional.<\/p>\n\n\n\n<figure class=\"wp-block-image size-full\"><img loading=\"lazy\" decoding=\"async\" width=\"640\" height=\"480\" src=\"https:\/\/diariodominicano.com\/wp-content\/uploads\/2025\/10\/Desalojo-CDP.jpg\" alt=\"\" class=\"wp-image-641343\" srcset=\"https:\/\/diariodominicano.com\/wp-content\/uploads\/2025\/10\/Desalojo-CDP.jpg 640w, https:\/\/diariodominicano.com\/wp-content\/uploads\/2025\/10\/Desalojo-CDP-300x225.jpg 300w\" sizes=\"auto, (max-width: 640px) 100vw, 640px\" \/><\/figure>\n\n\n\n<p>Periodistas de varias partes del pa\u00eds &nbsp;me han llamado si el CDP perdi\u00f3 la tercera planta del edificio, la azotea, la cafeter\u00eda y un \u00e1rea de los parqueos, entregados al centro escolar, y les he respondido que no, que todav\u00eda no se ha llegado a ese nivel.<\/p>\n\n\n\n<p>La ocupaci\u00f3n forzada tiene su origen doce a\u00f1os atr\u00e1s, cuando el CDP, representado por su presidente, Aurelio Henr\u00edquez, decidi\u00f3 en fecha 10 de septiembre del 2013, firmar un contrato de alquiler, de las citadas \u00e1reas del edificio que alberga al gremio profesional, a la Escuela Tur\u00edstica del Caribe, representada por presidente, el se\u00f1or Marvin Joel Soriano Robles, por un valor de 100 mil pesos mensuales.<\/p>\n\n\n\n<figure class=\"wp-block-image size-full\"><img loading=\"lazy\" decoding=\"async\" width=\"561\" height=\"297\" src=\"https:\/\/diariodominicano.com\/wp-content\/uploads\/2025\/10\/Foto-desalojo-CDP.webp\" alt=\"\" class=\"wp-image-641344\" srcset=\"https:\/\/diariodominicano.com\/wp-content\/uploads\/2025\/10\/Foto-desalojo-CDP.webp 561w, https:\/\/diariodominicano.com\/wp-content\/uploads\/2025\/10\/Foto-desalojo-CDP-300x159.webp 300w\" sizes=\"auto, (max-width: 561px) 100vw, 561px\" \/><\/figure>\n\n\n\n<p>Una de las particularidades del contrato de alquiler es que se establece que el se\u00f1or Soriano Robles entreg\u00f3 en calidad de dep\u00f3sito la cantidad de RD$200,000.00, pero, en el CDP s\u00f3lo aparece un recibo por RD$100,000.00 por ese concepto. El se\u00f1or Henr\u00edquez y Olivo de Le\u00f3n, quien en esa fecha era presidente del Instituto de Previsi\u00f3n y Protecci\u00f3n del Periodista (IPPP) han explicado que el inquilino s\u00f3lo hab\u00eda entregado 100 mil pesos y que se comprometi\u00f3 a entregar la otra parte, en d\u00edas posteriores, condici\u00f3n que no se puede aceptar en un contrato de esa naturaleza.<\/p>\n\n\n\n<p>Sin embargo, en conversaci\u00f3n telef\u00f3nica con el se\u00f1or Soriano Robles, le preguntamos el por qu\u00e9 de la diferencia, y el por qu\u00e9 no complet\u00f3 los 200 mil pesos de dep\u00f3sito, lo que&nbsp; me dijo, que \u00e9l supuestamente le hab\u00eda entregado a un directivo del CDP, 700 mil pesos, por concepto de dep\u00f3sitos y pagos de alquileres por adelantados, pero, esto no lo podemos dudar, ni asegurar como un hecho cierto, porque no tenemos las pruebas, sino que lo tomamos como una informaci\u00f3n&nbsp; sujeta a investigaci\u00f3n y comprobaci\u00f3n .<\/p>\n\n\n\n<p>Dada la cantidad de dinero, si fuera as\u00ed, el se\u00f1or Soriano Robles debi\u00f3 exigir un recibo del CDP, el cu\u00e1l no lo vemos visto, por lo que por el momento descartamos que alguien haya recibido esa cantidad.<\/p>\n\n\n\n<p>Los directivos del CDP quiz\u00e1s por no dejarse llevar o por falta de asesor\u00edas, cometieron varios errores procesales, el primero fue que no se registr\u00f3 el contrato de alquiler en el Banco Agr\u00edcola, ni se deposit\u00f3 los 200 mil pesos del pago de dep\u00f3sito en esa instituci\u00f3n, en incumplimiento del art\u00edculo 2 de la Ley 17-88, requisito indispensable para poder actuar en justicia en caso como ese.<\/p>\n\n\n\n<p>A pocos meses de la firma del contrato, comenzaron a surgir problemas debido a que el CDP denunci\u00f3 que el se\u00f1or Soriano Robles se hab\u00eda atrasado varios meses en el pago del alquiler. Para octubre del mismo a\u00f1o, ya Henr\u00edquez hab\u00eda salido de la presidencia del CDP y sustituido por De Le\u00f3n, quien hab\u00eda ganado las elecciones del gremio realizada en el mes de agosto.<\/p>\n\n\n\n<p>Otro error tomado ahora por el nuevo Comit\u00e9 Ejecutivo del CDP fue rescindir el contrato de alquiler de manera unilateral sin tener facultad para tomar una medida de esa naturaleza, al ser una decisi\u00f3n que deben decidir&nbsp; las partes de mutuo consentimiento, o en su defecto, exclusivamente por los tribunales.<\/p>\n\n\n\n<p>En ese sentido, el Juzgado de Paz de la Primera Circunscripci\u00f3n estableci\u00f3 en su sentencia que \u201cen materia de contrato de alquiler, s\u00f3lo les da facultad a los tribunales decidir especialmente a los juzgados de paz, cuando se trata de demanda en desalojos por falta de pagos de alquileres vencidos, o la c\u00e1mara civil cuando se trata de demanda en rescisi\u00f3n de contrato, lo que significa que de manera unilateral nadie puede poner fin a un contrato\u201d.<\/p>\n\n\n\n<p>En enero del 2014, De Le\u00f3n me consult\u00f3 sobre los mecanismos existentes para desalojar a la Escuela Tur\u00edstica del Caribe, y le dije que ese era un caso eminentemente legal, que ten\u00eda que demandarla en desalojo por falta de pagos ante el Juzgado de Paz de la Primera Circunscripci\u00f3n, y no por la v\u00eda de la fuerza, como estaban planteando varios periodistas algunos radicalizados.<\/p>\n\n\n\n<p>Pero, pese a las advertencias m\u00eda y supongo de otros abogados, el 27 de enero del 2014, De Le\u00f3n, apoyado por el grupo de periodistas euf\u00f3ricos de acci\u00f3n, prefiri\u00f3 utilizar la fuerza y no la v\u00eda legal para producir el desalojo del centro educativo, al bloquear la entrada al edificio de los estudiantes, maestros y el personal administrativo, produci\u00e9ndose un enfrentamiento a golpes y palos en el que periodistas y estudiantes resultados agredidos, lesionados, heridos y algunos ensangrentados.&nbsp;<\/p>\n\n\n\n<p>Soriano Robles alega que 18 estudiantes resultaron con golpes, heridas y otras lesiones, incluyendo su hijo. Muchos de los certificados expedido por un m\u00e9dico legista fueron depositados en el tribunal.<\/p>\n\n\n\n<p>La acci\u00f3n dio origen a m\u00faltiples demandas de ambas partes, entre ellas, la demanda en reintegrada interpuesta por la Escuela Tur\u00edstica del caribe, que ha dado origen a la reocupaci\u00f3n del edificio del CDP.<\/p>\n\n\n\n<p>Creo, sin \u00e1nimo de buscar un culpable favorito, que en todo esto hay un responsable principal y otros secundarios de lo que sucedi\u00f3, est\u00e1 sucediendo y de lo que podr\u00eda seguir pasando. A ustedes no les costar\u00e1 mucho esfuerzo mencionar el nombre del protagonista de la pel\u00edcula.<\/p>\n\n\n\n<p>Entiendo que la acci\u00f3n se realiz\u00f3 debido a la falta de inteligencia, la falta de&nbsp; escuchar y la falta de medir consecuencias.<\/p>\n\n\n\n<p>En la pr\u00f3xima entrega analizaremos otras interioridades del contrato de alquiler, el contenido de la sentencia del juzgado de paz, que favorece a la Escuela Tur\u00edstica del Caribe y las posibles demandas en da\u00f1os y perjuicios con sus consecuencias, que podr\u00edan recaer sobre directivos y el propio gremio profesional, si desde ahora no se act\u00faa con prudencia y no con pasi\u00f3n alocada y desenfrenada.<\/p>\n\n\n\n<p>David Roberto Lorenzo Marte<\/p>\n\n\n\n<p><a target=\"_blank\" href=\"mailto:davidrlorenzo@gmail.com\" rel=\"noreferrer noopener\">davidrlorenzo@gmail.com<\/a><\/p>\n","protected":false},"excerpt":{"rendered":"<p>Por David R. Lorenzo Primera parte: el origen del conflicto La reinstalaci\u00f3n de la Escuela Tur\u00edstica del Caribe en el local del Colegio Dominicano de Periodistas realizada este martes 30 de septiembre del 2025, con la presencia de una jueza de paz, un representante del Ministerio P\u00fablico y agentes policiales ha sido un hecho que [&hellip;]<\/p>\n","protected":false},"author":2,"featured_media":641342,"comment_status":"closed","ping_status":"closed","sticky":false,"template":"","format":"standard","meta":{"footnotes":""},"categories":[24,16],"tags":[],"class_list":["post-641341","post","type-post","status-publish","format-standard","has-post-thumbnail","hentry","category-justicia-y-derecho","category-opiniones"],"_links":{"self":[{"href":"https:\/\/diariodominicano.com\/index.php?rest_route=\/wp\/v2\/posts\/641341","targetHints":{"allow":["GET"]}}],"collection":[{"href":"https:\/\/diariodominicano.com\/index.php?rest_route=\/wp\/v2\/posts"}],"about":[{"href":"https:\/\/diariodominicano.com\/index.php?rest_route=\/wp\/v2\/types\/post"}],"author":[{"embeddable":true,"href":"https:\/\/diariodominicano.com\/index.php?rest_route=\/wp\/v2\/users\/2"}],"replies":[{"embeddable":true,"href":"https:\/\/diariodominicano.com\/index.php?rest_route=%2Fwp%2Fv2%2Fcomments&post=641341"}],"version-history":[{"count":1,"href":"https:\/\/diariodominicano.com\/index.php?rest_route=\/wp\/v2\/posts\/641341\/revisions"}],"predecessor-version":[{"id":641345,"href":"https:\/\/diariodominicano.com\/index.php?rest_route=\/wp\/v2\/posts\/641341\/revisions\/641345"}],"wp:featuredmedia":[{"embeddable":true,"href":"https:\/\/diariodominicano.com\/index.php?rest_route=\/wp\/v2\/media\/641342"}],"wp:attachment":[{"href":"https:\/\/diariodominicano.com\/index.php?rest_route=%2Fwp%2Fv2%2Fmedia&parent=641341"}],"wp:term":[{"taxonomy":"category","embeddable":true,"href":"https:\/\/diariodominicano.com\/index.php?rest_route=%2Fwp%2Fv2%2Fcategories&post=641341"},{"taxonomy":"post_tag","embeddable":true,"href":"https:\/\/diariodominicano.com\/index.php?rest_route=%2Fwp%2Fv2%2Ftags&post=641341"}],"curies":[{"name":"wp","href":"https:\/\/api.w.org\/{rel}","templated":true}]}}