{"id":641324,"date":"2025-10-02T08:46:43","date_gmt":"2025-10-02T12:46:43","guid":{"rendered":"https:\/\/diariodominicano.com\/?p=641324"},"modified":"2025-10-02T08:46:48","modified_gmt":"2025-10-02T12:46:48","slug":"clausuran-en-alto-manhattan-programa-de-desarrollo-profesional-y-estudios-2025","status":"publish","type":"post","link":"https:\/\/diariodominicano.com\/?p=641324","title":{"rendered":"Clausuran en Alto Manhattan programa de Desarrollo Profesional y Estudios 2025"},"content":{"rendered":"\n<p><strong>Por Ram\u00f3n Mercedes<\/strong><\/p>\n\n\n\n<p><strong>NUEVA YORK<\/strong>.- La Universidad Hostos en El Bronx clausur\u00f3 recientemente en el Alto Manhattan su programa de \u00abDesarrollo Profesional y Estudios en el Extranjero de Verano 2025\u00bb, donde participaron directores, docentes y expertos en centros culturales dominicanos del Departamento de Educaci\u00f3n de esta ciudad.<\/p>\n\n\n\n<p>Dicha clausura se llev\u00f3 a cabo en la escuela Gregorio Luper\u00f3n, ubicada en la avenida \u00c1msterdam con la calle 165, y estuvo dirigido por la decana del alto centro de estudio, Ana Reyes. Entreg\u00f3 certificados de finalizaci\u00f3n del Programa CTLE a los docentes y los certificados de reconocimiento a los facilitadores de los talleres.<\/p>\n\n\n\n<p>El director del Departamento de Educaci\u00f3n de NYC, Adam Stevens y Jasmin Lugo Hern\u00e1ndez reafirmaron el valor del programa con sus testimonios, as\u00ed como los expertos docentes por sus impresionantes presentaciones sobre sus experiencias y ponerlas en pr\u00e1ctica en sus aulas.<\/p>\n\n\n\n<p>Asistieron profesores de diferentes etnias para aprender sobre el arte, cultura y educaci\u00f3n del pa\u00eds caribe\u00f1o ya que en sus aulas tienen decenas de alumnos dominicanos.<\/p>\n\n\n\n<p>Por la Universidad Hostos asistieron los doctores Wilfredo Jos\u00e9 Burgos Matos, Yoel Rodr\u00edguez, Nieves Angulo, V\u00edctor Santana y Gerson Pe\u00f1a.<\/p>\n\n\n\n<p>Como invitados especiales asistieron el asambleista y la concejal por el Alto Manhattan, Manny de los Santos y Carmen de la Rosa, asimismo, la funcionaria consular Ramona Almonte y del departamento de educaci\u00f3n Gilberto Garc\u00eda.<\/p>\n\n\n\n<p>Tambi\u00e9n el director de la Fundaci\u00f3n Juan Pablo, Domingo Cruz, y el director ejecutivo de Dominicanos USA, Eddie Cuesta. Cada uno de los participantes recibieron un reconocimiento de parte de la directora del programa, la decana Reyes.<\/p>\n\n\n\n<p>Si desea recomendar educadores para participar en el programa 2026, env\u00ede un correo electr\u00f3nico a Gerson Pe\u00f1a a&nbsp;<a href=\"mailto:gpena@hostos.cuny.edu\" rel=\"noreferrer noopener\" target=\"_blank\">gpena@hostos.cuny.edu<\/a><\/p>\n","protected":false},"excerpt":{"rendered":"<p>Por Ram\u00f3n Mercedes NUEVA YORK.- La Universidad Hostos en El Bronx clausur\u00f3 recientemente en el Alto Manhattan su programa de \u00abDesarrollo Profesional y Estudios en el Extranjero de Verano 2025\u00bb, donde participaron directores, docentes y expertos en centros culturales dominicanos del Departamento de Educaci\u00f3n de esta ciudad. Dicha clausura se llev\u00f3 a cabo en la [&hellip;]<\/p>\n","protected":false},"author":2,"featured_media":641325,"comment_status":"closed","ping_status":"closed","sticky":false,"template":"","format":"standard","meta":{"footnotes":""},"categories":[21,20],"tags":[],"class_list":["post-641324","post","type-post","status-publish","format-standard","has-post-thumbnail","hentry","category-cultura","category-dominicana-hoy"],"_links":{"self":[{"href":"https:\/\/diariodominicano.com\/index.php?rest_route=\/wp\/v2\/posts\/641324","targetHints":{"allow":["GET"]}}],"collection":[{"href":"https:\/\/diariodominicano.com\/index.php?rest_route=\/wp\/v2\/posts"}],"about":[{"href":"https:\/\/diariodominicano.com\/index.php?rest_route=\/wp\/v2\/types\/post"}],"author":[{"embeddable":true,"href":"https:\/\/diariodominicano.com\/index.php?rest_route=\/wp\/v2\/users\/2"}],"replies":[{"embeddable":true,"href":"https:\/\/diariodominicano.com\/index.php?rest_route=%2Fwp%2Fv2%2Fcomments&post=641324"}],"version-history":[{"count":1,"href":"https:\/\/diariodominicano.com\/index.php?rest_route=\/wp\/v2\/posts\/641324\/revisions"}],"predecessor-version":[{"id":641326,"href":"https:\/\/diariodominicano.com\/index.php?rest_route=\/wp\/v2\/posts\/641324\/revisions\/641326"}],"wp:featuredmedia":[{"embeddable":true,"href":"https:\/\/diariodominicano.com\/index.php?rest_route=\/wp\/v2\/media\/641325"}],"wp:attachment":[{"href":"https:\/\/diariodominicano.com\/index.php?rest_route=%2Fwp%2Fv2%2Fmedia&parent=641324"}],"wp:term":[{"taxonomy":"category","embeddable":true,"href":"https:\/\/diariodominicano.com\/index.php?rest_route=%2Fwp%2Fv2%2Fcategories&post=641324"},{"taxonomy":"post_tag","embeddable":true,"href":"https:\/\/diariodominicano.com\/index.php?rest_route=%2Fwp%2Fv2%2Ftags&post=641324"}],"curies":[{"name":"wp","href":"https:\/\/api.w.org\/{rel}","templated":true}]}}