{"id":641321,"date":"2025-10-02T08:45:06","date_gmt":"2025-10-02T12:45:06","guid":{"rendered":"https:\/\/diariodominicano.com\/?p=641321"},"modified":"2025-10-02T08:45:14","modified_gmt":"2025-10-02T12:45:14","slug":"llamado-a-marchar-en-el-alto-manhattan-por-el-obamacare-y-los-inmigrantes","status":"publish","type":"post","link":"https:\/\/diariodominicano.com\/?p=641321","title":{"rendered":"Llamado a marchar en el Alto Manhattan por el Obamacare y los inmigrantes"},"content":{"rendered":"\n<p><strong>Por Ram\u00f3n Mercedes<\/strong><\/p>\n\n\n\n<p><strong>NUEVA YORK.-<\/strong>&nbsp;El dirigente pol\u00edtico, activista social, comunitario y miembro de la Coalici\u00f3n por la Defensa de los Inmigrantes en esta ciudad, Luis Mayobanex Rodr\u00edguez, reitera el llamado a los dominicanos residentes en esta ciudad a participar este pr\u00f3ximo s\u00e1bado de la marcha-protesta convocada por la \u00abCoalici\u00f3n por la Defensa de los Inmigrantes\u00bb.<\/p>\n\n\n\n<p>El llamado lo hace el dirigente pol\u00edtico, activista social, comunitario y miembro de la \u00abCoalici\u00f3n\u00bb, Luis Mayobanex Rodr\u00edguez.<\/p>\n\n\n\n<p>Se har\u00e1 desde la avenida Saint Nicholas con la calle 193, en el Alto Manhattan, a partir de las 2:00 p.m. a favor del seguro de salud \u00abObamacare y los inmigrantes\u00bb.<\/p>\n\n\n\n<p>Precisa que el cierre en las funciones administrativas del gobierno federal tendr\u00e1 un impacto negativo en las familias trabajadoras, incluidas decenas de miles dominicanas en el territorio estadounidense.<\/p>\n\n\n\n<p>El cierre se produce dada la imposibilidad del Congreso de aprobar una ley de financiaci\u00f3n para el a\u00f1o fiscal a iniciarse este primero de octubre.<\/p>\n\n\n\n<p>Producto de esta confrontaci\u00f3n entre senadores y congresistas federales cientos de miles de trabajadores catalogados de no esenciales, por el momento ser\u00e1n cesanteados sin pago y sin seguridad de volver a ocupar sus posiciones dada la pol\u00edtica impuesta por la nueva administraci\u00f3n de reducir en n\u00fameros y en funciones el gobierno estadounidense.<\/p>\n\n\n\n<p>De igual manera, parte de los trabajadores esenciales aun sin disfrutar de sueldo continuar\u00e1n en sus funciones, lo que significara una perdida millonaria en los ingresos familiares semanalmente.<\/p>\n\n\n\n<p>Un factor importante en este debate presupuestario en curso lo constituye la inclusi\u00f3n o no de la ley de extensi\u00f3n de los subsidios para la Ley de Cuidado de Salud Asequible (OBAMACARE) que finalizan en diciembre. A esta extensi\u00f3n se oponen los senadores y congresistas que responden a Donald Trump.<\/p>\n\n\n\n<p>Si predomina la posici\u00f3n republicana, la misma tendr\u00eda un impacto terrible en la vida de 50 millones de personas, entre ellas cientos de miles dominicanas, que a trav\u00e9s del OBAMACARE gozan hoy de cobertura m\u00e9dica y acceso a servicios de salud que antes no dispon\u00edan.<\/p>\n\n\n\n<p>Por razones como estas es que continuaremos en las calles de NYC reclamando derechos fundamentales, hoy bajo ataque, para nuestras comunidades, concluy\u00f3 diciendo Mayobanex Rodr\u00edguez.<\/p>\n","protected":false},"excerpt":{"rendered":"<p>Por Ram\u00f3n Mercedes NUEVA YORK.-&nbsp;El dirigente pol\u00edtico, activista social, comunitario y miembro de la Coalici\u00f3n por la Defensa de los Inmigrantes en esta ciudad, Luis Mayobanex Rodr\u00edguez, reitera el llamado a los dominicanos residentes en esta ciudad a participar este pr\u00f3ximo s\u00e1bado de la marcha-protesta convocada por la \u00abCoalici\u00f3n por la Defensa de los Inmigrantes\u00bb. [&hellip;]<\/p>\n","protected":false},"author":2,"featured_media":641322,"comment_status":"closed","ping_status":"closed","sticky":false,"template":"","format":"standard","meta":{"footnotes":""},"categories":[20,23],"tags":[],"class_list":["post-641321","post","type-post","status-publish","format-standard","has-post-thumbnail","hentry","category-dominicana-hoy","category-internacional"],"_links":{"self":[{"href":"https:\/\/diariodominicano.com\/index.php?rest_route=\/wp\/v2\/posts\/641321","targetHints":{"allow":["GET"]}}],"collection":[{"href":"https:\/\/diariodominicano.com\/index.php?rest_route=\/wp\/v2\/posts"}],"about":[{"href":"https:\/\/diariodominicano.com\/index.php?rest_route=\/wp\/v2\/types\/post"}],"author":[{"embeddable":true,"href":"https:\/\/diariodominicano.com\/index.php?rest_route=\/wp\/v2\/users\/2"}],"replies":[{"embeddable":true,"href":"https:\/\/diariodominicano.com\/index.php?rest_route=%2Fwp%2Fv2%2Fcomments&post=641321"}],"version-history":[{"count":1,"href":"https:\/\/diariodominicano.com\/index.php?rest_route=\/wp\/v2\/posts\/641321\/revisions"}],"predecessor-version":[{"id":641323,"href":"https:\/\/diariodominicano.com\/index.php?rest_route=\/wp\/v2\/posts\/641321\/revisions\/641323"}],"wp:featuredmedia":[{"embeddable":true,"href":"https:\/\/diariodominicano.com\/index.php?rest_route=\/wp\/v2\/media\/641322"}],"wp:attachment":[{"href":"https:\/\/diariodominicano.com\/index.php?rest_route=%2Fwp%2Fv2%2Fmedia&parent=641321"}],"wp:term":[{"taxonomy":"category","embeddable":true,"href":"https:\/\/diariodominicano.com\/index.php?rest_route=%2Fwp%2Fv2%2Fcategories&post=641321"},{"taxonomy":"post_tag","embeddable":true,"href":"https:\/\/diariodominicano.com\/index.php?rest_route=%2Fwp%2Fv2%2Ftags&post=641321"}],"curies":[{"name":"wp","href":"https:\/\/api.w.org\/{rel}","templated":true}]}}