{"id":641290,"date":"2025-10-02T08:03:11","date_gmt":"2025-10-02T12:03:11","guid":{"rendered":"https:\/\/diariodominicano.com\/?p=641290"},"modified":"2025-10-02T08:05:20","modified_gmt":"2025-10-02T12:05:20","slug":"andres-bautista-el-presidente-abinader-esta-combatiendo-la-corrupcion-no-permitiendo-la-impunidad","status":"publish","type":"post","link":"https:\/\/diariodominicano.com\/?p=641290","title":{"rendered":"Andr\u00e9s Bautista:  el presidente Abinader est\u00e1 combatiendo la corrupci\u00f3n no permitiendo la impunidad"},"content":{"rendered":"\n<p>1 de Octubre 2025 <\/p>\n\n\n\n<figure class=\"wp-block-image\"><img decoding=\"async\" src=\"https:\/\/platform-cdn.sharethis.com\/img\/facebook.svg\" alt=\"facebook sharing button\"\/><\/figure>\n\n\n\n<figure class=\"wp-block-image\"><img decoding=\"async\" src=\"https:\/\/platform-cdn.sharethis.com\/img\/sharethis.svg\" alt=\"sharethis sharing button\"\/><\/figure>\n\n\n\n<p>Santo Domingo, RD.- El ministro administrativo de la Presidencia,\u00a0<strong>Andr\u00e9s Bautista<\/strong>, reiter\u00f3 el mi\u00e9rcoles que la gesti\u00f3n de gobierno del\u00a0<strong>presidente Luis Abinader<\/strong>\u00a0no permitir\u00e1 que exista la\u00a0<strong>impunidad<\/strong>\u00a0ante cualquier esc\u00e1ndalo o\u00a0<strong>actuaci\u00f3n de un funcionario que no cumpla con la transparencia y eficiencia<\/strong>\u00a0que exige el presidente.<\/p>\n\n\n\n<p><em>\u201cLo que el presidente dijo y est\u00e1 cumpliendo, es que no va haber impunidad como exist\u00eda anteriormente en este pa\u00eds, en donde las denuncias no eran tomadas en cuenta. Ahora se est\u00e1 combatiendo la corrupci\u00f3n no permitiendo la impunidad como era costumbre en los gobiernos anteriores\u201d,<\/em>&nbsp;expres\u00f3 Bautista al ser cuestionado por miembros de la prensa durante el acto de la presentaci\u00f3n de logros de la gesti\u00f3n 2020-2025 de&nbsp;<strong>Yadira Henr\u00edquez<\/strong>, al frente del Plan de Asistencia Social de la Presidencia.&nbsp;<\/p>\n\n\n\n<p>Bautista enfatiz\u00f3 que uno de los planteamientos de este gobierno es tener\u00a0<strong>cuentas claras<\/strong>\u00a0y que siempre estar\u00e1n dispuestos a cumplir con esos lineamientos.<\/p>\n\n\n\n<p>Con informaci\u00f3n de la Presidencia de la Rep\u00fablica Dominicana.<\/p>\n","protected":false},"excerpt":{"rendered":"<p>1 de Octubre 2025 Santo Domingo, RD.- El ministro administrativo de la Presidencia,\u00a0Andr\u00e9s Bautista, reiter\u00f3 el mi\u00e9rcoles que la gesti\u00f3n de gobierno del\u00a0presidente Luis Abinader\u00a0no permitir\u00e1 que exista la\u00a0impunidad\u00a0ante cualquier esc\u00e1ndalo o\u00a0actuaci\u00f3n de un funcionario que no cumpla con la transparencia y eficiencia\u00a0que exige el presidente. \u201cLo que el presidente dijo y est\u00e1 cumpliendo, es [&hellip;]<\/p>\n","protected":false},"author":2,"featured_media":641291,"comment_status":"closed","ping_status":"closed","sticky":false,"template":"","format":"standard","meta":{"footnotes":""},"categories":[20,22],"tags":[],"class_list":["post-641290","post","type-post","status-publish","format-standard","has-post-thumbnail","hentry","category-dominicana-hoy","category-politica"],"_links":{"self":[{"href":"https:\/\/diariodominicano.com\/index.php?rest_route=\/wp\/v2\/posts\/641290","targetHints":{"allow":["GET"]}}],"collection":[{"href":"https:\/\/diariodominicano.com\/index.php?rest_route=\/wp\/v2\/posts"}],"about":[{"href":"https:\/\/diariodominicano.com\/index.php?rest_route=\/wp\/v2\/types\/post"}],"author":[{"embeddable":true,"href":"https:\/\/diariodominicano.com\/index.php?rest_route=\/wp\/v2\/users\/2"}],"replies":[{"embeddable":true,"href":"https:\/\/diariodominicano.com\/index.php?rest_route=%2Fwp%2Fv2%2Fcomments&post=641290"}],"version-history":[{"count":3,"href":"https:\/\/diariodominicano.com\/index.php?rest_route=\/wp\/v2\/posts\/641290\/revisions"}],"predecessor-version":[{"id":641294,"href":"https:\/\/diariodominicano.com\/index.php?rest_route=\/wp\/v2\/posts\/641290\/revisions\/641294"}],"wp:featuredmedia":[{"embeddable":true,"href":"https:\/\/diariodominicano.com\/index.php?rest_route=\/wp\/v2\/media\/641291"}],"wp:attachment":[{"href":"https:\/\/diariodominicano.com\/index.php?rest_route=%2Fwp%2Fv2%2Fmedia&parent=641290"}],"wp:term":[{"taxonomy":"category","embeddable":true,"href":"https:\/\/diariodominicano.com\/index.php?rest_route=%2Fwp%2Fv2%2Fcategories&post=641290"},{"taxonomy":"post_tag","embeddable":true,"href":"https:\/\/diariodominicano.com\/index.php?rest_route=%2Fwp%2Fv2%2Ftags&post=641290"}],"curies":[{"name":"wp","href":"https:\/\/api.w.org\/{rel}","templated":true}]}}