{"id":641283,"date":"2025-10-02T07:50:11","date_gmt":"2025-10-02T11:50:11","guid":{"rendered":"https:\/\/diariodominicano.com\/?p=641283"},"modified":"2025-10-02T07:52:48","modified_gmt":"2025-10-02T11:52:48","slug":"presidente-abinader-anuncia-inicio-titulacion-de-mas-de-43-millones-de-metros-cuadrados-en-parque-nacional-los-haitises-y-reserva-forestal-loma-novillero-en-villa-altagracia","status":"publish","type":"post","link":"https:\/\/diariodominicano.com\/?p=641283","title":{"rendered":"El Presidente Abinader inform\u00f3 inicio titulaci\u00f3n de m\u00e1s de 43 millones de metros cuadrados en Parque Nacional Los Haitises y Reserva Forestal Loma Novillero, en Villa Altagracia"},"content":{"rendered":"\n<h3 class=\"wp-block-heading\">El Gobierno ha titulado m\u00e1s de 730 millones de metros cuadrados en el Parque Nacional Jaragua y \u00c1rea Nacional de Recreo Bah\u00eda de Las Aguilas, as\u00ed como en el Parque Nacional Jos\u00e9 Del Carmen Ram\u00edrez.<\/h3>\n\n\n\n<p>1 de Octubre 2025 | 17:35<\/p>\n\n\n\n<p>Santo Domingo, RD.\u2013 El presidente Luis Abinader anunci\u00f3 el  mi\u00e9rcoles el\u00a0<strong>inicio<\/strong>\u00a0de los trabajos de\u00a0<strong>titulaci\u00f3n<\/strong>\u00a0en el\u00a0<strong>Parque Nacional Los Haitises y la Reserva Forestal Loma Novillero en Villa Altagracia<\/strong>, con m\u00e1s de 43 millones de metros cuadrados de terrenos destinados a fortalecer la protecci\u00f3n y preservaci\u00f3n del\u00a0<strong>patrimonio ambiental<\/strong>\u00a0de la Rep\u00fablica Dominicana.<\/p>\n\n\n\n<p>En&nbsp;<strong>Los Haitises<\/strong>&nbsp;se regularizar\u00e1n&nbsp;<strong>35.2 millones de metros cuadrados<\/strong>, mientras que en la Reserva Forestal&nbsp;<strong>Loma Novillero<\/strong>, en Villa Altagracia, ser\u00e1n&nbsp;<strong>7.9 millones de metros cuadrados.<\/strong><\/p>\n\n\n\n<p>Estos procesos permitir\u00e1n la emisi\u00f3n de certificados de&nbsp;<strong>t\u00edtulos deslindados y registrados a nombre del Ministerio de Medio Ambiente y Recursos Naturales<\/strong>, conforme al Sistema Nacional de \u00c1reas Protegidas&nbsp;<strong>(Sinap)<\/strong>.<\/p>\n\n\n\n<figure class=\"wp-block-image\"><img decoding=\"async\" src=\"https:\/\/presidencia.gob.do\/sites\/default\/files\/inline-images\/WhatsApp%20Image%202025-10-01%20at%2017.21.50%20%282%29.jpeg\" alt=\"\"\/><\/figure>\n\n\n\n<p>Por a\u00f1os, muchos de estos espacios se encontraban registrados a nombre de distintas instituciones p\u00fablicas como<strong>&nbsp;<\/strong>el&nbsp;<strong>Instituto Agrario Dominicano (IAD), la Direcci\u00f3n de Bienes Nacionales o el CEA<\/strong>, lo que generaba&nbsp;<strong>dispersi\u00f3n<\/strong>&nbsp;y limitaba la protecci\u00f3n efectiva de los recursos naturales.<\/p>\n\n\n\n<p><em>\u201cCuidar lo nuestro es un deber sagrado de cada dominicano, y todav\u00eda m\u00e1s de nosotros como Administraci\u00f3n p\u00fablica. Es una cultura que queremos fomentar y profundizar cada d\u00eda m\u00e1s. Lo que es de todos es tambi\u00e9n de cada uno de nosotros, por lo que su protecci\u00f3n y correcto cuidado constituye una labor a la que debemos prestar nuestros mejores esfuerzos\u201d,<\/em>&nbsp;afirm\u00f3 el presidente Abinader.<\/p>\n\n\n\n<p>Ademas, anunci\u00f3 la conformaci\u00f3n de un&nbsp;<strong>equipo de trabajo<\/strong>&nbsp;que, en coordinaci\u00f3n con el SINAP, tuvo la responsabilidad de organizar el&nbsp;<strong>proceso piloto de titulaci\u00f3n para Lomas Novillero y Los Haitises<\/strong>, que abarca las provincias Monte Plata, Duarte, Hato Mayor y Saman\u00e1.<\/p>\n\n\n\n<p><img loading=\"lazy\" decoding=\"async\" src=\"https:\/\/presidencia.gob.do\/sites\/default\/files\/inline-images\/WhatsApp%20Image%202025-10-01%20at%2017.21.50%20%281%29.jpeg\" width=\"1280\" height=\"853\">El presidente Abinader destac\u00f3 que esta acci\u00f3n forma parte de una&nbsp;<strong>estrategia nacional para organizar, documentar y<\/strong>&nbsp;<strong>blindar legalmente las \u00e1reas naturales protegidas<\/strong>, dividiendo el proceso por regiones y niveles de complejidad hasta abarcar todos los parques del pa\u00eds.<\/p>\n\n\n\n<p>A la fecha, el Gobierno ha titulado m\u00e1s de&nbsp;<strong>730 millones de metros cuadrados<\/strong>&nbsp;en el&nbsp;<strong>Parque Nacional Jaragua y \u00c1rea Nacional de Recreo Bah\u00eda de Las Aguilas<\/strong>, as\u00ed como en el&nbsp;<strong>Parque Nacional Jos\u00e9 Del Carmen Ram\u00edrez.<\/strong><\/p>\n\n\n\n<p>Con este proyecto, el Gobierno busca sentar un precedente hist\u00f3rico en la\u00a0<strong>defensa legal de los parques nacionales y \u00e1reas protegidas<\/strong>, garantizando su\u00a0<strong>preservaci\u00f3n para las presentes y futuras generaciones.<\/strong><\/p>\n\n\n\n<p>Con informaci\u00f3n de la Presidencia de la Rep\u00fablica Dominicana.<\/p>\n\n\n\n<p>#Abinader\u2003\u2003\u2003\u2003\u2003\u2003#Haitises\u2003\u2003\u2003 #Titulaci\u00f3n<\/p>\n\n\n\n<p><\/p>\n","protected":false},"excerpt":{"rendered":"<p>El Gobierno ha titulado m\u00e1s de 730 millones de metros cuadrados en el Parque Nacional Jaragua y \u00c1rea Nacional de Recreo Bah\u00eda de Las Aguilas, as\u00ed como en el Parque Nacional Jos\u00e9 Del Carmen Ram\u00edrez. 1 de Octubre 2025 | 17:35 Santo Domingo, RD.\u2013 El presidente Luis Abinader anunci\u00f3 el mi\u00e9rcoles el\u00a0inicio\u00a0de los trabajos de\u00a0titulaci\u00f3n\u00a0en [&hellip;]<\/p>\n","protected":false},"author":2,"featured_media":641284,"comment_status":"closed","ping_status":"closed","sticky":false,"template":"","format":"standard","meta":{"footnotes":""},"categories":[20,27],"tags":[],"class_list":["post-641283","post","type-post","status-publish","format-standard","has-post-thumbnail","hentry","category-dominicana-hoy","category-portada"],"_links":{"self":[{"href":"https:\/\/diariodominicano.com\/index.php?rest_route=\/wp\/v2\/posts\/641283","targetHints":{"allow":["GET"]}}],"collection":[{"href":"https:\/\/diariodominicano.com\/index.php?rest_route=\/wp\/v2\/posts"}],"about":[{"href":"https:\/\/diariodominicano.com\/index.php?rest_route=\/wp\/v2\/types\/post"}],"author":[{"embeddable":true,"href":"https:\/\/diariodominicano.com\/index.php?rest_route=\/wp\/v2\/users\/2"}],"replies":[{"embeddable":true,"href":"https:\/\/diariodominicano.com\/index.php?rest_route=%2Fwp%2Fv2%2Fcomments&post=641283"}],"version-history":[{"count":4,"href":"https:\/\/diariodominicano.com\/index.php?rest_route=\/wp\/v2\/posts\/641283\/revisions"}],"predecessor-version":[{"id":641289,"href":"https:\/\/diariodominicano.com\/index.php?rest_route=\/wp\/v2\/posts\/641283\/revisions\/641289"}],"wp:featuredmedia":[{"embeddable":true,"href":"https:\/\/diariodominicano.com\/index.php?rest_route=\/wp\/v2\/media\/641284"}],"wp:attachment":[{"href":"https:\/\/diariodominicano.com\/index.php?rest_route=%2Fwp%2Fv2%2Fmedia&parent=641283"}],"wp:term":[{"taxonomy":"category","embeddable":true,"href":"https:\/\/diariodominicano.com\/index.php?rest_route=%2Fwp%2Fv2%2Fcategories&post=641283"},{"taxonomy":"post_tag","embeddable":true,"href":"https:\/\/diariodominicano.com\/index.php?rest_route=%2Fwp%2Fv2%2Ftags&post=641283"}],"curies":[{"name":"wp","href":"https:\/\/api.w.org\/{rel}","templated":true}]}}