{"id":641159,"date":"2025-10-01T16:42:51","date_gmt":"2025-10-01T20:42:51","guid":{"rendered":"https:\/\/diariodominicano.com\/?p=641159"},"modified":"2025-10-01T16:48:16","modified_gmt":"2025-10-01T20:48:16","slug":"prision-para-hombre-que-violo-y-mato-a-nino-de-10-anos-en-sabana-perdida","status":"publish","type":"post","link":"https:\/\/diariodominicano.com\/?p=641159","title":{"rendered":"Prisi\u00f3n para hombre que viol\u00f3 y mat\u00f3 a ni\u00f1o de 10 a\u00f1os en Sabana Perdida"},"content":{"rendered":"\n<p><strong>SANTO DOMINGO (Rep\u00fablica Dominicana).-<\/strong>&nbsp;Ante las evidencias aportadas por el Ministerio P\u00fablico, un tribunal impuso tres meses de&nbsp; prisi\u00f3n preventiva en contra de un hombre de 57 a\u00f1os de edad&nbsp; imputado de violar sexualmente y matar a un ni\u00f1o de 10 a\u00f1os al que sustrajo de los alrededores de su residencia el pasado s\u00e1bado.<\/p>\n\n\n\n<p>La medida de coerci\u00f3n fue impuesta por la Oficina Judicial de Servicios de Atenci\u00f3n Permanente de Santo Domingo Este en contra del imputado Jos\u00e9 Antonio Glass (Yoy\u00f3n) y orden\u00f3 su cumplimiento en la Penitenciar\u00eda Nacional de La Victoria.<\/p>\n\n\n\n<p>El Ministerio P\u00fablico de Santo Domingo Este y Norte, representado por el fiscal de Litigaci\u00f3n Inicial, Tito Osea Gonz\u00e1lez, solicit\u00f3 la imposici\u00f3n de medida de coerci\u00f3n a la jueza Karen Minyetty Casado.<\/p>\n\n\n\n<p>Glass cometi\u00f3 el hecho el pasado 27 de septiembre, aproximadamente a las 5:20 de la tarde, aprovechando la vulnerabilidad de la v\u00edctima, quien ten\u00eda una condici\u00f3n especial. El imputado sustrajo al ni\u00f1o mientras se encontraba en los alrededores de la casa de su madre, en el barrio Puerto Rico, Santo Domingo Este.<\/p>\n\n\n\n<p>El Ministerio P\u00fablico estableci\u00f3 que, en el desarrollo de su plan criminal, Glass inici\u00f3 una caminata a pie con el ni\u00f1o, dirigi\u00e9ndose desde Los Minas hacia el sector Los Pinos de Sabana Perdida (Santo Domingo Norte).<\/p>\n\n\n\n<p>En el transcurso de las investigaciones, a cargo de la fiscal Ivette Mateo, del Departamento de Cr\u00edmenes y Delitos contra las Personas de la Fiscal\u00eda de Santo Domingo Este, se ha establecido que Glass procedi\u00f3 a materializar la agresi\u00f3n cuando se encontraban en el sector Los Pinos de Sabana Perdida, espec\u00edficamente en una zona boscosa.<\/p>\n\n\n\n<p>El expediente indica que, con manifiesta crueldad y despiadadamente, el imputado cometi\u00f3 el abuso sexual contra la v\u00edctima y luego procedi\u00f3 a estrangularlo, ocasion\u00e1ndole la muerte, conforme indica el acta de levantamiento de cad\u00e1ver N\u00fam. 0101598, de fecha 28 de septiembre de 2025. El cad\u00e1ver del ni\u00f1o fue localizado en dicha zona el pasado domingo.<\/p>\n\n\n\n<p>EI Ministerio P\u00fablico les ha asignado a los hechos la calificaci\u00f3n jur\u00eddica provisional contenida en los art\u00edculos 295, 296, 297, 298, 302 y 331 del C\u00f3digo Penal Dominicano, as\u00ed como los art\u00edculos 110 y 396 literales a, b y c de la Ley 136-03, que crea el C\u00f3digo para la Protecci\u00f3n y los Derechos Fundamentales de los Ni\u00f1os Ni\u00f1as y Adolescentes.<\/p>\n\n\n\n<p>El imputado Jos\u00e9 Antonio Glass cumpli\u00f3 una condena completa de 15 a\u00f1os de prisi\u00f3n por violar sexualmente a otro ni\u00f1o de 10 a\u00f1os de edad, lo cual evidencia su reincidencia en el delito.<\/p>\n\n\n\n<p><strong>Direcci\u00f3n General de Comunicaci\u00f3n, Prensa y RRPP<\/strong><\/p>\n\n\n\n<p><strong>Ministerio P\u00fablico RD<\/strong><\/p>\n","protected":false},"excerpt":{"rendered":"<p>SANTO DOMINGO (Rep\u00fablica Dominicana).-&nbsp;Ante las evidencias aportadas por el Ministerio P\u00fablico, un tribunal impuso tres meses de&nbsp; prisi\u00f3n preventiva en contra de un hombre de 57 a\u00f1os de edad&nbsp; imputado de violar sexualmente y matar a un ni\u00f1o de 10 a\u00f1os al que sustrajo de los alrededores de su residencia el pasado s\u00e1bado. La medida [&hellip;]<\/p>\n","protected":false},"author":7,"featured_media":420148,"comment_status":"closed","ping_status":"closed","sticky":false,"template":"","format":"standard","meta":{"footnotes":""},"categories":[24],"tags":[171],"class_list":["post-641159","post","type-post","status-publish","format-standard","has-post-thumbnail","hentry","category-justicia-y-derecho","tag-ministerio-publico"],"_links":{"self":[{"href":"https:\/\/diariodominicano.com\/index.php?rest_route=\/wp\/v2\/posts\/641159","targetHints":{"allow":["GET"]}}],"collection":[{"href":"https:\/\/diariodominicano.com\/index.php?rest_route=\/wp\/v2\/posts"}],"about":[{"href":"https:\/\/diariodominicano.com\/index.php?rest_route=\/wp\/v2\/types\/post"}],"author":[{"embeddable":true,"href":"https:\/\/diariodominicano.com\/index.php?rest_route=\/wp\/v2\/users\/7"}],"replies":[{"embeddable":true,"href":"https:\/\/diariodominicano.com\/index.php?rest_route=%2Fwp%2Fv2%2Fcomments&post=641159"}],"version-history":[{"count":1,"href":"https:\/\/diariodominicano.com\/index.php?rest_route=\/wp\/v2\/posts\/641159\/revisions"}],"predecessor-version":[{"id":641168,"href":"https:\/\/diariodominicano.com\/index.php?rest_route=\/wp\/v2\/posts\/641159\/revisions\/641168"}],"wp:featuredmedia":[{"embeddable":true,"href":"https:\/\/diariodominicano.com\/index.php?rest_route=\/wp\/v2\/media\/420148"}],"wp:attachment":[{"href":"https:\/\/diariodominicano.com\/index.php?rest_route=%2Fwp%2Fv2%2Fmedia&parent=641159"}],"wp:term":[{"taxonomy":"category","embeddable":true,"href":"https:\/\/diariodominicano.com\/index.php?rest_route=%2Fwp%2Fv2%2Fcategories&post=641159"},{"taxonomy":"post_tag","embeddable":true,"href":"https:\/\/diariodominicano.com\/index.php?rest_route=%2Fwp%2Fv2%2Ftags&post=641159"}],"curies":[{"name":"wp","href":"https:\/\/api.w.org\/{rel}","templated":true}]}}