{"id":641156,"date":"2025-10-01T16:05:31","date_gmt":"2025-10-01T20:05:31","guid":{"rendered":"https:\/\/diariodominicano.com\/?p=641156"},"modified":"2025-10-01T16:05:34","modified_gmt":"2025-10-01T20:05:34","slug":"democracia-y-sociedad-humanista","status":"publish","type":"post","link":"https:\/\/diariodominicano.com\/?p=641156","title":{"rendered":"Democracia y sociedad humanista"},"content":{"rendered":"\n<p>Por: Ram\u00f3n Antonio Veras <\/p>\n\n\n\n<p>1.- Por la forma como est\u00e1 organizada la sociedad dominicana desde el punto de vista clasista, el pueblo est\u00e1 constituido por los trabajadores del campo y la ciudad, los informales, las capas medias y los desocupados.<\/p>\n\n\n\n<p>2.- Al margen de las masas est\u00e1n los muy ricos o influyentes, los poderosos que, en uni\u00f3n de los monopolios extranjeros, componen el mosaico pol\u00edticosocial del pa\u00eds.<\/p>\n\n\n\n<p>3.- Los sectores antes indicados est\u00e1n dirigidos por una forma de gobernar que simula representar por igual a todos los miembros de la comunidad dominicana.<\/p>\n\n\n\n<p>4.- A las ciudadanas y a los ciudadanos dominicanos les han formado la falsa idea de que el gobierno que eligen cada cuatro a\u00f1os es como un buen padre de familia, que act\u00faa en provecho de los opresores y de los oprimidos.<\/p>\n\n\n\n<p>5.- Al pueblo dominicano humilde lo tienen ideol\u00f3gicamente enga\u00f1ado para que acepte el absurdo de que el r\u00e9gimen de los muy ricos y de los monopolios norteamericanos sirve tambi\u00e9n para obreros, chiriperos, informales y desocupados.<\/p>\n\n\n\n<p>6.- Pol\u00edticamente, a las grandes mayor\u00edas dominicanas las han puesto a echar un sue\u00f1o y se han quedado dormidas, aceptando gobiernos adversos, contrarios a sus leg\u00edtimos intereses.<\/p>\n\n\n\n<p>7.- Es una ofensa a la verdad decirle al pueblo que el gobierno dominicano reparte bondades a los de arriba y a los de abajo, a los que oprimen y a los oprimidos. Pero resulta que las administraciones que han padecido los pobres de nuestro pa\u00eds se han comportado sumamente generosas, a todo dar con la minor\u00eda nacional, pero muy taca\u00f1as con la gente de a pie.<\/p>\n\n\n\n<p>8.- Conviene encaminar correctamente a los marginados sociales, para que en lugar de legitimar con sus votos a los gobiernos de las minor\u00edas, lo rechacen de manera militante.<\/p>\n\n\n\n<p>9.- Las fuerzas pol\u00edticas y sociales contrarias al r\u00e9gimen econ\u00f3mico vigente deben asumir el compromiso de, recurriendo a m\u00e9todos adecuados, quitarle a la minor\u00eda el dominio que ejerce sobre el pueblo.<\/p>\n\n\n\n<p>10.- Es un compromiso de militantes l\u00facidos y decididos no permitir que un pu\u00f1ado de ambiciosos y rapaces politiqueros dirijan la voluntad popular a discreci\u00f3n.<\/p>\n\n\n\n<p>11.- Mujeres y hombres de convicciones democr\u00e1ticas deben hacerse due\u00f1os del escenario pol\u00edtico nacional para poner por primera vez a la gente de a pie en el gobierno.<\/p>\n\n\n\n<p>12.- Lo que ha sido una ilusi\u00f3n de las masas oprimidas, estar en el poder del Estado, hay que hacerlo realidad con sus fuerzas decisivas que resultan de su permanente movilizaci\u00f3n, de su accionar con el objetivo de hacerse del gobierno central.<\/p>\n\n\n\n<p>13.- La gente del pueblo debe construir su democracia que es la que nace del accionar en la calle de los oprimidos levantando sus consignas y poniendo en primer orden sus sentidas reivindicaciones.<\/p>\n\n\n\n<p>Ideas finales<\/p>\n\n\n\n<p>14.- Como en nuestro pa\u00eds es muy d\u00e9bil el movimiento obrero y democr\u00e1tico, para conquistar una democracia de nuevo tipo se requiere el trabajo militante de quienes creen sinceramente en el poder decisivo de las masas populares en acci\u00f3n.<\/p>\n\n\n\n<p>15.- Una democracia de pueblo es la que merecemos y necesitamos los dominicanos, la cual solamente es posible comenzando desde ahora a hacerla realidad.<\/p>\n\n\n\n<p>16.- La democracia de pueblo que necesitamos disfrutar todas y todos se hace sumando, agregando gente buena, reuniendo a personas honestas para una sociedad humanista.<\/p>\n\n\n\n<p>Santiago de los Caballeros,<\/p>\n","protected":false},"excerpt":{"rendered":"<p>Por: Ram\u00f3n Antonio Veras 1.- Por la forma como est\u00e1 organizada la sociedad dominicana desde el punto de vista clasista, el pueblo est\u00e1 constituido por los trabajadores del campo y la ciudad, los informales, las capas medias y los desocupados. 2.- Al margen de las masas est\u00e1n los muy ricos o influyentes, los poderosos que, [&hellip;]<\/p>\n","protected":false},"author":7,"featured_media":278037,"comment_status":"closed","ping_status":"closed","sticky":false,"template":"","format":"standard","meta":{"footnotes":""},"categories":[16],"tags":[426],"class_list":["post-641156","post","type-post","status-publish","format-standard","has-post-thumbnail","hentry","category-opiniones","tag-ramon-antonio-veras"],"_links":{"self":[{"href":"https:\/\/diariodominicano.com\/index.php?rest_route=\/wp\/v2\/posts\/641156","targetHints":{"allow":["GET"]}}],"collection":[{"href":"https:\/\/diariodominicano.com\/index.php?rest_route=\/wp\/v2\/posts"}],"about":[{"href":"https:\/\/diariodominicano.com\/index.php?rest_route=\/wp\/v2\/types\/post"}],"author":[{"embeddable":true,"href":"https:\/\/diariodominicano.com\/index.php?rest_route=\/wp\/v2\/users\/7"}],"replies":[{"embeddable":true,"href":"https:\/\/diariodominicano.com\/index.php?rest_route=%2Fwp%2Fv2%2Fcomments&post=641156"}],"version-history":[{"count":1,"href":"https:\/\/diariodominicano.com\/index.php?rest_route=\/wp\/v2\/posts\/641156\/revisions"}],"predecessor-version":[{"id":641164,"href":"https:\/\/diariodominicano.com\/index.php?rest_route=\/wp\/v2\/posts\/641156\/revisions\/641164"}],"wp:featuredmedia":[{"embeddable":true,"href":"https:\/\/diariodominicano.com\/index.php?rest_route=\/wp\/v2\/media\/278037"}],"wp:attachment":[{"href":"https:\/\/diariodominicano.com\/index.php?rest_route=%2Fwp%2Fv2%2Fmedia&parent=641156"}],"wp:term":[{"taxonomy":"category","embeddable":true,"href":"https:\/\/diariodominicano.com\/index.php?rest_route=%2Fwp%2Fv2%2Fcategories&post=641156"},{"taxonomy":"post_tag","embeddable":true,"href":"https:\/\/diariodominicano.com\/index.php?rest_route=%2Fwp%2Fv2%2Ftags&post=641156"}],"curies":[{"name":"wp","href":"https:\/\/api.w.org\/{rel}","templated":true}]}}