{"id":641103,"date":"2025-10-01T10:29:29","date_gmt":"2025-10-01T14:29:29","guid":{"rendered":"https:\/\/diariodominicano.com\/?p=641103"},"modified":"2025-10-01T10:29:32","modified_gmt":"2025-10-01T14:29:32","slug":"llama-respaldar-propuesta-de-leonel-fernandez","status":"publish","type":"post","link":"https:\/\/diariodominicano.com\/?p=641103","title":{"rendered":"Llama respaldar propuesta de Leonel Fern\u00e1ndez"},"content":{"rendered":"\n<p><strong>Por Ram\u00f3n Mercedes<\/strong><\/p>\n\n\n\n<p><strong>NUEVA YORK.-&nbsp;<\/strong>El escritor y periodista, miembro de la Direcci\u00f3n Central (DC) de la Fuerza del Pueblo (FP), Carlos M\u00e1rquez, llam\u00f3 al pueblo dominicano a respaldar la promesa estrat\u00e9gica anunciada por el doctor Leonel Fern\u00e1ndez, de convertir a la Rep\u00fablica Dominicana en la \u201cCapital del Conocimiento\u201d en Am\u00e9rica Latina.<\/p>\n\n\n\n<p>\u00abAfirma que esta promesa y propuesta no es una mera aspiraci\u00f3n, sino una idea visionaria y transformadora para la sociedad dominicana\u00bb, sostiene el autor del libro \u00abHacia la revoluci\u00f3n tecnol\u00f3gica industrial\u00bb.<\/p>\n\n\n\n<p>Agreg\u00f3 que una \u00abcapital del conocimiento\u00bb prioriza la educaci\u00f3n, investigaci\u00f3n y la innovaci\u00f3n, verdaderos motores del desarrollo, al tiempo de establecer un ecosistema de conocimiento capaz de atraer inversi\u00f3n extranjera en alta tecnolog\u00eda.<\/p>\n\n\n\n<p>\u00abEsa promesa hecha por el presidente de la FP en Pensilvania colocar\u00eda al pa\u00eds en el mapa global en poco tiempo, ya que implica una revoluci\u00f3n de la ense\u00f1anza\u201d, sostuvo M\u00e1rquez.<\/p>\n\n\n\n<p>Resalt\u00f3 de inmediato que la nueva capital del conocimiento implica la combinaci\u00f3n de una pol\u00edtica de fomento a la investigaci\u00f3n y la ciencia para el desarrollo tecnol\u00f3gico, junto a la revoluci\u00f3n educativa, llamados ambos a rescatar la perdida cultura productiva en la RD.<\/p>\n\n\n\n<p>Subray\u00f3 que esas pol\u00edticas constituyen la \u00fanica soluci\u00f3n viable y acelerada para que la naci\u00f3n comience a dejar atr\u00e1s la pobreza.<\/p>\n\n\n\n<p>M\u00e1rquez vaticin\u00f3 que, con esta propuesta posmodernista, la juventud seguir\u00e1 fluyendo en masa hacia la FP y que su consumaci\u00f3n reafirmar\u00e1 al doctor Fern\u00e1ndez como otro gran l\u00edder hist\u00f3rico de la naci\u00f3n dominicana.<\/p>\n","protected":false},"excerpt":{"rendered":"<p>Por Ram\u00f3n Mercedes NUEVA YORK.-&nbsp;El escritor y periodista, miembro de la Direcci\u00f3n Central (DC) de la Fuerza del Pueblo (FP), Carlos M\u00e1rquez, llam\u00f3 al pueblo dominicano a respaldar la promesa estrat\u00e9gica anunciada por el doctor Leonel Fern\u00e1ndez, de convertir a la Rep\u00fablica Dominicana en la \u201cCapital del Conocimiento\u201d en Am\u00e9rica Latina. \u00abAfirma que esta promesa [&hellip;]<\/p>\n","protected":false},"author":2,"featured_media":641104,"comment_status":"closed","ping_status":"closed","sticky":false,"template":"","format":"standard","meta":{"footnotes":""},"categories":[22],"tags":[],"class_list":["post-641103","post","type-post","status-publish","format-standard","has-post-thumbnail","hentry","category-politica"],"_links":{"self":[{"href":"https:\/\/diariodominicano.com\/index.php?rest_route=\/wp\/v2\/posts\/641103","targetHints":{"allow":["GET"]}}],"collection":[{"href":"https:\/\/diariodominicano.com\/index.php?rest_route=\/wp\/v2\/posts"}],"about":[{"href":"https:\/\/diariodominicano.com\/index.php?rest_route=\/wp\/v2\/types\/post"}],"author":[{"embeddable":true,"href":"https:\/\/diariodominicano.com\/index.php?rest_route=\/wp\/v2\/users\/2"}],"replies":[{"embeddable":true,"href":"https:\/\/diariodominicano.com\/index.php?rest_route=%2Fwp%2Fv2%2Fcomments&post=641103"}],"version-history":[{"count":1,"href":"https:\/\/diariodominicano.com\/index.php?rest_route=\/wp\/v2\/posts\/641103\/revisions"}],"predecessor-version":[{"id":641105,"href":"https:\/\/diariodominicano.com\/index.php?rest_route=\/wp\/v2\/posts\/641103\/revisions\/641105"}],"wp:featuredmedia":[{"embeddable":true,"href":"https:\/\/diariodominicano.com\/index.php?rest_route=\/wp\/v2\/media\/641104"}],"wp:attachment":[{"href":"https:\/\/diariodominicano.com\/index.php?rest_route=%2Fwp%2Fv2%2Fmedia&parent=641103"}],"wp:term":[{"taxonomy":"category","embeddable":true,"href":"https:\/\/diariodominicano.com\/index.php?rest_route=%2Fwp%2Fv2%2Fcategories&post=641103"},{"taxonomy":"post_tag","embeddable":true,"href":"https:\/\/diariodominicano.com\/index.php?rest_route=%2Fwp%2Fv2%2Ftags&post=641103"}],"curies":[{"name":"wp","href":"https:\/\/api.w.org\/{rel}","templated":true}]}}