{"id":641007,"date":"2025-09-30T19:43:38","date_gmt":"2025-09-30T23:43:38","guid":{"rendered":"https:\/\/diariodominicano.com\/?p=641007"},"modified":"2025-09-30T19:43:43","modified_gmt":"2025-09-30T23:43:43","slug":"senado-aprueba-a-unanimidad-y-en-primera-lectura-modificacion-al-codigo-de-trabajo","status":"publish","type":"post","link":"https:\/\/diariodominicano.com\/?p=641007","title":{"rendered":"Senado aprueba a unanimidad y\u00a0 en primera lectura modificaci\u00f3n al C\u00f3digo de Trabajo"},"content":{"rendered":"\n<p><strong>Santo Domingo. El Senado de la Rep\u00fablica aprob\u00f3 en primera lectura el proyecto de ley org\u00e1nica que modifica a la Ley1 6-92, que aprueba el C\u00f3digo de Trabajo, normativa que tiene la finalidad de adaptar el marco legal al mercado laboral actual y los avances de la tecnolog\u00eda a las necesidades de trabajadores y empleadores.<\/strong><\/p>\n\n\n\n<p><strong>Esta novedosa propuesta legislativa fue presentada al pleno por los senadores Manuel Rodr\u00edguez, Crist\u00f3bal Venerado Castillo, Julito Fulcar, Mar\u00eda Mercedes Ortiz, Johnson Encarnaci\u00f3n D\u00edaz y Secundino Vel\u00e1zquez, fue sancionada con una votaci\u00f3n de 29 senadores presentes en los trabajos de este martes.<\/strong><\/p>\n\n\n\n<p><strong>El presidente de la Comisi\u00f3n Especial encargada del estudio de la pieza, Rafael Bar\u00f3n Duluc, present\u00f3 un informe favorable al Pleno Senatorial y solicit\u00f3 que el mismo sea incluido en la orden d\u00eda de la presente sesi\u00f3n.<\/strong><\/p>\n\n\n\n<figure class=\"wp-block-image\"><img decoding=\"async\" src=\"https:\/\/diariodominicano.com\/wp-content\/uploads\/2025\/09\/Senado-aprueba-a-unanimidad-y-en-primera-lectura-modificacion-al-Codigo-de-Trabajo-1-1024x682.jpeg\" alt=\"\"\/><\/figure>\n\n\n\n<p><strong>La normativa presenta un cambio estructural y de paradigma del derecho laboral en la Rep\u00fablica Dominicana. En esta reforma se destacan elementos como la reorganizaci\u00f3n sistem\u00e1tica y un lenguaje adaptado a los est\u00e1ndares internacionales.<\/strong><\/p>\n\n\n\n<p><strong>Del mismo modo, bajo este r\u00e9gimen jur\u00eddico, se flexibiliza la jornada laboral, permitiendo modalidades y acuerdos satisfactorios para trabajadores y empleadores.<\/strong><\/p>\n\n\n\n<p><strong>El novedoso dispositivo legislativo, reconoce el trabajo a distancia, con garant\u00edas como el derecho a la desconexi\u00f3n y la igualdad entre empleados, limitando la afectaci\u00f3n de la relaci\u00f3n laboral por motivos discriminatorios.<\/strong><\/p>\n\n\n\n<p><strong>Por otro lado, son reforzados los derechos colectivos y sindicales, contemplando la organizaci\u00f3n sin intervenci\u00f3n del empleador, protecci\u00f3n contra actos antisindicales, el derecho a la negociaci\u00f3n colectiva y al di\u00e1logo amplio. De este modo, el nuevo marco normativo contribuye a la creaci\u00f3n de relaciones laborales m\u00e1s justas e inclusivas, teniendo un enfoque en derechos, sin perder productividad y competitividad en el mercado dominicano.<\/strong><\/p>\n\n\n\n<p><strong>En los trabajos legislativos de este martes, el Pleno del Senado conoci\u00f3 en primera lectura el proyecto de ley que declara el 8 de febrero de cada a\u00f1o como \u00abD\u00eda Nacional del Ginec\u00f3logo Obstetra Dominicano, remitido por la C\u00e1mara de Diputados.<\/strong><\/p>\n\n\n\n<p><strong>Tambi\u00e9n, fue aprobado el proyecto de ley que declara el 3 de julio de cada a\u00f1o como D\u00eda del Decoro Nacional y declara Patrimonio Monumental de la Naci\u00f3n el monumento en honor a los h\u00e9roes de La Barranquita. Esta pieza legislativa fue presenta por el senador Odalis Rafael Rodr\u00edguez.<\/strong><\/p>\n\n\n\n<p><strong>En primera lectura fue aprobado el proyecto de ley que declara el d\u00eda 7 de junio de cada a\u00f1o como \u201cD\u00eda Nacional del M\u00e9dico Neonat\u00f3logo Dominicano\u201d, presentado por la diputada Geovanny Ventura Rivera.<\/strong><\/p>\n\n\n\n<p><strong>Resoluciones<\/strong><\/p>\n\n\n\n<p><strong>Los senadores sancionaron en \u00fanica lectura el proyecto de ley que incluye en el curr\u00edculo estudiantil de la Educaci\u00f3n Primaria y Secundaria, del Sistema Educativo Dominicano, la asignatura sobre prevenci\u00f3n de consumo de drogas il\u00edcitas y sus delitos relacionados, iniciativa presentada por el senador F\u00e9lix Ram\u00f3n Bautista.<\/strong><\/p>\n\n\n\n<p><strong>Tambi\u00e9n, fueron aprobadas varias resoluciones, entre estas, la que solicita a la directora del Instituto Nacional de Atenci\u00f3n Integral a la Primera Infancia (INAIPI), Josefa Castillo, que instale un Centro de Atenci\u00f3n a la Primera Infancia (CAIPI) en el distrito municipal de la Otra Banda, municipio de Hig\u00fcey, de la provincia La Altagracia. Iniciativa presentada por el senador Rafael Bar\u00f3n Duluc Rijo.<\/strong><\/p>\n\n\n\n<p><strong>Adem\u00e1s, se aprob\u00f3 la resoluci\u00f3n que reconoce a la profesora Soledad \u00c1lvarez, por su destacada trayectoria filos\u00f3fica y literaria, y sus valiosos aportes a la literatura y la poes\u00eda dominicana, propuesta del senador Carlos Manuel G\u00f3mez.<\/strong><\/p>\n\n\n\n<p><strong>En \u00fanica lectura, fue sancionada la resoluci\u00f3n que reconoce p\u00f3stumamente a Juan Ulises Garc\u00eda Saleta (Wiche) por su destacada trayectoria y sus aportes al desarrollo del olimpismo y del deporte dominicano, propuesta legislativa de los senadores Omar Fern\u00e1ndez y Ginnette Bournigal.<\/strong><\/p>\n\n\n\n<p><strong>De igual manera, fue sancionada la resoluci\u00f3n que solicita al director del Instituto Nacional de Formaci\u00f3n T\u00e9cnico Profesional (INFOTEP), Rafael Santos, la instalaci\u00f3n de un Centro de formaci\u00f3n de esa instituci\u00f3n, en el municipio de Hato Mayor, provincia de Hato Mayor, propuesta del senador Crist\u00f3bal Venerado.<\/strong><\/p>\n\n\n\n<p><strong>Otra iniciativa conocida fue la resoluci\u00f3n que respalda el Plan Estrat\u00e9gico de Desarrollo Sostenible de la provincia de Peravia 2025-2055, propuesta del senador Julito Fulcar Encarnaci\u00f3n.<\/strong><\/p>\n\n\n\n<p><strong>Adem\u00e1s, se aprob\u00f3 la resoluci\u00f3n que reconoce, de manera p\u00f3stuma, Carlos Rafael Goico Morales, por sus aportes, tanto a su pueblo natal El Seibo, como a la sociedad dominicana. Proponente: senador Santiago Jos\u00e9 Zorrilla.<\/strong><\/p>\n\n\n\n<p><strong>El Pleno ratific\u00f3 los nombramientos diplom\u00e1ticos de Iris Joseline Pujol Rodr\u00edguez, como embajadora en la Rep\u00fablica de Polonia; y a V\u00edctor Valdemar Su\u00e1rez D\u00edaz, como Embajador ante la soberana y militar orden hospitalaria de San Juan de Jerusal\u00e9n de Rodas y de Malta, ante la Santa Sede, iniciativa remitida por el Poder Ejecutivo.<\/strong><\/p>\n\n\n\n<p><strong>Los legisladores honraron con un minuto de silencio la memoria del ex presidente de la Junta Central Electoral, Juan Sully Bonnelly; as\u00ed como por los j\u00f3venes Diego Armando Cris\u00f3stomo, Mauricio Tav\u00e1rez, Diego Rodr\u00edguez y Diego Armando Crisostomo,&nbsp; quienes fallecieron a causa de un accidente de tr\u00e1nsito en la ciudad de Santiago.<\/strong><\/p>\n\n\n\n<p><strong>Tambi\u00e9n se honr\u00f3 las memorias de C\u00e9sar Gil, y C\u00e9sar Emilio V\u00e9lez, y de Leonardo G\u00f3mez, quien falleci\u00f3 v\u00edctima del derrumbe en el puente Pablo Guzm\u00e1n a causa de las lluvias.<\/strong><\/p>\n\n\n\n<p><strong>Senado<\/strong><\/p>\n\n\n\n<ul class=\"wp-block-list\">\n<li><\/li>\n<\/ul>\n","protected":false},"excerpt":{"rendered":"<p>Santo Domingo. El Senado de la Rep\u00fablica aprob\u00f3 en primera lectura el proyecto de ley org\u00e1nica que modifica a la Ley1 6-92, que aprueba el C\u00f3digo de Trabajo, normativa que tiene la finalidad de adaptar el marco legal al mercado laboral actual y los avances de la tecnolog\u00eda a las necesidades de trabajadores y empleadores. [&hellip;]<\/p>\n","protected":false},"author":7,"featured_media":641023,"comment_status":"closed","ping_status":"closed","sticky":false,"template":"","format":"standard","meta":{"footnotes":""},"categories":[36,24],"tags":[2359],"class_list":["post-641007","post","type-post","status-publish","format-standard","has-post-thumbnail","hentry","category-hombresmujeresycosas","category-justicia-y-derecho","tag-senado"],"_links":{"self":[{"href":"https:\/\/diariodominicano.com\/index.php?rest_route=\/wp\/v2\/posts\/641007","targetHints":{"allow":["GET"]}}],"collection":[{"href":"https:\/\/diariodominicano.com\/index.php?rest_route=\/wp\/v2\/posts"}],"about":[{"href":"https:\/\/diariodominicano.com\/index.php?rest_route=\/wp\/v2\/types\/post"}],"author":[{"embeddable":true,"href":"https:\/\/diariodominicano.com\/index.php?rest_route=\/wp\/v2\/users\/7"}],"replies":[{"embeddable":true,"href":"https:\/\/diariodominicano.com\/index.php?rest_route=%2Fwp%2Fv2%2Fcomments&post=641007"}],"version-history":[{"count":1,"href":"https:\/\/diariodominicano.com\/index.php?rest_route=\/wp\/v2\/posts\/641007\/revisions"}],"predecessor-version":[{"id":641028,"href":"https:\/\/diariodominicano.com\/index.php?rest_route=\/wp\/v2\/posts\/641007\/revisions\/641028"}],"wp:featuredmedia":[{"embeddable":true,"href":"https:\/\/diariodominicano.com\/index.php?rest_route=\/wp\/v2\/media\/641023"}],"wp:attachment":[{"href":"https:\/\/diariodominicano.com\/index.php?rest_route=%2Fwp%2Fv2%2Fmedia&parent=641007"}],"wp:term":[{"taxonomy":"category","embeddable":true,"href":"https:\/\/diariodominicano.com\/index.php?rest_route=%2Fwp%2Fv2%2Fcategories&post=641007"},{"taxonomy":"post_tag","embeddable":true,"href":"https:\/\/diariodominicano.com\/index.php?rest_route=%2Fwp%2Fv2%2Ftags&post=641007"}],"curies":[{"name":"wp","href":"https:\/\/api.w.org\/{rel}","templated":true}]}}