{"id":640983,"date":"2025-09-30T15:59:48","date_gmt":"2025-09-30T19:59:48","guid":{"rendered":"https:\/\/diariodominicano.com\/?p=640983"},"modified":"2025-10-01T01:36:37","modified_gmt":"2025-10-01T05:36:37","slug":"ricardo-de-los-santos-gestiona-solucion-a-problematica-agua-en-sanchez-ramirez","status":"publish","type":"post","link":"https:\/\/diariodominicano.com\/?p=640983","title":{"rendered":"Presidente del Senado Ricardo de los Santos gestiona soluci\u00f3n a problem\u00e1tica de agua en S\u00e1nchez Ram\u00edrez"},"content":{"rendered":"\n<p>SANTO DOMINGO, RD. \u2013 El presidente del Senado de la Rep\u00fablica, Ricardo de los Santos, se comprometi\u00f3 el martes a seguir trabajando en buscar soluciones a la escasez del agua potable que afecta a varias comunidades de las provincias S\u00e1nchez Ram\u00edrez y La Vega.<\/p>\n\n\n\n<p>El compromiso se ratific\u00f3 en el marco de un productivo encuentro que sostuvo el presidente de la C\u00e1mara Alta con el ingeniero Luis Popa, director de operaciones del Instituto Nacional de Aguas Potables y Alcantarillados (INAPA), y en el que estuvo acompa\u00f1ado del senador Ram\u00f3n Rogelio Genao, representante de La Vega.<\/p>\n\n\n\n<p>En el encuentro se avanz\u00f3 en dar seguimiento a los trabajos de planificaci\u00f3n y ejecuci\u00f3n de las soluciones de agua potable para las comunidades m\u00e1s afectadas por la escasez de agua como son: Jima, correspondiente a La Vega; y Fantino, correspondiente a S\u00e1nchez Ram\u00edrez.<\/p>\n","protected":false},"excerpt":{"rendered":"<p>SANTO DOMINGO, RD. \u2013 El presidente del Senado de la Rep\u00fablica, Ricardo de los Santos, se comprometi\u00f3 el martes a seguir trabajando en buscar soluciones a la escasez del agua potable que afecta a varias comunidades de las provincias S\u00e1nchez Ram\u00edrez y La Vega. El compromiso se ratific\u00f3 en el marco de un productivo encuentro [&hellip;]<\/p>\n","protected":false},"author":7,"featured_media":641001,"comment_status":"closed","ping_status":"closed","sticky":false,"template":"","format":"standard","meta":{"footnotes":""},"categories":[20,22],"tags":[2359],"class_list":["post-640983","post","type-post","status-publish","format-standard","has-post-thumbnail","hentry","category-dominicana-hoy","category-politica","tag-senado"],"_links":{"self":[{"href":"https:\/\/diariodominicano.com\/index.php?rest_route=\/wp\/v2\/posts\/640983","targetHints":{"allow":["GET"]}}],"collection":[{"href":"https:\/\/diariodominicano.com\/index.php?rest_route=\/wp\/v2\/posts"}],"about":[{"href":"https:\/\/diariodominicano.com\/index.php?rest_route=\/wp\/v2\/types\/post"}],"author":[{"embeddable":true,"href":"https:\/\/diariodominicano.com\/index.php?rest_route=\/wp\/v2\/users\/7"}],"replies":[{"embeddable":true,"href":"https:\/\/diariodominicano.com\/index.php?rest_route=%2Fwp%2Fv2%2Fcomments&post=640983"}],"version-history":[{"count":4,"href":"https:\/\/diariodominicano.com\/index.php?rest_route=\/wp\/v2\/posts\/640983\/revisions"}],"predecessor-version":[{"id":641049,"href":"https:\/\/diariodominicano.com\/index.php?rest_route=\/wp\/v2\/posts\/640983\/revisions\/641049"}],"wp:featuredmedia":[{"embeddable":true,"href":"https:\/\/diariodominicano.com\/index.php?rest_route=\/wp\/v2\/media\/641001"}],"wp:attachment":[{"href":"https:\/\/diariodominicano.com\/index.php?rest_route=%2Fwp%2Fv2%2Fmedia&parent=640983"}],"wp:term":[{"taxonomy":"category","embeddable":true,"href":"https:\/\/diariodominicano.com\/index.php?rest_route=%2Fwp%2Fv2%2Fcategories&post=640983"},{"taxonomy":"post_tag","embeddable":true,"href":"https:\/\/diariodominicano.com\/index.php?rest_route=%2Fwp%2Fv2%2Ftags&post=640983"}],"curies":[{"name":"wp","href":"https:\/\/api.w.org\/{rel}","templated":true}]}}