{"id":640945,"date":"2025-09-30T12:54:41","date_gmt":"2025-09-30T16:54:41","guid":{"rendered":"https:\/\/diariodominicano.com\/?p=640945"},"modified":"2025-09-30T12:54:46","modified_gmt":"2025-09-30T16:54:46","slug":"alcalde-ulises-rodriguez-detalla-construccion-del-hospedaje-yaque-en-santiago","status":"publish","type":"post","link":"https:\/\/diariodominicano.com\/?p=640945","title":{"rendered":"Alcalde Ulises Rodr\u00edguez detalla construcci\u00f3n del Hospedaje Yaque en Santiago"},"content":{"rendered":"\n<p>Santiago de los Caballeros. \u2013 El alcalde Ulises Rodr\u00edguez ofreci\u00f3 este lunes detalles sobre el proyecto de construcci\u00f3n del Hospedaje Yaque, una obra de gran impacto social y econ\u00f3mico para la ciudad, con una inversi\u00f3n de 470 millones de pesos.<\/p>\n\n\n\n<p>Rodr\u00edguez explic\u00f3 que el proyecto ser\u00e1 sometido a licitaci\u00f3n en aproximadamente cuatro semanas y que todo el proceso se publicar\u00e1 en la p\u00e1gina oficial para garantizar transparencia. La obra contempla un edificio de tres niveles, dise\u00f1ado para reubicar y organizar a los comerciantes y vendedores que actualmente ocupan las \u00e1reas externas del inmueble, lo que ha generado obstrucci\u00f3n en las v\u00edas circundantes.<\/p>\n\n\n\n<figure class=\"wp-block-image size-large\"><img loading=\"lazy\" decoding=\"async\" width=\"1024\" height=\"683\" src=\"https:\/\/diariodominicano.com\/wp-content\/uploads\/2025\/09\/Hospedaje-Yaque-72a31d7a-93af-4596-a5d5-bdb7a919f274-1024x683.jpeg\" alt=\"\" class=\"wp-image-640947\" srcset=\"https:\/\/diariodominicano.com\/wp-content\/uploads\/2025\/09\/Hospedaje-Yaque-72a31d7a-93af-4596-a5d5-bdb7a919f274-1024x683.jpeg 1024w, https:\/\/diariodominicano.com\/wp-content\/uploads\/2025\/09\/Hospedaje-Yaque-72a31d7a-93af-4596-a5d5-bdb7a919f274-300x200.jpeg 300w, https:\/\/diariodominicano.com\/wp-content\/uploads\/2025\/09\/Hospedaje-Yaque-72a31d7a-93af-4596-a5d5-bdb7a919f274-768x512.jpeg 768w, https:\/\/diariodominicano.com\/wp-content\/uploads\/2025\/09\/Hospedaje-Yaque-72a31d7a-93af-4596-a5d5-bdb7a919f274-1536x1024.jpeg 1536w, https:\/\/diariodominicano.com\/wp-content\/uploads\/2025\/09\/Hospedaje-Yaque-72a31d7a-93af-4596-a5d5-bdb7a919f274-2048x1365.jpeg 2048w, https:\/\/diariodominicano.com\/wp-content\/uploads\/2025\/09\/Hospedaje-Yaque-72a31d7a-93af-4596-a5d5-bdb7a919f274-816x544.jpeg 816w\" sizes=\"auto, (max-width: 1024px) 100vw, 1024px\" \/><\/figure>\n\n\n\n<p>\u201cCon este proyecto vamos a garantizar espacios suficientes para todos los que hoy operan en el entorno. Queremos que el nuevo Hospedaje Yaque sea un centro digno, moderno y seguro para comerciantes y visitantes\u201d, expres\u00f3 el alcalde.<\/p>\n\n\n\n<p>El edil destac\u00f3 adem\u00e1s que, en cumplimiento con lo planteado por el presidente Luis Abinader, se han iniciado conversaciones con los diferentes actores de la zona para asegurar un proceso participativo. Entre estos figuran vendedores informales, comerciantes establecidos y due\u00f1os de negocios tradicionales con d\u00e9cadas de actividad en el lugar.<\/p>\n\n\n\n<p>Rodr\u00edguez subray\u00f3 la importancia del di\u00e1logo social para el \u00e9xito del proyecto, se\u00f1alando que se busca un consenso que permita minimizar los impactos y garantizar que todos los sectores est\u00e9n incluidos en la transformaci\u00f3n del espacio.<\/p>\n\n\n\n<p>Los anuncios fueron realizados durante la acostumbrada jornada \u201cLa Semanal con la Prensa\u201d, encabezada por el presidente Luis Abinader, que en esta ocasi\u00f3n tuvo como sede la ciudad de Santiago de los Caballeros.<\/p>\n\n\n\n<p>Direcci\u00f3n de Comunicaci\u00f3n y Prensa del Ayuntamiento de Santiago.<\/p>\n\n\n\n<p>Santiago de los Caballeros, 30 de septiembre de 2025<\/p>\n\n\n\n<p>Direcci\u00f3n de Comunicaciones Ayuntamiento Santiago<\/p>\n\n\n\n<p><a target=\"_blank\" href=\"mailto:comunicaciones@ayuntamientosantiago.gob.do\" rel=\"noreferrer noopener\">comunicaciones@ayuntamien<\/a><\/p>\n","protected":false},"excerpt":{"rendered":"<p>Santiago de los Caballeros. \u2013 El alcalde Ulises Rodr\u00edguez ofreci\u00f3 este lunes detalles sobre el proyecto de construcci\u00f3n del Hospedaje Yaque, una obra de gran impacto social y econ\u00f3mico para la ciudad, con una inversi\u00f3n de 470 millones de pesos. Rodr\u00edguez explic\u00f3 que el proyecto ser\u00e1 sometido a licitaci\u00f3n en aproximadamente cuatro semanas y que [&hellip;]<\/p>\n","protected":false},"author":2,"featured_media":640946,"comment_status":"closed","ping_status":"closed","sticky":false,"template":"","format":"standard","meta":{"footnotes":""},"categories":[20,18],"tags":[],"class_list":["post-640945","post","type-post","status-publish","format-standard","has-post-thumbnail","hentry","category-dominicana-hoy","category-economia"],"_links":{"self":[{"href":"https:\/\/diariodominicano.com\/index.php?rest_route=\/wp\/v2\/posts\/640945","targetHints":{"allow":["GET"]}}],"collection":[{"href":"https:\/\/diariodominicano.com\/index.php?rest_route=\/wp\/v2\/posts"}],"about":[{"href":"https:\/\/diariodominicano.com\/index.php?rest_route=\/wp\/v2\/types\/post"}],"author":[{"embeddable":true,"href":"https:\/\/diariodominicano.com\/index.php?rest_route=\/wp\/v2\/users\/2"}],"replies":[{"embeddable":true,"href":"https:\/\/diariodominicano.com\/index.php?rest_route=%2Fwp%2Fv2%2Fcomments&post=640945"}],"version-history":[{"count":1,"href":"https:\/\/diariodominicano.com\/index.php?rest_route=\/wp\/v2\/posts\/640945\/revisions"}],"predecessor-version":[{"id":640948,"href":"https:\/\/diariodominicano.com\/index.php?rest_route=\/wp\/v2\/posts\/640945\/revisions\/640948"}],"wp:featuredmedia":[{"embeddable":true,"href":"https:\/\/diariodominicano.com\/index.php?rest_route=\/wp\/v2\/media\/640946"}],"wp:attachment":[{"href":"https:\/\/diariodominicano.com\/index.php?rest_route=%2Fwp%2Fv2%2Fmedia&parent=640945"}],"wp:term":[{"taxonomy":"category","embeddable":true,"href":"https:\/\/diariodominicano.com\/index.php?rest_route=%2Fwp%2Fv2%2Fcategories&post=640945"},{"taxonomy":"post_tag","embeddable":true,"href":"https:\/\/diariodominicano.com\/index.php?rest_route=%2Fwp%2Fv2%2Ftags&post=640945"}],"curies":[{"name":"wp","href":"https:\/\/api.w.org\/{rel}","templated":true}]}}