{"id":640906,"date":"2025-09-30T04:11:48","date_gmt":"2025-09-30T08:11:48","guid":{"rendered":"https:\/\/diariodominicano.com\/?p=640906"},"modified":"2025-09-30T04:13:32","modified_gmt":"2025-09-30T08:13:32","slug":"abinader-anuncia-que-la-republica-dominicana-ha-sido-ascendida-en-la-categoria-del-reporte-de-trata-de-personas-emitido-por-el-departamento-de-estado-de-los-estados-unidos","status":"publish","type":"post","link":"https:\/\/diariodominicano.com\/?p=640906","title":{"rendered":"Presidente Abinader\u00a0anuncia Rep\u00fablica Dominicana es ascendida en la categor\u00eda del reporte de trata de personas\u00a0emitido por el Departamento de Estado de los Estados Unidos"},"content":{"rendered":"\n<h3 class=\"wp-block-heading\">Departamento de Estado reconoce esfuerzo del gobierno en esa materia<\/h3>\n\n\n\n<p>29 de Septiembre 2025 <\/p>\n\n\n\n<figure class=\"wp-block-image\"><img decoding=\"async\" src=\"https:\/\/platform-cdn.sharethis.com\/img\/facebook.svg\" alt=\"facebook sharing button\"\/><\/figure>\n\n\n\n<figure class=\"wp-block-image\"><img decoding=\"async\" src=\"https:\/\/platform-cdn.sharethis.com\/img\/sharethis.svg\" alt=\"sharethis sharing button\"\/><\/figure>\n\n\n\n<p>Santiago, RD.-\u00a0<strong>El presidente Luis Abinader<\/strong>\u00a0anunci\u00f3\u2002el lunes que la Rep\u00fablica Dominicana ha sido\u00a0<strong>ascendida en la categor\u00eda del reporte de trata de personas<\/strong>\u00a0emitido por el Departamento de Estado de los Estados Unidos. Este ascenso es un reconocimiento\u00a0<strong>al trabajo eficaz y la coordinaci\u00f3n<\/strong>\u00a0entre ambos pa\u00edses en la lucha contra la trata de personas.<\/p>\n\n\n\n<p>Seg\u00fan el presidente Abinader, el informe destaca el&nbsp;<strong>esfuerzo conjunto entre la Rep\u00fablica Dominicana y Estados Unidos<\/strong>&nbsp;para combatir este flagelo.&nbsp;<\/p>\n\n\n\n<p>Estas declaraciones las ofreci\u00f3 el mandatario durante&nbsp;<strong>LA Semanal con la Prensa<\/strong>, realizada esta vez en la&nbsp;<strong>ca\u00f1ada de Gurabo.<\/strong><\/p>\n\n\n\n<p><em>\u00abEste reconocimiento es un testimonio del compromiso y la colaboraci\u00f3n entre nuestros pa\u00edses para proteger los derechos humanos y prevenir la trata de personas\u00bb, expres\u00f3 el mandatario.<\/em><\/p>\n\n\n\n<p>El presidente Abinader destac\u00f3 que este logro es fruto del trabajo arduo y la coordinaci\u00f3n efectiva entre las&nbsp;<strong>instituciones dominicanas y estadounidenses&nbsp;<\/strong>dedicadas a combatir la trata de personas.<em>&nbsp;\u00abLa Rep\u00fablica Dominicana sigue trabajando para fortalecer sus pol\u00edticas y programas de prevenci\u00f3n y atenci\u00f3n a las v\u00edctimas de trata\u00bb.<\/em><\/p>\n\n\n\n<p>Este ascenso en la categor\u00eda es un reconocimiento importante para la Rep\u00fablica Dominicana y refleja el\u00a0<strong>compromiso del Gobierno<\/strong>\u00a0con la lucha contra la trata de personas.<\/p>\n\n\n\n<p>Con informaci\u00f3n de la Presidencia de la Rep\u00fablica Dominicana.<\/p>\n\n\n\n<p>#Abinader\u2003\u2003\u2003\u2003\u2003 #Estados Unidos<\/p>\n\n\n\n<p><\/p>\n","protected":false},"excerpt":{"rendered":"<p>Departamento de Estado reconoce esfuerzo del gobierno en esa materia 29 de Septiembre 2025 Santiago, RD.-\u00a0El presidente Luis Abinader\u00a0anunci\u00f3\u2002el lunes que la Rep\u00fablica Dominicana ha sido\u00a0ascendida en la categor\u00eda del reporte de trata de personas\u00a0emitido por el Departamento de Estado de los Estados Unidos. Este ascenso es un reconocimiento\u00a0al trabajo eficaz y la coordinaci\u00f3n\u00a0entre ambos [&hellip;]<\/p>\n","protected":false},"author":2,"featured_media":640907,"comment_status":"closed","ping_status":"closed","sticky":false,"template":"","format":"standard","meta":{"footnotes":""},"categories":[20,29,27],"tags":[],"class_list":["post-640906","post","type-post","status-publish","format-standard","has-post-thumbnail","hentry","category-dominicana-hoy","category-policiasucesos","category-portada"],"_links":{"self":[{"href":"https:\/\/diariodominicano.com\/index.php?rest_route=\/wp\/v2\/posts\/640906","targetHints":{"allow":["GET"]}}],"collection":[{"href":"https:\/\/diariodominicano.com\/index.php?rest_route=\/wp\/v2\/posts"}],"about":[{"href":"https:\/\/diariodominicano.com\/index.php?rest_route=\/wp\/v2\/types\/post"}],"author":[{"embeddable":true,"href":"https:\/\/diariodominicano.com\/index.php?rest_route=\/wp\/v2\/users\/2"}],"replies":[{"embeddable":true,"href":"https:\/\/diariodominicano.com\/index.php?rest_route=%2Fwp%2Fv2%2Fcomments&post=640906"}],"version-history":[{"count":3,"href":"https:\/\/diariodominicano.com\/index.php?rest_route=\/wp\/v2\/posts\/640906\/revisions"}],"predecessor-version":[{"id":640910,"href":"https:\/\/diariodominicano.com\/index.php?rest_route=\/wp\/v2\/posts\/640906\/revisions\/640910"}],"wp:featuredmedia":[{"embeddable":true,"href":"https:\/\/diariodominicano.com\/index.php?rest_route=\/wp\/v2\/media\/640907"}],"wp:attachment":[{"href":"https:\/\/diariodominicano.com\/index.php?rest_route=%2Fwp%2Fv2%2Fmedia&parent=640906"}],"wp:term":[{"taxonomy":"category","embeddable":true,"href":"https:\/\/diariodominicano.com\/index.php?rest_route=%2Fwp%2Fv2%2Fcategories&post=640906"},{"taxonomy":"post_tag","embeddable":true,"href":"https:\/\/diariodominicano.com\/index.php?rest_route=%2Fwp%2Fv2%2Ftags&post=640906"}],"curies":[{"name":"wp","href":"https:\/\/api.w.org\/{rel}","templated":true}]}}